{"id":37714,"date":"2022-01-07T21:05:24","date_gmt":"2022-01-07T20:05:24","guid":{"rendered":"https:\/\/zonenklaus.de\/wordpress\/?p=37714"},"modified":"2022-01-10T00:36:42","modified_gmt":"2022-01-09T23:36:42","slug":"sidney-poitier-geht-nicht-mehr-einkaufen","status":"publish","type":"post","link":"https:\/\/zonenklaus.de\/wordpress\/?p=37714","title":{"rendered":"Sidney Poitier geht nicht mehr einkaufen"},"content":{"rendered":"<p>Hatte bis zu dem Zeitpunkt, wo er sich etwas emanzipiert, ein sehr gespaltenes Verh\u00e4ltnis.<br \/>\nF\u00fcr mich geh\u00f6rte er zu der Riege von <i>Renommier-Niggern<\/i> aus dem Amiland, die sich auch noch recht d\u00fcmmlich im Ostblock verheizen lie\u00dfen. Fanden wir es immer zum Kotzen, weil unsereins niemals in den Genuss kam, entsprechende Stare live erleben zu k\u00f6nnen. H\u00e4tte gern, zu meinen Halbstarkenzeiten, mal ein Konzert von <i>Harry Belafonte<\/i> oder <i>Louis Armstrong <\/i>besucht.<br \/>\nBis hin zum Ableben der Zone hatten jene<a href=\"https:\/\/zonenklaus.de\/wordpress\/?p=18157\"> idiotischen <i>Kulturfuzzis<\/i> <\/a>ihr Spielchen weiter betrieben. F\u00fcr Fernsehaufzeichnungen wurden Offizierssch\u00fcler, Stasid\u00fcmmlinge und anderes Pack bem\u00fcht. Hat man heute nicht mehr n\u00f6tig, allerdings ist die jetzige <i>Kulturlusche<\/i> in Berlin, auch aus solchem Holz geschnitzt.<br \/>\nDabei sollte es verboten werden, solcherart Funktion\u00e4r aus roten, \u00fcber braunen, bis hin zu schwarze Gefilden, sich in Kultur austoben zulassen. Wobei der <i>nebolschewistische Wruggenkopp<\/i>, nebenher noch<i> eine ganz wichtige Quote<\/i> erf\u00fcllen musste, weil er vom anderen <i>Bahnsteig<\/i> kommt&#8230;<br \/>\nPoitier mochte ich trotz seiner Aura, zumindest seine Darstellungen in den Hollywoodschinken, wobei \u201e<a href=\"https:\/\/de.wikipedia.org\/wiki\/Flucht_in_Ketten\">Flucht in Ketten<\/a>\u201c, genauso \u201e<a href=\"https:\/\/www.br.de\/mediathek\/video\/in-der-hitze-der-nacht-in-der-hitze-der-nacht-av:5cf101cec6ded50013395838\">In der Hitze der Nacht<\/a>\u201c, typisch tr\u00e4nendr\u00fcsig ausgingen. Darauf h\u00e4tte man in beiden Filmen verzichten sollen, da zum Schluss alles doch wieder, in dem rassistisch gepr\u00e4gten Land, zu einer typisch US-Amerikanisch verkl\u00e4rten Farce abglitt. Wo nichts weiter \u00fcbrig blieb &#8211; so sind sie halt die Amis!<br \/>\n<a href=\"https:\/\/www.t-online.de\/unterhaltung\/stars\/id_91443682\/zum-tod-von-sidney-poitier-der-mann-der-weisse-rassisten-ins-leere-laufen-liess.html\"><i>t-online<\/i><\/a> sieht es nat\u00fcrlich ganz anders. Da sie die ewig kurzsichti\u00adgen Plebse entsprechend hofieren m\u00fcssen, weil die tr\u00e4ge Masse sehr gern entsprechend vorgekauten gutmenschelnden Medienschleim frisst.<br \/>\nFast h\u00e4tte ich es vergessen, \u00fcber der <i>antirassistischen <\/i>Poitier\/Steiger-Schmonzette, thront nat\u00fcrlich Ray Charles mit seinem <a href=\"https:\/\/www.youtube.com\/watch?v=Va1cNEBu7ZE\">gigantischen Gesang<\/a>!<\/p>\n","protected":false},"excerpt":{"rendered":"<p>Hatte bis zu dem Zeitpunkt, wo er sich etwas emanzipiert, ein sehr gespaltenes Verh\u00e4ltnis. F\u00fcr mich geh\u00f6rte er zu der Riege von Renommier-Niggern aus dem Amiland, die sich auch noch recht d\u00fcmmlich im Ostblock verheizen lie\u00dfen. Fanden wir es immer zum Kotzen, weil unsereins niemals in den Genuss kam, entsprechende Stare live erleben zu k\u00f6nnen. [&hellip;]<\/p>\n","protected":false},"author":6,"featured_media":0,"comment_status":"open","ping_status":"open","sticky":false,"template":"","format":"standard","meta":{"footnotes":""},"categories":[38],"tags":[],"class_list":["post-37714","post","type-post","status-publish","format-standard","hentry","category-in-den-ewigen-jagdgrunden"],"_links":{"self":[{"href":"https:\/\/zonenklaus.de\/wordpress\/index.php?rest_route=\/wp\/v2\/posts\/37714","targetHints":{"allow":["GET"]}}],"collection":[{"href":"https:\/\/zonenklaus.de\/wordpress\/index.php?rest_route=\/wp\/v2\/posts"}],"about":[{"href":"https:\/\/zonenklaus.de\/wordpress\/index.php?rest_route=\/wp\/v2\/types\/post"}],"author":[{"embeddable":true,"href":"https:\/\/zonenklaus.de\/wordpress\/index.php?rest_route=\/wp\/v2\/users\/6"}],"replies":[{"embeddable":true,"href":"https:\/\/zonenklaus.de\/wordpress\/index.php?rest_route=%2Fwp%2Fv2%2Fcomments&post=37714"}],"version-history":[{"count":3,"href":"https:\/\/zonenklaus.de\/wordpress\/index.php?rest_route=\/wp\/v2\/posts\/37714\/revisions"}],"predecessor-version":[{"id":37716,"href":"https:\/\/zonenklaus.de\/wordpress\/index.php?rest_route=\/wp\/v2\/posts\/37714\/revisions\/37716"}],"wp:attachment":[{"href":"https:\/\/zonenklaus.de\/wordpress\/index.php?rest_route=%2Fwp%2Fv2%2Fmedia&parent=37714"}],"wp:term":[{"taxonomy":"category","embeddable":true,"href":"https:\/\/zonenklaus.de\/wordpress\/index.php?rest_route=%2Fwp%2Fv2%2Fcategories&post=37714"},{"taxonomy":"post_tag","embeddable":true,"href":"https:\/\/zonenklaus.de\/wordpress\/index.php?rest_route=%2Fwp%2Fv2%2Ftags&post=37714"}],"curies":[{"name":"wp","href":"https:\/\/api.w.org\/{rel}","templated":true}]}}