{"id":38386,"date":"2022-05-06T22:05:24","date_gmt":"2022-05-06T21:05:24","guid":{"rendered":"https:\/\/zonenklaus.de\/wordpress\/?p=38386"},"modified":"2022-05-07T07:20:17","modified_gmt":"2022-05-07T06:20:17","slug":"da-kommst-du-nie-drauf-dies-kann-dir-doch-scheissegal-sein-denn-strebe-niemals-nach-den-dingen-die-auch-duemmeren-gelingen","status":"publish","type":"post","link":"https:\/\/zonenklaus.de\/wordpress\/?p=38386","title":{"rendered":"Da kommst DU nie drauf! &#8211; Dies kann Dir doch schei\u00dfegal sein, denn strebe niemals nach den Dingen, die auch D\u00fcmmeren gelingen!"},"content":{"rendered":"<p><img loading=\"lazy\" decoding=\"async\" class=\"size-thumbnail wp-image-38387 alignleft\" src=\"https:\/\/zonenklaus.de\/wordpress\/wp-content\/uploads\/2022\/05\/IMG_20220506_0001-95x150.jpg\" alt=\"\" width=\"95\" height=\"150\" srcset=\"https:\/\/zonenklaus.de\/wordpress\/wp-content\/uploads\/2022\/05\/IMG_20220506_0001-95x150.jpg 95w, https:\/\/zonenklaus.de\/wordpress\/wp-content\/uploads\/2022\/05\/IMG_20220506_0001-190x300.jpg 190w, https:\/\/zonenklaus.de\/wordpress\/wp-content\/uploads\/2022\/05\/IMG_20220506_0001.jpg 302w\" sizes=\"auto, (max-width: 95px) 100vw, 95px\" \/>War Zeit meines Lebens immer wieder froh, wenn ich solche Larven sah! Bin jenen Figuren sogar sehr dankbar, weil sich dadurch mein Glotzenkonsum arg reduzierte. Muss allerdings bemerken, dass es mich trotzdem recht wenig animierte, die dadurch erhaltene Zeit wesentlich vern\u00fcnftiger abzuhaken. Kneipen sind daf\u00fcr auch oftmals nur ein ganz schn\u00f6der Ersatz gewesen&#8230;<br \/>\nAllerdings hat mich wenig Blut im Alkohol, trotzdem vor der Einpennerei noch zur Literatur grei\u00adfen lassen. Hinzu kommt auch heute noch, dass mich bewegliche Bilder im Fratzenradio immer wieder zur Augenpflege animieren, als so eine Art der Vorschlaferei und ich deshalb in der Koje an\u00adschlie\u00dfend noch lesen muss&#8230;<!--more--><\/p>\n<p><img loading=\"lazy\" decoding=\"async\" class=\"size-thumbnail wp-image-38388 alignleft\" src=\"https:\/\/zonenklaus.de\/wordpress\/wp-content\/uploads\/2022\/05\/IMG_20220507_0001-97x150.jpg\" alt=\"\" width=\"97\" height=\"150\" srcset=\"https:\/\/zonenklaus.de\/wordpress\/wp-content\/uploads\/2022\/05\/IMG_20220507_0001-97x150.jpg 97w, https:\/\/zonenklaus.de\/wordpress\/wp-content\/uploads\/2022\/05\/IMG_20220507_0001-194x300.jpg 194w, https:\/\/zonenklaus.de\/wordpress\/wp-content\/uploads\/2022\/05\/IMG_20220507_0001-661x1024.jpg 661w, https:\/\/zonenklaus.de\/wordpress\/wp-content\/uploads\/2022\/05\/IMG_20220507_0001-624x966.jpg 624w, https:\/\/zonenklaus.de\/wordpress\/wp-content\/uploads\/2022\/05\/IMG_20220507_0001.jpg 722w\" sizes=\"auto, (max-width: 97px) 100vw, 97px\" \/><img loading=\"lazy\" decoding=\"async\" class=\"size-thumbnail wp-image-38389 alignleft\" src=\"https:\/\/zonenklaus.de\/wordpress\/wp-content\/uploads\/2022\/05\/IMG_20220507_0002-97x150.jpg\" alt=\"\" width=\"97\" height=\"150\" srcset=\"https:\/\/zonenklaus.de\/wordpress\/wp-content\/uploads\/2022\/05\/IMG_20220507_0002-97x150.jpg 97w, https:\/\/zonenklaus.de\/wordpress\/wp-content\/uploads\/2022\/05\/IMG_20220507_0002-195x300.jpg 195w, https:\/\/zonenklaus.de\/wordpress\/wp-content\/uploads\/2022\/05\/IMG_20220507_0002-664x1024.jpg 664w, https:\/\/zonenklaus.de\/wordpress\/wp-content\/uploads\/2022\/05\/IMG_20220507_0002-624x962.jpg 624w, https:\/\/zonenklaus.de\/wordpress\/wp-content\/uploads\/2022\/05\/IMG_20220507_0002.jpg 722w\" sizes=\"auto, (max-width: 97px) 100vw, 97px\" \/>Will hier noch etwas einflie\u00dfen lassen, von einem sehr alten Bekannten, auch Vielleser und Fern\u00adsehverweigerer, den zu seinen Lebzeiten diese ganzen Fernseh-Kultur-Schranzen ebenso abgrundtief ankotzten.<br \/>\nEines Abends, drau\u00dfen arschkalt, ein Schneesturm heulte, daheim keine <img loading=\"lazy\" decoding=\"async\" class=\"size-thumbnail wp-image-38390 alignleft\" src=\"https:\/\/zonenklaus.de\/wordpress\/wp-content\/uploads\/2022\/05\/IMG_3300-150x150.jpg\" alt=\"\" width=\"150\" height=\"150\" srcset=\"https:\/\/zonenklaus.de\/wordpress\/wp-content\/uploads\/2022\/05\/IMG_3300-150x150.jpg 150w, https:\/\/zonenklaus.de\/wordpress\/wp-content\/uploads\/2022\/05\/IMG_3300-300x300.jpg 300w, https:\/\/zonenklaus.de\/wordpress\/wp-content\/uploads\/2022\/05\/IMG_3300-1024x1024.jpg 1024w, https:\/\/zonenklaus.de\/wordpress\/wp-content\/uploads\/2022\/05\/IMG_3300-768x768.jpg 768w, https:\/\/zonenklaus.de\/wordpress\/wp-content\/uploads\/2022\/05\/IMG_3300-624x624.jpg 624w, https:\/\/zonenklaus.de\/wordpress\/wp-content\/uploads\/2022\/05\/IMG_3300.jpg 1048w\" sizes=\"auto, (max-width: 150px) 100vw, 150px\" \/>Volksdrogen mehr zu finden und er keinen Trieb versp\u00fcrte, die 50 Meter bis in seine Stammkneipe zugehen&#8230;<br \/>\nIn der Nacht wurde seine verm\u00fcllte Glotze aktiviert und eine <b>\u201e<\/b><i>Unterhaltungssendung<\/i><b>\u201c<\/b> eingezogen.<br \/>\nAm n\u00e4chsten Tag lie\u00df mein Spezi ab, <i>gestern sah ich einen <\/i>Puvogel<i>, der auch aus der Zone stamm\u00adte. Wenn mir dieser Idiot auf der Stra\u00dfe begegnen w\u00fcrde, der bek\u00e4me sofort einige besonders kr\u00e4fti\u00adge Backpfeifen von mir<\/i>! <i>Bei ihm muss es sich um die allerletzte Rache vom scheintoten Stasi-Miel\u00adke handeln<\/i>!<i> <\/i><br \/>\n<i>Bin mir sehr sicher, diese Arschgeige wird noch einen <\/i>m\u00e4chtig gewaltigen<i> Aufstieg in der bundes\u00addeutschen Unterhaltungsbranche hinlegen&#8230;<\/i><br \/>\nMonate sp\u00e4ter kam ein Anruf, ich solle doch mal meine Glotze anschalten, da w\u00e4re er wieder, danach trafen wir uns noch in der Kneipe!<br \/>\n<img loading=\"lazy\" decoding=\"async\" class=\"size-thumbnail wp-image-38391 alignleft\" src=\"https:\/\/zonenklaus.de\/wordpress\/wp-content\/uploads\/2022\/05\/IMG_3302-150x113.jpg\" alt=\"\" width=\"150\" height=\"113\" srcset=\"https:\/\/zonenklaus.de\/wordpress\/wp-content\/uploads\/2022\/05\/IMG_3302-150x113.jpg 150w, https:\/\/zonenklaus.de\/wordpress\/wp-content\/uploads\/2022\/05\/IMG_3302-300x225.jpg 300w, https:\/\/zonenklaus.de\/wordpress\/wp-content\/uploads\/2022\/05\/IMG_3302-1024x768.jpg 1024w, https:\/\/zonenklaus.de\/wordpress\/wp-content\/uploads\/2022\/05\/IMG_3302-768x576.jpg 768w, https:\/\/zonenklaus.de\/wordpress\/wp-content\/uploads\/2022\/05\/IMG_3302-624x468.jpg 624w, https:\/\/zonenklaus.de\/wordpress\/wp-content\/uploads\/2022\/05\/IMG_3302.jpg 1336w\" sizes=\"auto, (max-width: 150px) 100vw, 150px\" \/>Ganz nebenbei erfuhr ich an dem Abend auch noch, dass <i>Jerharden <\/i>seine Diplomarbeit \u00fcber einen Schreiber und dessen unvollendetes Werk verzapft hatte. Sein Prof flehte ihn damals an, alles gleich mit einer Promotion zu verbinden.<br \/>\nDer Schefff lehnte ab!<br \/>\nMehrmals hatte ich jene Schwarte bereits angefangen, anschlie\u00dfend stellte ich das Werk, nach unge\u00adf\u00e4hr 600 Seiten auch wieder weg&#8230;<br \/>\nAch so, es handelte sich um <i>Robert Musil<\/i> und seinem <i>Mann ohne Eigenschaften.<\/i>..<br \/>\nH\u00e4tte fast vergessen, auch den Namen des <i>\u00f6ffentlich\/rechtlichen Kultur-Puvogels<\/i> zu erw\u00e4hnen:<br \/>\n<i>Kai Pflaume<\/i>!<\/p>\n","protected":false},"excerpt":{"rendered":"<p>War Zeit meines Lebens immer wieder froh, wenn ich solche Larven sah! Bin jenen Figuren sogar sehr dankbar, weil sich dadurch mein Glotzenkonsum arg reduzierte. Muss allerdings bemerken, dass es mich trotzdem recht wenig animierte, die dadurch erhaltene Zeit wesentlich vern\u00fcnftiger abzuhaken. Kneipen sind daf\u00fcr auch oftmals nur ein ganz schn\u00f6der Ersatz gewesen&#8230; Allerdings hat [&hellip;]<\/p>\n","protected":false},"author":6,"featured_media":0,"comment_status":"open","ping_status":"open","sticky":false,"template":"","format":"standard","meta":{"footnotes":""},"categories":[55],"tags":[],"class_list":["post-38386","post","type-post","status-publish","format-standard","hentry","category-alltaeglicher-wahnwitz"],"_links":{"self":[{"href":"https:\/\/zonenklaus.de\/wordpress\/index.php?rest_route=\/wp\/v2\/posts\/38386","targetHints":{"allow":["GET"]}}],"collection":[{"href":"https:\/\/zonenklaus.de\/wordpress\/index.php?rest_route=\/wp\/v2\/posts"}],"about":[{"href":"https:\/\/zonenklaus.de\/wordpress\/index.php?rest_route=\/wp\/v2\/types\/post"}],"author":[{"embeddable":true,"href":"https:\/\/zonenklaus.de\/wordpress\/index.php?rest_route=\/wp\/v2\/users\/6"}],"replies":[{"embeddable":true,"href":"https:\/\/zonenklaus.de\/wordpress\/index.php?rest_route=%2Fwp%2Fv2%2Fcomments&post=38386"}],"version-history":[{"count":4,"href":"https:\/\/zonenklaus.de\/wordpress\/index.php?rest_route=\/wp\/v2\/posts\/38386\/revisions"}],"predecessor-version":[{"id":38395,"href":"https:\/\/zonenklaus.de\/wordpress\/index.php?rest_route=\/wp\/v2\/posts\/38386\/revisions\/38395"}],"wp:attachment":[{"href":"https:\/\/zonenklaus.de\/wordpress\/index.php?rest_route=%2Fwp%2Fv2%2Fmedia&parent=38386"}],"wp:term":[{"taxonomy":"category","embeddable":true,"href":"https:\/\/zonenklaus.de\/wordpress\/index.php?rest_route=%2Fwp%2Fv2%2Fcategories&post=38386"},{"taxonomy":"post_tag","embeddable":true,"href":"https:\/\/zonenklaus.de\/wordpress\/index.php?rest_route=%2Fwp%2Fv2%2Ftags&post=38386"}],"curies":[{"name":"wp","href":"https:\/\/api.w.org\/{rel}","templated":true}]}}