{"id":38599,"date":"2022-06-29T00:59:52","date_gmt":"2022-06-28T23:59:52","guid":{"rendered":"https:\/\/zonenklaus.de\/wordpress\/?p=38599"},"modified":"2022-06-29T00:00:21","modified_gmt":"2022-06-28T23:00:21","slug":"den-hiesigen-kirchen-entfleuchen-immer-mehr-schaeflein-boecke-zippen-und-laemmchen-gut-gegendert-nich","status":"publish","type":"post","link":"https:\/\/zonenklaus.de\/wordpress\/?p=38599","title":{"rendered":"Den hiesigen Kirchen entfleuchen immer mehr Sch\u00e4flein &#8211; B\u00f6cke, Zippen und L\u00e4mmchen&#8230; Gut gegendert, nich?"},"content":{"rendered":"<p><span lang=\"de-DE\">Unter ferner liefen, noch die ganz <a href=\"https:\/\/zonenklaus.de\/wordpress\/wp-content\/uploads\/2022\/06\/Kirche.mp3\">traurige Meldung<\/a> aus dem Fratzenradio!<\/span><br \/>\nWegen des immer noch nicht gekl\u00e4rten Sachverhaltes in den r\u00f6misch\/katholischen Gefilden, finde ich es ganz sch\u00f6n gewagt, den Gottesdienern, so einfach den R\u00fccken zuzukehren&#8230;<br \/>\nBildlich geht es nun weiter!<!--more--><br \/>\n<img loading=\"lazy\" decoding=\"async\" class=\"size-thumbnail wp-image-38608 alignleft\" src=\"https:\/\/zonenklaus.de\/wordpress\/wp-content\/uploads\/2022\/06\/Pfaffe-122x150.jpg\" alt=\"\" width=\"122\" height=\"150\" srcset=\"https:\/\/zonenklaus.de\/wordpress\/wp-content\/uploads\/2022\/06\/Pfaffe-122x150.jpg 122w, https:\/\/zonenklaus.de\/wordpress\/wp-content\/uploads\/2022\/06\/Pfaffe-244x300.jpg 244w, https:\/\/zonenklaus.de\/wordpress\/wp-content\/uploads\/2022\/06\/Pfaffe-833x1024.jpg 833w, https:\/\/zonenklaus.de\/wordpress\/wp-content\/uploads\/2022\/06\/Pfaffe-768x945.jpg 768w, https:\/\/zonenklaus.de\/wordpress\/wp-content\/uploads\/2022\/06\/Pfaffe-1249x1536.jpg 1249w, https:\/\/zonenklaus.de\/wordpress\/wp-content\/uploads\/2022\/06\/Pfaffe-624x768.jpg 624w, https:\/\/zonenklaus.de\/wordpress\/wp-content\/uploads\/2022\/06\/Pfaffe.jpg 1600w\" sizes=\"auto, (max-width: 122px) 100vw, 122px\" \/>Zum Cartoon f\u00e4llt mir noch eine kleine Geschichte ein.<br \/>\n<span lang=\"de-DE\">Die Schwester meiner damaligen Freundin, wandelte noch auf den Pfaden ihrer Ausbildung zum Karbolm\u00e4uschen. W\u00e4hrend jener Zeit kam im Kreiskrankenhaus das Ger\u00fccht auf, dass nachmittags \u00f6fters ein Entbl\u00f6\u00dfer auftauchte. <\/span><br \/>\n<span lang=\"de-DE\">Gerade auf dem Gehsteig, etwas drei Meter vor ihr und der jungen Kollegin, \u00f6ffnete ein etwas \u00e4lteres Semester seinen <\/span><em><span lang=\"de-DE\">Trenchcoat <\/span><\/em><span lang=\"de-DE\">ganz weit und beide erblickten eine<\/span><em><span lang=\"de-DE\"> m\u00e4chtig gewaltige<\/span><\/em> <span style=\"font-size: xx-small;\"><span lang=\"de-DE\">(In jenen Tagen ein gefl\u00fcgeltes Wort, was sich nur im Osten breit gemacht hatte!) <\/span><\/span><span lang=\"de-DE\">Latte. So wurde sie von H. aber auch beschrieben. <\/span><br \/>\n<span lang=\"de-DE\">Erschrocken wollte daraufhin ihre Freundin sofort stiften gehen, Madame hielt sie fest und schrie den Typen kreischend an: \u201eUnd mit dem winzigen Pimmel wolltest du uns erschrecken? Lass dich hier blo\u00df nicht mehr sehen! Hau ab!\u201c<\/span><br \/>\n<span lang=\"de-DE\">Nun gackerten beide lauthals los, was auch andere Leute auf der Stra\u00dfe, noch zu entspre\u00adchenden Kommentaren animierte. Der Mann klappte daraufhin, ruckartig seine M\u00e4ntelchen zu und verschwand flugs. Damit hatte sich diese Episode f\u00fcr <\/span><em><span lang=\"de-DE\">immer erledigt&#8230;<\/span><\/em><\/p>\n<p><span lang=\"de-DE\">Zu jener <\/span><span lang=\"de-DE\"><i>nachhaltigen<\/i><\/span><span lang=\"de-DE\"> Malaise habe ich mich bereits \u00f6fter ausgelassen, allerdings auf meine ganz spezielle Art! <\/span><br \/>\n<span style=\"font-size: medium;\"><span lang=\"de-DE\"><a href=\"https:\/\/zonenklaus.de\/wordpress\/?p=37781\">Benedikt XVI. will f\u00fcr Missbrauchsopfer beten<\/a> &#8211; immer diese leeren Versprechungen!<\/span><\/span><\/p>\n","protected":false},"excerpt":{"rendered":"<p>Unter ferner liefen, noch die ganz traurige Meldung aus dem Fratzenradio! Wegen des immer noch nicht gekl\u00e4rten Sachverhaltes in den r\u00f6misch\/katholischen Gefilden, finde ich es ganz sch\u00f6n gewagt, den Gottesdienern, so einfach den R\u00fccken zuzukehren&#8230; Bildlich geht es nun weiter!<\/p>\n","protected":false},"author":6,"featured_media":0,"comment_status":"open","ping_status":"open","sticky":false,"template":"","format":"standard","meta":{"footnotes":""},"categories":[1],"tags":[],"class_list":["post-38599","post","type-post","status-publish","format-standard","hentry","category-allgemeines"],"_links":{"self":[{"href":"https:\/\/zonenklaus.de\/wordpress\/index.php?rest_route=\/wp\/v2\/posts\/38599","targetHints":{"allow":["GET"]}}],"collection":[{"href":"https:\/\/zonenklaus.de\/wordpress\/index.php?rest_route=\/wp\/v2\/posts"}],"about":[{"href":"https:\/\/zonenklaus.de\/wordpress\/index.php?rest_route=\/wp\/v2\/types\/post"}],"author":[{"embeddable":true,"href":"https:\/\/zonenklaus.de\/wordpress\/index.php?rest_route=\/wp\/v2\/users\/6"}],"replies":[{"embeddable":true,"href":"https:\/\/zonenklaus.de\/wordpress\/index.php?rest_route=%2Fwp%2Fv2%2Fcomments&post=38599"}],"version-history":[{"count":7,"href":"https:\/\/zonenklaus.de\/wordpress\/index.php?rest_route=\/wp\/v2\/posts\/38599\/revisions"}],"predecessor-version":[{"id":38611,"href":"https:\/\/zonenklaus.de\/wordpress\/index.php?rest_route=\/wp\/v2\/posts\/38599\/revisions\/38611"}],"wp:attachment":[{"href":"https:\/\/zonenklaus.de\/wordpress\/index.php?rest_route=%2Fwp%2Fv2%2Fmedia&parent=38599"}],"wp:term":[{"taxonomy":"category","embeddable":true,"href":"https:\/\/zonenklaus.de\/wordpress\/index.php?rest_route=%2Fwp%2Fv2%2Fcategories&post=38599"},{"taxonomy":"post_tag","embeddable":true,"href":"https:\/\/zonenklaus.de\/wordpress\/index.php?rest_route=%2Fwp%2Fv2%2Ftags&post=38599"}],"curies":[{"name":"wp","href":"https:\/\/api.w.org\/{rel}","templated":true}]}}