{"id":38644,"date":"2022-07-01T19:26:21","date_gmt":"2022-07-01T18:26:21","guid":{"rendered":"https:\/\/zonenklaus.de\/wordpress\/?p=38644"},"modified":"2022-07-03T21:32:30","modified_gmt":"2022-07-03T20:32:30","slug":"die-folgenden-saetze-fielen-mir-kurz-nach-besagter-zeit-ein-in-der-ich-mich-zufaellig-in-der-provinzhauptstadt-des-zaenkischen-bergvolkes-noerdlich-der-alpen-aufhielt","status":"publish","type":"post","link":"https:\/\/zonenklaus.de\/wordpress\/?p=38644","title":{"rendered":"Die folgenden S\u00e4tze fielen mir kurz nach besagter Zeit ein, in der ich mich zuf\u00e4llig in der Provinz\u00adhauptstadt des z\u00e4nkischen Bergvolkes n\u00f6rdlich der Alpen aufhielt&#8230;"},"content":{"rendered":"<p><i>Kanzler Scholz zum Abschluss des G7-Gipfels \u201e<a href=\"https:\/\/www.g7germany.de\/g7-de\">Ein Signal der Klarheit und St\u00e4rke<\/a>\u201c<\/i><br \/>\n<i>Die Staaten der G7 arbeiten als enge Freunde und Verb\u00fcndete zusammen &#8211; das betonte Kanzler Scholz nach dem Gipfel in Elmau. <b>\u201e<\/b><\/i>Das Treffen hat auf beeindruckende Weise unsere Geschlos\u00adsenheit und unsere Entschlossenheit gezeigt<i><b>\u201c<\/b>, sagte er. Die G7 unterst\u00fctzt die Ukraine uneinge\u00adschr\u00e4nkt, will den Hunger in der Welt bek\u00e4mpfen und beim Klimaschutz vorangehen.<\/i><br \/>\nDas abschlie\u00dfende <em>R\u00e9sum\u00e9<\/em> entsprach faktisch den \u00fcblich verschleiernden Notwahrheiten in beliebig kaschierten Erkl\u00e4rungen anl\u00e4sslich des best\u00e4ndig wiederholbaren Ringelpiezes mit witzlosen gegenseitigen Schulterklopfen nebst der pathologischen Selbstdarstellungen aller anwesenden <i>Star<\/i><i><b>&#8211;<\/b><\/i><i>Auguren<\/i><b>*<\/b><sup><b>INNEN usw.<\/b><\/sup>. Abschlie\u00dfend wird f\u00fcr solche Figuren immer eine ganz gro\u00dfe Medien-Augenwischerei geboten, wobei jeder zwingend eine <a href=\"https:\/\/zonenklaus.de\/wordpress\/wp-content\/uploads\/2022\/07\/Plumpsack.mp3\">belanglose Worth\u00fclse fallenlassen muss<\/a>!<!--more--><br \/>\nDas Amischeffchen \u00fcbertrieb dann die ganze Angelegenheit auch noch, denn er versprach zus\u00e4tz\u00adlich, <i>Europa zu sch\u00fctzen und zu verteidigen,<\/i> im selben Augenblick ward er in Elmau nicht mehr gesehen.<br \/>\nM\u00f6glicherweise war dies sogar der Beweggrund ob seiner banalen Versprechungen dahingehend zu hoffen, dass<a href=\"https:\/\/www.spiegel.de\/ausland\/wladimir-putin-ueber-nato-und-g7-alles-war-gut-zwischen-uns-aber-jetzt-wird-es-spannungen-geben-a-3d21508a-5020-48eb-a004-b1dcebe4fe11\"> Putin sich hernach sofort totlacht&#8230;<\/a><br \/>\nOb Elmau oder Madrid, viel mehr wird hinterher sowieso nicht dabei herauskommen. Denn es geht ja besonders im digitalen Zeitalter letztlich auch nur darum, jedem eine reelle Chance f\u00fcr seine <em>kleingeistigen Reinszenierungen<\/em> zu offerieren. Wobei immer wieder mit beliebig wiederholbaren altbackenen Mustern herumgehurt wird, <i>weil sie sich bereits seit Jahrtausenden bew\u00e4hrt haben<\/i><b>!<\/b><br \/>\nNat\u00fcrlich verschieben sie dazu auch st\u00e4ndig die entsprechenden Ebenen. Gerade in heutigen Tagen sind WIR Zeugen einer ganz neuerlichen Art des Umganges mit irrwitzigen Darstellungsweisen, <em>der demokraturisch auserw\u00e4hlten Laienscharen von Probierpolitikern<\/em>, die nun meinen, das Rad neu er\u00adfunden zuhaben. Deshalb masturbieren jene <i>gefalls\u00fcchtigen Zampano&#8217;s,<\/i> e<i>\u00b4<\/i>benso <i>Heerscharen von Quotentanten<\/i>, wie selbstverst\u00e4ndlich in pandemischen Ausma\u00dfen, was <i>political Corectness<\/i> und die kl\u00e4gliche <i>Genderei<\/i> betreffen&#8230;<br \/>\nPerspektivisch wird sich in der Tat absolut nichts \u00e4ndern, weil sie im<i> trauten Miteinander<\/i> letztlich alles beim Alten belassen, dabei allerdings erwartungsfrohe Hoffnungen hegen, dass sich auch ohne ihr weiteres hinzutun, irgendwelche, f\u00fcr sie brauchbaren Ver\u00e4nderungen ergeben werden&#8230;<br \/>\nDa ich schon wieder abkotzen k\u00f6nnte, werden meine Reflexion, in Hinblick auf die kommende \u00c4ra, hier abgebrochen!<br \/>\nBeende alles, mit einem \u00fcber 200j\u00e4hrigen Gedankensplitter vom alten <em>Geheimrat<\/em>*.<br \/>\nEiner Legende nach, hatte er jene zeitlose Maxime, damals in ein H\u00fcttenbuch auf dem <em>Kickelhahn<\/em>* notiert und sie ist heutzutage aktueller, denn je!<br \/>\n<em> <b>&#8211; Matte Fliegen, wie sie rasen, wie sie summsend \u00fcber keck, tr\u00e4ufeln ihren Fliegendreck auf Tyrannennasen<\/b><\/em><em><b>! <\/b><\/em><\/p>\n<p><b>*<\/b>Gehe weder darauf ein, wen ich mit<em> Geheimrat<\/em> meine und was man unter <em>Kickelhahn<\/em> versteht!<\/p>\n","protected":false},"excerpt":{"rendered":"<p>Kanzler Scholz zum Abschluss des G7-Gipfels \u201eEin Signal der Klarheit und St\u00e4rke\u201c Die Staaten der G7 arbeiten als enge Freunde und Verb\u00fcndete zusammen &#8211; das betonte Kanzler Scholz nach dem Gipfel in Elmau. \u201eDas Treffen hat auf beeindruckende Weise unsere Geschlos\u00adsenheit und unsere Entschlossenheit gezeigt\u201c, sagte er. Die G7 unterst\u00fctzt die Ukraine uneinge\u00adschr\u00e4nkt, will den [&hellip;]<\/p>\n","protected":false},"author":6,"featured_media":0,"comment_status":"open","ping_status":"open","sticky":false,"template":"","format":"standard","meta":{"footnotes":""},"categories":[55],"tags":[],"class_list":["post-38644","post","type-post","status-publish","format-standard","hentry","category-alltaeglicher-wahnwitz"],"_links":{"self":[{"href":"https:\/\/zonenklaus.de\/wordpress\/index.php?rest_route=\/wp\/v2\/posts\/38644","targetHints":{"allow":["GET"]}}],"collection":[{"href":"https:\/\/zonenklaus.de\/wordpress\/index.php?rest_route=\/wp\/v2\/posts"}],"about":[{"href":"https:\/\/zonenklaus.de\/wordpress\/index.php?rest_route=\/wp\/v2\/types\/post"}],"author":[{"embeddable":true,"href":"https:\/\/zonenklaus.de\/wordpress\/index.php?rest_route=\/wp\/v2\/users\/6"}],"replies":[{"embeddable":true,"href":"https:\/\/zonenklaus.de\/wordpress\/index.php?rest_route=%2Fwp%2Fv2%2Fcomments&post=38644"}],"version-history":[{"count":6,"href":"https:\/\/zonenklaus.de\/wordpress\/index.php?rest_route=\/wp\/v2\/posts\/38644\/revisions"}],"predecessor-version":[{"id":38658,"href":"https:\/\/zonenklaus.de\/wordpress\/index.php?rest_route=\/wp\/v2\/posts\/38644\/revisions\/38658"}],"wp:attachment":[{"href":"https:\/\/zonenklaus.de\/wordpress\/index.php?rest_route=%2Fwp%2Fv2%2Fmedia&parent=38644"}],"wp:term":[{"taxonomy":"category","embeddable":true,"href":"https:\/\/zonenklaus.de\/wordpress\/index.php?rest_route=%2Fwp%2Fv2%2Fcategories&post=38644"},{"taxonomy":"post_tag","embeddable":true,"href":"https:\/\/zonenklaus.de\/wordpress\/index.php?rest_route=%2Fwp%2Fv2%2Ftags&post=38644"}],"curies":[{"name":"wp","href":"https:\/\/api.w.org\/{rel}","templated":true}]}}