{"id":38651,"date":"2022-07-02T20:42:26","date_gmt":"2022-07-02T19:42:26","guid":{"rendered":"https:\/\/zonenklaus.de\/wordpress\/?p=38651"},"modified":"2022-07-03T21:17:20","modified_gmt":"2022-07-03T20:17:20","slug":"gedanken-zur-langen-n8-der-wissenschaften-auf-dem-potsdamer-telegraphenberg","status":"publish","type":"post","link":"https:\/\/zonenklaus.de\/wordpress\/?p=38651","title":{"rendered":"Gedanken zur \u201eLANGEN N8\u201c der Wissenschaften am Potsdamer Telegraphenberg"},"content":{"rendered":"<p>Fand es sehr schade, dass ich heute nur<a href=\"https:\/\/www.gfz-potsdam.de\/veranstaltungen\/detail\/lange-nacht-der-wissenschaften-lndw\"> ein sehr reduzierte Angebot<\/a> erleben konnte, im Gegensatz zu ganz unterschiedlichen Veranstaltungen auf dem Gel\u00e4nde vom <a href=\"https:\/\/www.gfz-potsdam.de\/\">GFZ<\/a>&#8230;<br \/>\nBedauernswert!<br \/>\nDie Menschheit ist dabei vollends zu verbl\u00f6den. Viele Deppen hocken deshalb lieber vor der Glotze und schauen: <i>Dr\u00f6ge<\/i> <i>Bullenfilmchen<\/i>, <i>Bares f\u00fcr Rares<\/i>, sog. <i>Talkshows<\/i> und diese \u00e4tzenden <i>Quizsen\u00addungen <\/i> an. Welche teilweise von Leuten mit<i> Feuermelderfressen<\/i> <span style=\"font-size: xx-small;\"><b>(<\/b><\/span><span style=\"font-size: xx-small;\">Was damit gemeint ist, wei\u00df heute, in Zeiten der paranoiden politischen Korrektheit, auch niemand mehr!<\/span><span style=\"font-size: xx-small;\"><b>)<\/b><\/span> moderiert werden, die dabei noch m\u00e4chtige Einschaltquoten schaufeln, was nat\u00fcrlich deren Sal\u00e4r unermesslich ansteigen l\u00e4sst!<br \/>\nWobei <i>Politflachzangen<\/i> <i>der Regierungen<\/i> sich immer wieder <i>in vorderster Front abm\u00fchen<\/i> und es ihren <i>Untertanen<\/i> auch noch treudoof vormachen!<br \/>\n<i>Vivitur ingenio c(a)etera mortis erunt\u201d, <a href=\"https:\/\/de.wikipedia.org\/wiki\/Willibald_Pirckheimer\">Willibald Pirckheimer<\/a> (1470-1530): Man lebt nur durch den Geist, alles andere ist dem Tod geweiht.<\/i><br \/>\nWo soll aber auch jegliche Neugierde herkommen, die ein Menschenkind von Anbeginn bis zur Ur\u00adne ausleben sollte, um dann f\u00fcr sich einen brauchbaren Weg zu finden, auf dem es sein gesamtes Leben lang zufrieden m\u00e4andern kann&#8230;<br \/>\nAllerdings muss ein kunterbuntes Interesse im Elternhaus erweckt werden. Ich konnte mich mit einem <i>wichtigen Anliegen<\/i> auch nicht durchsetzen. Hinterher sagte mir die Scheffin \u00f6fters, \u201esie sei stolz darauf, dass ich diese Sache nicht anbringen konnte!\u201c<br \/>\nWollte etwas einf\u00fchren, was ich bei meinen Gro\u00dfeltern erlebte, <i>die Mutter meiner Schwester<\/i> hatte daran auch kein Interesse! War dieses <i>widerliche Flintenweib<\/i> nicht anwesenden, lie\u00df der Rest unserer Familie zum Abendessen den Tag Revue passieren und jeder konnte sich dabei empathisch mit viel Streitkultur einbringen, wobei ewig wechselseitige Konstellationen entstanden.<br \/>\nAu\u00dferdem lernte ich bei Wanderungen mit dem Opa ganz unterschiedliche <i>gebildete Zeitgenossen <\/i>kennen, mit ganz verschiedenartigsten Verst\u00e4ndnis, was ringsherum passierte und sie erlebt hatten. Oft im Alter meiner Gro\u00dfeltern, folglich immer wieder in teilweise abartigsten Systemen ganz neue Wege suchen mussten, ohne sich dabei aufzugeben!<br \/>\nRichtig <i>verr\u00fcckte Menschen <\/i>der unterschiedlichsten Art dabei, teilweise auch mit Diplomen und Titeln versehen. Hinzu kam ihr enormes Allgemeinwissen und der damit einhergehenden Verflechtung von Resten jener humanistischen Werte, welche im 20sten Jahrhundert noch irgendwie \u00fcbrig geblieben waren.<br \/>\nJene Tugend vermisste ich dann im Westen sehr oft bei diesen <i>netten Saison-Linxwixer<\/i> im Freun\u00addes- und Bekanntenkreis. Witzige Figuren darunter, die in den Mitt70ern, noch w\u00e4hrend ihrer<i> Lang\u00adzeitstudienphase<\/i> damit kokettierten, dass sie einem proletarischen Background entfleucht sind.<br \/>\nZum Piepen, heutzutage teilweise mit fetten Pensionen versehen, warten sie ewig mit merkw\u00fcrdi\u00adgen Legenden auf, beginnend mit einem <i>Alt68touch<\/i>&#8230;<\/p>\n<p><a href=\"https:\/\/zonenklaus.de\/wordpress\/wp-content\/uploads\/2022\/07\/Lange-N8-der-Wissenschaft.pdf\">Hier geht es weiter!<\/a><\/p>\n","protected":false},"excerpt":{"rendered":"<p>Fand es sehr schade, dass ich heute nur ein sehr reduzierte Angebot erleben konnte, im Gegensatz zu ganz unterschiedlichen Veranstaltungen auf dem Gel\u00e4nde vom GFZ&#8230; Bedauernswert! Die Menschheit ist dabei vollends zu verbl\u00f6den. Viele Deppen hocken deshalb lieber vor der Glotze und schauen: Dr\u00f6ge Bullenfilmchen, Bares f\u00fcr Rares, sog. Talkshows und diese \u00e4tzenden Quizsen\u00addungen an. [&hellip;]<\/p>\n","protected":false},"author":6,"featured_media":0,"comment_status":"open","ping_status":"open","sticky":false,"template":"","format":"standard","meta":{"footnotes":""},"categories":[55],"tags":[],"class_list":["post-38651","post","type-post","status-publish","format-standard","hentry","category-alltaeglicher-wahnwitz"],"_links":{"self":[{"href":"https:\/\/zonenklaus.de\/wordpress\/index.php?rest_route=\/wp\/v2\/posts\/38651","targetHints":{"allow":["GET"]}}],"collection":[{"href":"https:\/\/zonenklaus.de\/wordpress\/index.php?rest_route=\/wp\/v2\/posts"}],"about":[{"href":"https:\/\/zonenklaus.de\/wordpress\/index.php?rest_route=\/wp\/v2\/types\/post"}],"author":[{"embeddable":true,"href":"https:\/\/zonenklaus.de\/wordpress\/index.php?rest_route=\/wp\/v2\/users\/6"}],"replies":[{"embeddable":true,"href":"https:\/\/zonenklaus.de\/wordpress\/index.php?rest_route=%2Fwp%2Fv2%2Fcomments&post=38651"}],"version-history":[{"count":4,"href":"https:\/\/zonenklaus.de\/wordpress\/index.php?rest_route=\/wp\/v2\/posts\/38651\/revisions"}],"predecessor-version":[{"id":38657,"href":"https:\/\/zonenklaus.de\/wordpress\/index.php?rest_route=\/wp\/v2\/posts\/38651\/revisions\/38657"}],"wp:attachment":[{"href":"https:\/\/zonenklaus.de\/wordpress\/index.php?rest_route=%2Fwp%2Fv2%2Fmedia&parent=38651"}],"wp:term":[{"taxonomy":"category","embeddable":true,"href":"https:\/\/zonenklaus.de\/wordpress\/index.php?rest_route=%2Fwp%2Fv2%2Fcategories&post=38651"},{"taxonomy":"post_tag","embeddable":true,"href":"https:\/\/zonenklaus.de\/wordpress\/index.php?rest_route=%2Fwp%2Fv2%2Ftags&post=38651"}],"curies":[{"name":"wp","href":"https:\/\/api.w.org\/{rel}","templated":true}]}}