{"id":38671,"date":"2022-07-03T20:00:17","date_gmt":"2022-07-03T19:00:17","guid":{"rendered":"https:\/\/zonenklaus.de\/wordpress\/?p=38671"},"modified":"2022-07-06T00:05:32","modified_gmt":"2022-07-05T23:05:32","slug":"elyas-mbarek-erlebte-sexismus-am-set-der-regisseur-sagte-zieh-dich-aus","status":"publish","type":"post","link":"https:\/\/zonenklaus.de\/wordpress\/?p=38671","title":{"rendered":"Elyas M&#8217;Barek erlebte Sexismus am Set: &#8220;Der Regisseur sagte: &#8216;Zieh dich aus!'&#8221;"},"content":{"rendered":"<p>Ach Gottchen, dieses <a href=\"https:\/\/www.berliner-kurier.de\/show\/zieh-dich-aus-und-stoehn-elyas-mbarek-spricht-ueber-schockierende-sexismus-erfahrungen-am-filmset-li.242785\">Sensibelchen<\/a> tut mir wirklich <i>m\u00e4chtig gewaltig<\/i> leid!<br \/>\nZum Piepen, was so alles bei herauskommt, wenn heutzutage irgendwie mit dem Begriff:\u00a0 S E X I S M U S\u00a0 herumgehurt wird.<br \/>\nSchreiberlinge<b>*<\/b><sup><b>INNEN usw. u.\u00e4.<\/b><\/sup> von diversen Elektrobriefk\u00e4sten sind darin immer wieder f\u00fchrend. L\u00e4uft nat\u00fcrlich zwingend auf zu erwartenden Quoten hinaus, schlie\u00dflich sind die <i>Wischer<\/i><b>*<\/b><sup><b>INNEN usw. u.\u00e4. <\/b><\/sup> der verbl\u00f6denden iPhone-Generation anschlie\u00dfend sehr agil, wenn sie sich, mit Hilfe ihrer Kommuni\u00adkationsprothesen irgendwie einen runter holen. Sei es nur, um nach solch <i>krankhaften<\/i> <i>Sexismus-Tiraden<\/i> sofort anonym irgendwelche <i>Betroffenheits<\/i><i>arien<\/i> <i>zu ejakulieren<\/i>, nat\u00fcrlich zwingend mit Hilfe von <i>kr\u00e4nklicher politisch korrekter Genderei<\/i>!<br \/>\nEs l\u00e4sst tief blicken, was man <i>M&#8217;Barek Effendi<\/i> zuhause eingetrichtert hatte, oder auch verga\u00df&#8230;<br \/>\nErlebe es immer wieder, dass schlimmste Manko f\u00fcr den Lebensweg ist das Vakuum, wenn man nie gelernt hat, Bed\u00fcrfnisse korrekt anzumelden! Hatte damit <a href=\"https:\/\/www.flickr.com\/photos\/zonenklaus\/52193693476\/in\/datetaken\/\">nie Problem<\/a>e, obwohl ich auch \u00f6f\u00adters aufgelaufen bin, was mich aber nie besonders interessiert. Ein weitere Vorteil in dem Zusam\u00admenhang besteht darin, dass Leutchen, die nicht als totale Blindfische umherirren, sich nach einer Weile doch darauf einstellen k\u00f6nnen. Wer mit meiner Art nicht umgehen kann, den hake ich dann einfach ab, allerdings auch unwiederbringlich!<br \/>\nKann es sein, dass E. M&#8217;B. l\u00e4ngere Zeit nicht mehr auf der Leinwand pr\u00e4sent war und er deshalb zu jenem Werbegag griff?<br \/>\nW\u00e4re dann allerdings recht peinlich, denn dies ginge doch in Richtung Weichei, hat ihn doch gerade eine Postille zum:<a href=\"https:\/\/en.mediamass.net\/people\/elyas-m-barek\/sexiest-alive.html\"> <b>Sexiest Actor Alive<\/b><\/a>, hochgestapelt! Finde ja, da bleibt nur etwas \u00e4hnliches \u00fcbrig, wie ein beliebiges Abziehbild, f\u00fcr all jene Zeitgenossen<b>*<\/b><sup><b>INNEN usw. u.\u00e4.<\/b><\/sup>, die irgend\u00adwann eine Ablichtung von ihm heranziehen m\u00fcssen, <i>wenn sie ihre H\u00e4nde in den Scho\u00df legen wol\u00adlen&#8230;<\/i><br \/>\nHat er nun keine Eier, wie man in solchem Fall in Spanien sagt, oder keinen Arsch in der Hose?<br \/>\nF\u00fcr mich h\u00e4tten es in solchem Fall zwei M\u00f6glichkeiten gegeben, je nach meiner mentalen Form zu jener Anweisung und keine Lamentiererei an einem beliebigen medialen Jammer-Tag X, um sich nachtr\u00e4glich irgendwie interessant zu machen!<br \/>\nEntweder ein paar tausend EURONEN f\u00fcr zehn Minuten, bar auf die Kralle, allerdings im ung\u00fcn\u00adstigsten Fall, nach einer wiederholten Weisung ohne materielle Verg\u00fctung, einen Tritt in die Eier vom Herrn Regisseur&#8230;<\/p>\n<p>Hier noch einige \u00e4ltere Schriebe von mir, nat\u00fcrlich zum Thema Nr.<b>1<\/b>, Beobachtungen und wie ich mich entsprechend aus der Aff\u00e4re zog!<br \/>\n<a href=\"https:\/\/zonenklaus.de\/wordpress\/?p=30761\">\u201eWir fordern die Freiheit, aufdringlich werden zu d\u00fcrfen\u201c<\/a><br \/>\n<a href=\"https:\/\/zonenklaus.de\/wordpress\/?p=28846\">Trump sorgt immer noch f\u00fcr weltweite Quoten<\/a><\/p>\n","protected":false},"excerpt":{"rendered":"<p>Ach Gottchen, dieses Sensibelchen tut mir wirklich m\u00e4chtig gewaltig leid! Zum Piepen, was so alles bei herauskommt, wenn heutzutage irgendwie mit dem Begriff:\u00a0 S E X I S M U S\u00a0 herumgehurt wird. Schreiberlinge*INNEN usw. u.\u00e4. von diversen Elektrobriefk\u00e4sten sind darin immer wieder f\u00fchrend. L\u00e4uft nat\u00fcrlich zwingend auf zu erwartenden Quoten hinaus, schlie\u00dflich sind die [&hellip;]<\/p>\n","protected":false},"author":6,"featured_media":0,"comment_status":"open","ping_status":"open","sticky":false,"template":"","format":"standard","meta":{"footnotes":""},"categories":[1,55],"tags":[],"class_list":["post-38671","post","type-post","status-publish","format-standard","hentry","category-allgemeines","category-alltaeglicher-wahnwitz"],"_links":{"self":[{"href":"https:\/\/zonenklaus.de\/wordpress\/index.php?rest_route=\/wp\/v2\/posts\/38671","targetHints":{"allow":["GET"]}}],"collection":[{"href":"https:\/\/zonenklaus.de\/wordpress\/index.php?rest_route=\/wp\/v2\/posts"}],"about":[{"href":"https:\/\/zonenklaus.de\/wordpress\/index.php?rest_route=\/wp\/v2\/types\/post"}],"author":[{"embeddable":true,"href":"https:\/\/zonenklaus.de\/wordpress\/index.php?rest_route=\/wp\/v2\/users\/6"}],"replies":[{"embeddable":true,"href":"https:\/\/zonenklaus.de\/wordpress\/index.php?rest_route=%2Fwp%2Fv2%2Fcomments&post=38671"}],"version-history":[{"count":8,"href":"https:\/\/zonenklaus.de\/wordpress\/index.php?rest_route=\/wp\/v2\/posts\/38671\/revisions"}],"predecessor-version":[{"id":38692,"href":"https:\/\/zonenklaus.de\/wordpress\/index.php?rest_route=\/wp\/v2\/posts\/38671\/revisions\/38692"}],"wp:attachment":[{"href":"https:\/\/zonenklaus.de\/wordpress\/index.php?rest_route=%2Fwp%2Fv2%2Fmedia&parent=38671"}],"wp:term":[{"taxonomy":"category","embeddable":true,"href":"https:\/\/zonenklaus.de\/wordpress\/index.php?rest_route=%2Fwp%2Fv2%2Fcategories&post=38671"},{"taxonomy":"post_tag","embeddable":true,"href":"https:\/\/zonenklaus.de\/wordpress\/index.php?rest_route=%2Fwp%2Fv2%2Ftags&post=38671"}],"curies":[{"name":"wp","href":"https:\/\/api.w.org\/{rel}","templated":true}]}}