{"id":38682,"date":"2022-07-04T21:53:01","date_gmt":"2022-07-04T20:53:01","guid":{"rendered":"https:\/\/zonenklaus.de\/wordpress\/?p=38682"},"modified":"2022-07-05T06:32:38","modified_gmt":"2022-07-05T05:32:38","slug":"handelsblatt-scholz-stimmt-buerger-auf-lang-anhaltende-inflationskrise-ein","status":"publish","type":"post","link":"https:\/\/zonenklaus.de\/wordpress\/?p=38682","title":{"rendered":"Handelsblatt &#8211; Scholz stimmt B\u00fcrger auf lang anhaltende Inflationskrise ein"},"content":{"rendered":"<p>Langsam kann einem zu den hehren populistischen E<i>ks<\/i>perten-Gew\u00e4sch nichts brauchbares mehr einfallen. Aber harret der Dinge, die da noch kommen werden! Denn in der kommende Zeit m\u00fcssen WIR UNS schnell daran gew\u00f6hnen, sehr lange kniend zu leben!<\/p>\n<p><i><a href=\"https:\/\/www.handelsblatt.com\/dpa\/wirtschaft-scholz-stimmt-buerger-auf-lang-anhaltende-inflationskrise-ein\/28479178.html\">Bundeskanzler Olaf<\/a> Scholz hat die B\u00fcrger auf eine lang anhaltende Krise mit hohen Preisen eingestimmt. <\/i><b>&#8220;Die aktuelle Krise wird nicht in wenigen Monaten vor\u00fcbergehen&#8221;<\/b><i>, sagte der SPD-Politiker am Montag <b>zum Auftakt der sogenannten konzertierten Aktion mit Spitzenvertretern von Arbeitgebern und Gewerkschaften im Kanzleramt<\/b>. Russlands Krieg in der Ukraine und die durch die Pandemie gest\u00f6rten Lieferketten sorgten f\u00fcr eine generelle Unsicherheit. <\/i><b>&#8220;<\/b><i><b>Wir m\u00fcssen uns darauf einstellen, dass sich diese Lage auf absehbare Zeit nicht \u00e4ndern wird<\/b><\/i><b>&#8220;<\/b><i>, sagte Scholz. <\/i><b>&#8220;<\/b><i><b>Wir stehen vor einer historischen Herausforderung<\/b>.<\/i><b>&#8220;<\/b><\/p>\n<p><img loading=\"lazy\" decoding=\"async\" class=\"size-thumbnail wp-image-38683 alignleft\" src=\"https:\/\/zonenklaus.de\/wordpress\/wp-content\/uploads\/2022\/07\/T-R-I-O-L-E-150x95.jpg\" alt=\"\" width=\"150\" height=\"95\" srcset=\"https:\/\/zonenklaus.de\/wordpress\/wp-content\/uploads\/2022\/07\/T-R-I-O-L-E-150x95.jpg 150w, https:\/\/zonenklaus.de\/wordpress\/wp-content\/uploads\/2022\/07\/T-R-I-O-L-E-300x189.jpg 300w, https:\/\/zonenklaus.de\/wordpress\/wp-content\/uploads\/2022\/07\/T-R-I-O-L-E-1024x646.jpg 1024w, https:\/\/zonenklaus.de\/wordpress\/wp-content\/uploads\/2022\/07\/T-R-I-O-L-E-768x485.jpg 768w, https:\/\/zonenklaus.de\/wordpress\/wp-content\/uploads\/2022\/07\/T-R-I-O-L-E-624x394.jpg 624w, https:\/\/zonenklaus.de\/wordpress\/wp-content\/uploads\/2022\/07\/T-R-I-O-L-E.jpg 1052w\" sizes=\"auto, (max-width: 150px) 100vw, 150px\" \/>Will die infantile Zurschaustellung jenes Trio-Konstruktes nicht weiter auseinandernehme. Aller\u00addings scheint sich die <i>Bundesschlaftablette<\/i> krampfhaft an seinem Pult festzuhalten, denn man kann ohne weiteres vermuten, dass er dazu auch noch recht \u00e4ngstlich aus seiner W\u00e4sche blickt.<br \/>\nWitzig wird demn\u00e4chst die vorprogrammierte defekte Handlungsweise der abgelichteten Zukunfts\u00adhellseher<sup><b>+IN<\/b><\/sup>, denn eine Dreierkonstellation ist bei solch gravierenden Entscheidungen die langfristig anstehen, immer die aller ung\u00fcnstigste! Wobei es sich deshalb bei der angek\u00fcndigten <i>Konzertierten Aktion<\/i>, von Anbeginn um eine totgeborene Chim\u00e4re handelt&#8230;<br \/>\nWas haben die eigentlich im Stillen ausgeknautscht, vornweg nat\u00fcrlich <a href=\"https:\/\/www.bundesregierung.de\/breg-de\/mediathek\/livestream\/ab-ca-16-uhr-statements-des-bundeskanzlers-der-dgb-vorsitzenden-yasmin-fahimi-und-des-bda-praesidenten-rainer-dulger-nach-der-konzertierten-aktion-1809260\">Frau Fahimi<\/a>! Was wollen diese Kompetenzsimulanten \u00fcberhaupt unternehmen, damit in der Winterzeit, die Kuh gar nicht erst auf die Idee kommt und aufs Eis will? Was sich momentan entwickelt, sind doch alles nur begin\u00adnende Auswirkung, die eigentlich vom Westen geplant, allerdings erst am Jahresende er\u00adwartet wurden. Nun ist aber selten dummer Fall eingetreten, dass \u0422\u043e\u0432\u0430\u0440\u0438\u0449 \u0412\u043b\u0430\u0434\u0438\u043c\u0438\u0440 \u0412\u043b\u0430\u0434\u0438\u043c\u0438\u00ad\u0440\u043e\u0432\u0438\u0447 \u041f\u0443\u0442\u0438\u043d, mit einer vorausgalloppierenden Performance, UNS zuvorgekommen ist.<br \/>\nAllerdings sollte man vielleicht etwas in Betracht ziehen, worauf Habeck und Konsorten noch nicht darauf gekommen sind. Positiv gesehen, sollten WIR endlich von den imagin\u00e4ren <a href=\"https:\/\/de.wikipedia.org\/wiki\/Schildb%C3%BCrger\">B\u00fcrgern aus Schilda<\/a> lernen! Man k\u00f6nnte n\u00e4mlich in heutiger Zeit, die warme Luft in S\u00e4cken sammeln, damit dann am Jahresende jeder eine warme Bude hat&#8230;<\/p>\n<p><i><b><img loading=\"lazy\" decoding=\"async\" class=\"size-thumbnail wp-image-38684 alignleft\" src=\"https:\/\/zonenklaus.de\/wordpress\/wp-content\/uploads\/2022\/07\/T-R-I-O-L-E-gespiegel-150x95.jpg\" alt=\"\" width=\"150\" height=\"95\" srcset=\"https:\/\/zonenklaus.de\/wordpress\/wp-content\/uploads\/2022\/07\/T-R-I-O-L-E-gespiegel-150x95.jpg 150w, https:\/\/zonenklaus.de\/wordpress\/wp-content\/uploads\/2022\/07\/T-R-I-O-L-E-gespiegel-300x189.jpg 300w, https:\/\/zonenklaus.de\/wordpress\/wp-content\/uploads\/2022\/07\/T-R-I-O-L-E-gespiegel-768x484.jpg 768w, https:\/\/zonenklaus.de\/wordpress\/wp-content\/uploads\/2022\/07\/T-R-I-O-L-E-gespiegel-624x394.jpg 624w, https:\/\/zonenklaus.de\/wordpress\/wp-content\/uploads\/2022\/07\/T-R-I-O-L-E-gespiegel.jpg 972w\" sizes=\"auto, (max-width: 150px) 100vw, 150px\" \/>Scholz schw\u00f6rt B\u00fcrger auf lange Krise und gemeinsame Anstrengungen ein<\/b><\/i><br \/>\n<b>&#8211;<\/b><i> Der Kanzler und die Sozialpartner stimmen die Menschen in Deutschland auf schwere Zeiten ein<\/i><i>.<\/i><br \/>\n<b>&#8211;<\/b><i> Die Folgewirkungen von Russlands Krieg drohen immer bedrohlicher zu werden.<\/i><br \/>\n&#8211; <i>Gemeinsam wollen sie das Land vor Verwerfungen bewahren.<\/i><!--more--><\/p>\n<p>Gab es doch auch schon mal, denke dabei an die <i>gewisse <a href=\"https:\/\/de.wikipedia.org\/wiki\/Balkonreden\">Balkonrede<\/a><\/i> vom UNSEREM seligen<i> Herrn <\/i>Kaiser&#8230;<br \/>\n<i>Wilhelm er\u00f6ffnete dem Volk eine \u201eschwere Stunde\u201c: \u201eNeider \u00fcberall zwingen uns zu gerechter Verteidigung\u201c, weshalb sich das deutsche Volk mit dem \u201eSchwert in der Hand\u201c wehren m\u00fcsse, sofern es ihm nicht gel\u00e4nge, die \u201eGegner in letzter Minute zum Einsehen\u201c zu bringen. Er empfahl seinen Untertanen, in die Kirche zu gehen und f\u00fcr den Erhalt des Friedens und f\u00fcr \u201eunser braves Heer\u201c zu beten, und erkl\u00e4rte, ein \u201eReizen Deutschlands\u201c und ein Angriff auf das Deutsche Reich werde seine Gegner teuer zu stehen kommen&#8230; <\/i><br \/>\nM\u00f6glicherweise w\u00e4chst ja der kleine Olaf demn\u00e4chst noch \u00fcber sich hinaus. Verl\u00e4sst nebenher sei\u00adnen hellroten Kleing\u00e4rtnerverein, erklimmt irgendwann die Kugel des Fernsehturmes, und in tiefer Solidarit\u00e4t mit den langzeitig geschundenen Ossis l\u00e4sst er dann einen nostalgischen Satz erklingen, der von s\u00e4mtlichen deutschsprachigen Radio- und Fernsehstationen \u00fcbertragen wird, der da lautet: <i>Ich kenne keine Parteien mehr, ich kenne nur Deutsche!<\/i><\/p>\n<p>Hier noch etwas lesbares vom obersten Springer-Kolumnisten:<br \/>\n<i><a href=\"https:\/\/www.bz-berlin.de\/meinung\/kolumne\/kolumne-mein-aerger\/wenn-der-lockdown-ein-fehler-war-was-folgt-dann-jetzt-daraus\">Wenn der Lockdown ein Fehler war<\/a>, was folgt dann jetzt daraus? <\/i><br \/>\n<i><a href=\"https:\/\/www.bz-berlin.de\/meinung\/kolumne\/kolumne-mein-aerger\/berlin-schliddert-in-den-energienotstand-und-der-senat-schweigt\">Berlin schliddert in den Energienotstand<\/a> und der Senat schweigt <\/i><\/p>\n","protected":false},"excerpt":{"rendered":"<p>Langsam kann einem zu den hehren populistischen Eksperten-Gew\u00e4sch nichts brauchbares mehr einfallen. Aber harret der Dinge, die da noch kommen werden! Denn in der kommende Zeit m\u00fcssen WIR UNS schnell daran gew\u00f6hnen, sehr lange kniend zu leben! Bundeskanzler Olaf Scholz hat die B\u00fcrger auf eine lang anhaltende Krise mit hohen Preisen eingestimmt. &#8220;Die aktuelle Krise [&hellip;]<\/p>\n","protected":false},"author":6,"featured_media":0,"comment_status":"open","ping_status":"open","sticky":false,"template":"","format":"standard","meta":{"footnotes":""},"categories":[1],"tags":[],"class_list":["post-38682","post","type-post","status-publish","format-standard","hentry","category-allgemeines"],"_links":{"self":[{"href":"https:\/\/zonenklaus.de\/wordpress\/index.php?rest_route=\/wp\/v2\/posts\/38682","targetHints":{"allow":["GET"]}}],"collection":[{"href":"https:\/\/zonenklaus.de\/wordpress\/index.php?rest_route=\/wp\/v2\/posts"}],"about":[{"href":"https:\/\/zonenklaus.de\/wordpress\/index.php?rest_route=\/wp\/v2\/types\/post"}],"author":[{"embeddable":true,"href":"https:\/\/zonenklaus.de\/wordpress\/index.php?rest_route=\/wp\/v2\/users\/6"}],"replies":[{"embeddable":true,"href":"https:\/\/zonenklaus.de\/wordpress\/index.php?rest_route=%2Fwp%2Fv2%2Fcomments&post=38682"}],"version-history":[{"count":3,"href":"https:\/\/zonenklaus.de\/wordpress\/index.php?rest_route=\/wp\/v2\/posts\/38682\/revisions"}],"predecessor-version":[{"id":38686,"href":"https:\/\/zonenklaus.de\/wordpress\/index.php?rest_route=\/wp\/v2\/posts\/38682\/revisions\/38686"}],"wp:attachment":[{"href":"https:\/\/zonenklaus.de\/wordpress\/index.php?rest_route=%2Fwp%2Fv2%2Fmedia&parent=38682"}],"wp:term":[{"taxonomy":"category","embeddable":true,"href":"https:\/\/zonenklaus.de\/wordpress\/index.php?rest_route=%2Fwp%2Fv2%2Fcategories&post=38682"},{"taxonomy":"post_tag","embeddable":true,"href":"https:\/\/zonenklaus.de\/wordpress\/index.php?rest_route=%2Fwp%2Fv2%2Ftags&post=38682"}],"curies":[{"name":"wp","href":"https:\/\/api.w.org\/{rel}","templated":true}]}}