{"id":38725,"date":"2022-07-14T19:49:30","date_gmt":"2022-07-14T18:49:30","guid":{"rendered":"https:\/\/zonenklaus.de\/wordpress\/?p=38725"},"modified":"2022-07-15T06:09:12","modified_gmt":"2022-07-15T05:09:12","slug":"lehrers-kinder-pastors-vieh-werden-selten-oder-nie","status":"publish","type":"post","link":"https:\/\/zonenklaus.de\/wordpress\/?p=38725","title":{"rendered":"\u201eLehrers Kinder, Pastors Vieh, werden selten oder nie\u201c"},"content":{"rendered":"<p><span style=\"font-family: Times New Roman, serif;\"><span style=\"font-size: medium;\">Hatte \u00f6fters beobachten k\u00f6nnen, dass es auch immer wieder zu einer uns\u00e4glichen <a href=\"https:\/\/www.budrich-journals.de\/index.php\/bios\/article\/download\/2759\/2294\">Steigerung<\/a> kommen konnte. Wenn dann die alleinerziehend Glucke nun auch noch alles daran setzte und aus ihrem ungl\u00fccklichen Ableger ein Mutters\u00f6hnchen hinbog&#8230;<\/span><\/span><br \/>\n<span style=\"font-family: Times New Roman, serif;\"><span style=\"font-size: medium;\">Wie lief es eigentlich bei Chrissi Lindner ab? <\/span><\/span><br \/>\n<span style=\"font-family: Times New Roman, serif;\"><span style=\"font-size: medium;\">Beginne wieder mit der Vorsichtsma\u00dfregel, was die Schreiberei bei WIKI angeht!<\/span><\/span><br \/>\n<span style=\"font-family: Times New Roman, serif;\"><span style=\"font-size: medium;\">Dort findet man den Hinweis zum fr\u00fchzeitige Engagement, weshalb der agile Z\u00f6gling bereits in den Startl\u00f6cher kauerte f\u00fcr seine sp\u00e4tere politische Laufbahn und dann mit 16 Jahren bereits, das Auf\u00adnahmepapierchen der FDP ergatterte.<\/span><\/span><br \/>\n<span style=\"font-family: Times New Roman, serif;\"><span style=\"font-size: medium;\">Nun wird bestimmt mancher der Meinung anh\u00e4ngen, typisch f\u00fcr solch einen Buben, der zwar kei\u00adnen gro\u00dfen Trieb versp\u00fcrte, einen <\/span><\/span><span style=\"font-family: Times New Roman, serif;\"><span style=\"font-size: medium;\"><i>anst\u00e4ndigen Beruf <\/i><\/span><\/span><span style=\"font-family: Times New Roman, serif;\"><span style=\"font-size: medium;\">zu erlernen. Allerdings von Anbeginn bereits sehr pfiffig daherkam und schon vorausschauenderweise in Richtung einer sp\u00e4teren Politkarriere schielte&#8230;<\/span><\/span><br \/>\n<span style=\"font-family: Times New Roman, serif;\"><span style=\"font-size: medium;\">Lebt \u00fcberhaupt Mutti noch? <\/span><\/span><br \/>\n<span style=\"font-family: Times New Roman, serif;\"><span style=\"font-size: medium;\">Konnte sie denn vom S\u00f6hnchen noch das Erklimmen auf den Schild der Macht erleben? <\/span><\/span><br \/>\n<span style=\"font-family: Times New Roman, serif;\"><span style=\"font-size: medium;\">Er hat doch seinen Parteiaufstieg prima gedeichselt, allerdings befindet er sich in sauguter Gesell\u00adschaft, denn solche Empork\u00f6mmlinge kann jeder Politverein vorweisen, ebenso ihr merkw\u00fcrdiges Gebaren! <\/span><\/span><br \/>\n<span style=\"font-family: Times New Roman, serif;\"><span style=\"font-size: medium;\"><i>Katharina K\u00f6rting &#8211; <a href=\"https:\/\/www.freitag.de\/autoren\/katharina-koerting\/lindner-hochzeit-abnehmendes-gespuer-fuers-volksempfinden\">der Freitag<\/a> &#8211;<\/i><\/span><\/span><span style=\"font-family: Times New Roman, serif;\"><span style=\"font-size: medium;\"> erkannte allerdings nur beim <\/span><\/span><span style=\"font-family: Times New Roman, serif;\"><span style=\"font-size: medium;\"><i>gelben Para-Duodezf\u00fcrst <\/i><\/span><\/span><span style=\"font-family: Times New Roman, serif;\"><span style=\"font-size: medium;\">ein<\/span><\/span> <span style=\"font-family: Times New Roman, serif;\"><span style=\"font-size: medium;\"><i>ab\u00adnehmendes Gesp\u00fcr f\u00fcrs Volksempfinden. <\/i><\/span><\/span><span style=\"font-family: Times New Roman, serif;\"><span style=\"font-size: medium;\">Was soll es eigentlich bedeuten, wenn die schreibende Da\u00adme nur beim Br\u00e4utigam solche Anwandlungen erkannte. Gesunder Menschenverstand, dazu ent\u00adsprechendes <\/span><\/span><span style=\"font-family: Times New Roman, serif;\"><span style=\"font-size: medium;\"><i>Wahrnehmungsverm\u00f6gen<\/i><\/span><\/span><span style=\"font-family: Times New Roman, serif;\"><span style=\"font-size: medium;\">, sind doch lediglich Reste von althergebrachten Illusionen, die letztlich immer schon den <\/span><\/span><span style=\"font-family: Times New Roman, serif;\"><span style=\"font-size: medium;\"><i>Volks<\/i><\/span><\/span><span style=\"font-family: Times New Roman, serif;\"><span style=\"font-size: medium;\">ver<\/span><\/span><span style=\"font-family: Times New Roman, serif;\"><span style=\"font-size: medium;\"><i>tretern,<\/i><\/span><\/span><span style=\"font-family: Times New Roman, serif;\"><span style=\"font-size: medium;\"> besonders den <\/span><\/span><span style=\"font-family: Times New Roman, serif;\"><span style=\"font-size: medium;\"><i>demokraturisch gew\u00e4hlten<\/i><\/span><\/span><span style=\"font-family: Times New Roman, serif;\"><span style=\"font-size: medium;\"> Politstaren, angedichtet wurden&#8230;<\/span><\/span><br \/>\n<span style=\"font-family: Times New Roman, serif;\"><span style=\"font-size: medium;\">Jener exorbitante Beschiss hat sich bereits seit Menschengedenken bew\u00e4hrt, warum soll nun alles eine Ver\u00e4nderung erfahren? <\/span><\/span><br \/>\n<span style=\"font-family: Times New Roman, serif;\"><span style=\"font-size: medium;\"><i><a href=\"https:\/\/www.zeit.de\/2022\/29\/christian-lindner-hochzeit-peter-sloterdijk\">Das Fest des F\u00fcrsten<\/a> &#8211; Zur Hochzeit von Christian Lindner auf Sylt war das Staraufgebot hoch. Die Traurede hielt allerdings ein Philosoph<\/i> &#8211; Peter Sloterdijk hat nun auch bei mir verschissen, bis zur Jungsteinzeit! <\/span><\/span><br \/>\n<span style=\"font-family: Times New Roman, serif;\"><span style=\"font-size: medium;\">Wer sich momentan zur illegalen kirchlichen Sanktionierung der Beziehung von CL &amp; FL \u00e4u\u00dfert, ist auch wieder zum Piepen! Vornweg nat\u00fcrlich <i><a href=\"https:\/\/www.rnd.de\/promis\/kritik-an-lindner-hochzeit-alice-schwarzer-aergert-sich-ueber-zeitpunkt-NIZTOZJJNJBWXKMRPJRTCFGNOQ.html\">\u201eEMMA\u201c Schwarzer<\/a> <\/i>und<i><a href=\"https:\/\/www.tagesschau.de\/inland\/hochzeit-lindner-kirche-kritik-101.html\"> Theologin K\u00e4\u00dfmann<\/a>,<\/i> hat die Pastorin vielleicht mal wieder etwas zu tief in eine Gl\u00e4schen geschaut? Sonst h\u00e4tte sie sich bestimmt an <a href=\"https:\/\/www.bibleserver.com\/de\/verse\/Matth%C3%A4us11%2C28\"><i>Matth\u00e4us 11,28<\/i><\/a> erinnern k\u00f6nnen!<\/span><\/span><br \/>\n<span style=\"font-family: Times New Roman, serif;\"><span style=\"font-size: medium;\">Wenn man mich fragen w\u00fcrde, ich sehe \u00fcberall nur <a href=\"https:\/\/taz.de\/Hochzeit-von-Christian-Lindner\/!5864306\/\">Sozialneid<\/a>, was jene Verehelichung betrifft. Lasst sie doch jetzt feiern, die kommende Scheidung dr\u00e4ut doch bereits am Horizont! <\/span><\/span><br \/>\n<span style=\"font-family: Times New Roman, serif;\"><span style=\"font-size: medium;\">Mich w\u00fcrde ledig interessieren, wie viel EURONEN diese Fete gekostet hat und wer daf\u00fcr aufkom\u00admen muss! <\/span><\/span><br \/>\n<span style=\"font-family: Times New Roman, serif;\"><span style=\"font-size: medium;\">Wird vielleicht keine Probleme geben, schlie\u00dflich geh\u00f6rt Chrissi zur <\/span><\/span><span lang=\"de-DE\">Partei der Besserverdiener, weil <\/span><span lang=\"de-DE\"><i>sie<\/i><\/span><span lang=\"de-DE\"> wollen, dass alle besser verdienen! Was ja hei\u00dfen k\u00f6nnte, dass jeder<\/span><span lang=\"de-DE\"><i> Hartz 4er<\/i><\/span><span lang=\"de-DE\">, auf Sylt solch <\/span><span lang=\"de-DE\"><i>Fescht<\/i><\/span><span lang=\"de-DE\"> ausrichten kann, zumal das 9-EURO-Ticket noch eine gewisse G\u00fcltigkeit besitzt. <\/span><br \/>\n<span lang=\"de-DE\">Wer nun weder eine entsprechend Fahrkarte hat, auch \u00fcber keinen Privatjet verf\u00fcgt, darf auch zur Insel r\u00fcber schwimmen&#8230;<\/span><!--more--><\/p>\n<p><b><span lang=\"de-DE\">Fu\u00dfnote: <\/span><\/b><span lang=\"de-DE\">Zum Abschluss noch ein entsprechendes Liedchen. Welches bestimmt aus gegeben Anlass auch dorthin gepasst h\u00e4tte, als eine kleinb\u00fcrgerliche\/proletarische Gr\u00f6lerei&#8230; <\/span><br \/>\n<span lang=\"de-DE\">Besser finde ich allerdings meinen anderen Wink. <\/span><br \/>\n<span lang=\"de-DE\">Wobei nat\u00fcrlich Phantasie gefordert ist, was aber kein Problem darstellen sollte, da in den Texten ein Haufen Leute erw\u00e4hnt werden, <a href=\"https:\/\/www.youtube.com\/watch?v=cOABBHISyLw\">die man sich dann vorstellen k\u00f6nnte!<\/a> <\/span><\/p>\n","protected":false},"excerpt":{"rendered":"<p>Hatte \u00f6fters beobachten k\u00f6nnen, dass es auch immer wieder zu einer uns\u00e4glichen Steigerung kommen konnte. Wenn dann die alleinerziehend Glucke nun auch noch alles daran setzte und aus ihrem ungl\u00fccklichen Ableger ein Mutters\u00f6hnchen hinbog&#8230; Wie lief es eigentlich bei Chrissi Lindner ab? Beginne wieder mit der Vorsichtsma\u00dfregel, was die Schreiberei bei WIKI angeht! Dort findet [&hellip;]<\/p>\n","protected":false},"author":6,"featured_media":0,"comment_status":"open","ping_status":"open","sticky":false,"template":"","format":"standard","meta":{"footnotes":""},"categories":[55],"tags":[],"class_list":["post-38725","post","type-post","status-publish","format-standard","hentry","category-alltaeglicher-wahnwitz"],"_links":{"self":[{"href":"https:\/\/zonenklaus.de\/wordpress\/index.php?rest_route=\/wp\/v2\/posts\/38725","targetHints":{"allow":["GET"]}}],"collection":[{"href":"https:\/\/zonenklaus.de\/wordpress\/index.php?rest_route=\/wp\/v2\/posts"}],"about":[{"href":"https:\/\/zonenklaus.de\/wordpress\/index.php?rest_route=\/wp\/v2\/types\/post"}],"author":[{"embeddable":true,"href":"https:\/\/zonenklaus.de\/wordpress\/index.php?rest_route=\/wp\/v2\/users\/6"}],"replies":[{"embeddable":true,"href":"https:\/\/zonenklaus.de\/wordpress\/index.php?rest_route=%2Fwp%2Fv2%2Fcomments&post=38725"}],"version-history":[{"count":2,"href":"https:\/\/zonenklaus.de\/wordpress\/index.php?rest_route=\/wp\/v2\/posts\/38725\/revisions"}],"predecessor-version":[{"id":38728,"href":"https:\/\/zonenklaus.de\/wordpress\/index.php?rest_route=\/wp\/v2\/posts\/38725\/revisions\/38728"}],"wp:attachment":[{"href":"https:\/\/zonenklaus.de\/wordpress\/index.php?rest_route=%2Fwp%2Fv2%2Fmedia&parent=38725"}],"wp:term":[{"taxonomy":"category","embeddable":true,"href":"https:\/\/zonenklaus.de\/wordpress\/index.php?rest_route=%2Fwp%2Fv2%2Fcategories&post=38725"},{"taxonomy":"post_tag","embeddable":true,"href":"https:\/\/zonenklaus.de\/wordpress\/index.php?rest_route=%2Fwp%2Fv2%2Ftags&post=38725"}],"curies":[{"name":"wp","href":"https:\/\/api.w.org\/{rel}","templated":true}]}}