{"id":38783,"date":"2022-07-20T21:21:42","date_gmt":"2022-07-20T20:21:42","guid":{"rendered":"https:\/\/zonenklaus.de\/wordpress\/?p=38783"},"modified":"2022-07-21T21:45:53","modified_gmt":"2022-07-21T20:45:53","slug":"ich-finde-es-ganz-grossartig-und-saugeil-die-eu-kommission-hatte-mich-wirklich-nicht-enttaeuscht","status":"publish","type":"post","link":"https:\/\/zonenklaus.de\/wordpress\/?p=38783","title":{"rendered":"Ich finde es ganz gro\u00dfartig und saugeil &#8211; Die EU-Kommission hatte mich wirklich nicht entt\u00e4uscht!"},"content":{"rendered":"<p>Es handelte sich wieder um eine ganz, ganz typische Politswingerfete, einer Masturbationsperfor\u00admance der \u00fcblichen Art.<br \/>\nWas gab es dazu im Fratzenradio zu sehen?<br \/>\nEin Reporte plapperte aus Br\u00fcssel, der Studio-Heinz stellte daf\u00fcr wieder g\u00e4ngige, ewig ausge\u00adlutschte Fragen, da er ja irgendwie seine Zeit auch totschlagen musste. So richtig schien ihm nicht klar zu sein, was f\u00fcr die Zuschauern f\u00fcr glaubhaft gepfriemte Notwahrheiten rauskommen sollten, im verbalen Ringelpiez mit seinem Kollegen.<br \/>\nDer ausw\u00e4rtige Mann plapperte richtiggehend gut. Schon bewundernswert, was man so alles ablas\u00adsen kann, wenn vor Ort \u00fcberhaupt nichts geschehen ist.<br \/>\nBringe mal im Telegrammstil die implodierten Sprechblasen aus dem hohen Hause, entsprechend geh\u00fcbscht.<br \/>\nAch so, Flintenuschi wurde kurz eingeblendet. Da kam ihr sichtlich banniger Spa\u00df auf, wenn sie als gro\u00dfe Macherin ewig mit dem Gl\u00f6ckchen hantierte. Mama wurde dabei sicher an alte Gewohnhei\u00adten zuhause erinnert, wenn die famili\u00e4re Handballmannschaft schellend gerufen wurde&#8230;<!--more--><br \/>\nMan traf sich halt in Br\u00fcssel, um demn\u00e4chst ein identisches Prozedere f\u00fcr s\u00e4mtlichen Staats- und Regierungschef\u00b4s der 27 L\u00e4nder anzuk\u00fcndigen.<br \/>\nWarum wurden die nicht gleich eingeladen? Da h\u00e4tte sich doch das heutige Palaver er\u00fcbrigt und man ein Haufen Kohle sparen k\u00f6nnen!<br \/>\nAllerdings existieren f\u00fcr die auserw\u00e4hlten <i>Landesluschen<\/i><b>*<\/b><sup><b>INNEN usw. u.\u00e4.<\/b><\/sup> auch kein Pl\u00e4ne, wegen even\u00adtueller Gemeinsamkeiten, \u00fcber die sie dann labern d\u00fcrfen.<br \/>\nSolche <i>wichtigen <\/i>Sachen m\u00fcssen die sich selber vorher ausknautschen, da die EU-Kommission nur mit <i>Vorschl\u00e4gen<\/i> und <i>Empfehlungen<\/i> aufwarten kann.<br \/>\nWeshalb existiert dann jener Flach-Wixerverein \u00fcberhaupt?<br \/>\nDamit Uschi lediglich mit dem Gl\u00f6ckchen spielen darf?<br \/>\nDie sp\u00e4ter zu zitierenden Nasen*<sup><b>INNEN usw. u.\u00e4.<\/b><\/sup> sollen dann identische Priorit\u00e4ten ausklam\u00fcsern, in Richtung <i>national\u00f6konomischer Notfallpl\u00e4ne<\/i>, zum Schutz der Verbraucher! Nun k\u00f6nnen die EU-ler nichts aus ihren H\u00fcten zaubern, daf\u00fcr sollen sich die Mitglieder von au\u00dferhalb etwas<i> praxistaugli\u00adches<\/i> einfallen lassen. Es geht aufgrund dessen, haupts\u00e4chlich darum, von irgendwoher <i>energieinten\u00adsive Vorprodukte <\/i>zu besorgen, wie Stahl und Ammoniak. Letzteres vielleicht f\u00fcr die Herstellung von nostalgischen Sprengstoffen?<br \/>\nWas ist eigentlich darunter zu verstehen, dass der Gasverbrauch nach au\u00dferhalb der EU verlagert werden soll?<br \/>\nAngeblich zog man daf\u00fcr die Lehren aus Pandemiezeiten. Ist sicher dem laufenden Wirrwarr ge\u00adschuldet, als sich die ganz gro\u00dfen E<i>ks<\/i>pertennarren permanent ihr schwachsinniges <em>Pro und <\/em><i>Contra <\/i>um die Ohren schlugen, bevorzugt in Talkshows&#8230;<br \/>\nDa zahlen wir GEZ-Geb\u00fchren und was bliebt, von ungef\u00e4hr 15 Minuten MIMA <span style=\"font-size: small;\"><b>(<\/b><\/span><span style=\"font-size: small;\">MOMA ist noch einen wesentlich gr\u00f6\u00dferen Zacken verbl\u00f6dender!<\/span><span style=\"font-size: small;\"><b>)<\/b><\/span>, eigentlich bei mir h\u00e4ngen?<br \/>\nAlso, die EU-Kommission besitzt \u00fcberhaupt keine Kompetenzen, kann lediglich Empfehlungen unters Volk streuen, darunter darf nichts verbindliches sein! Perspektivisch gesehen wird letztlich absolut nichts krisenfestes dabei herauskommen&#8230;<br \/>\nVerstand nicht, was es mit dem schleierhaften <i>Solidarit\u00e4tsabkommen<\/i> auf sich hat, und weshalb nur 6 Staaten damit verbandelt sind, von 27 EU-Mitgliedsstaaten.<br \/>\nIst mir aber auch schnurzegal!<br \/>\nWeshalb soll ich mir eigentlich solchen Verbald\u00fcnnschi\u00df einziehen, den anschlie\u00dfend die Modera\u00adtoren immer noch mit allen m\u00f6glichen Dummschnack w\u00fcrzen.<br \/>\nNur um die kurze Quotenblondine bimmelnderweise zu erleben?<br \/>\nHinzu kommt, dass mich ihre phrasenhaften Vortragsk\u00fcnste immer gewaltig anstinken, wenn sie sich an den Mikros schafft, wie ein oberster Oberprimaner&#8230;<br \/>\nWitzig finde ich allerdings den h\u00f6lzern erscheinenden Haarschopf, kann es sein, dass sie damit, zumindest rein \u00e4u\u00dferlich, ihrer Hirnkugel ein gr\u00f6\u00dferes Volumen gibt?<br \/>\nDavon abgesehen mit den K\u00f6pfen ist es sowieso ein seltsames Ding&#8230;<br \/>\nSo richtig mochte ich Heinz Erhardt ja nicht, aber seine Wortspiele hatten wirklich etwas, wie hier z.B.:<br \/>\nJetzt wei\u00df ich endlich auch, wieso<br \/>\nsie K\u00f6pfe haben! Soll ich\u2019s sagen?<br \/>\nSie brauchen dann das viele Stroh<br \/>\nnicht in der Hand zu tragen!<\/p>\n<p><strong>Fu\u00dfnote:<\/strong> Die kommende Sparreduzierung hat auch seine guten Seiten!<br \/>\nMan k\u00f6nnte dazu mal die verordneten Putin-Vollscheuklappen ablegen, \u00f6fters Die <a href=\"https:\/\/zonenklaus.de\/wordpress\/?p=19351\">Laterne der Dummen<\/a> ausgeschaltet lassen und daf\u00fcr etwas von <a href=\"https:\/\/www.karenina.de\/kultur\/buehne\/sorokin-ueber-russische-literatur-totale-luege\/\">Wladimir Sorokin<\/a> lesen!<\/p>\n","protected":false},"excerpt":{"rendered":"<p>Es handelte sich wieder um eine ganz, ganz typische Politswingerfete, einer Masturbationsperfor\u00admance der \u00fcblichen Art. Was gab es dazu im Fratzenradio zu sehen? Ein Reporte plapperte aus Br\u00fcssel, der Studio-Heinz stellte daf\u00fcr wieder g\u00e4ngige, ewig ausge\u00adlutschte Fragen, da er ja irgendwie seine Zeit auch totschlagen musste. So richtig schien ihm nicht klar zu sein, was [&hellip;]<\/p>\n","protected":false},"author":6,"featured_media":0,"comment_status":"open","ping_status":"open","sticky":false,"template":"","format":"standard","meta":{"footnotes":""},"categories":[55],"tags":[],"class_list":["post-38783","post","type-post","status-publish","format-standard","hentry","category-alltaeglicher-wahnwitz"],"_links":{"self":[{"href":"https:\/\/zonenklaus.de\/wordpress\/index.php?rest_route=\/wp\/v2\/posts\/38783","targetHints":{"allow":["GET"]}}],"collection":[{"href":"https:\/\/zonenklaus.de\/wordpress\/index.php?rest_route=\/wp\/v2\/posts"}],"about":[{"href":"https:\/\/zonenklaus.de\/wordpress\/index.php?rest_route=\/wp\/v2\/types\/post"}],"author":[{"embeddable":true,"href":"https:\/\/zonenklaus.de\/wordpress\/index.php?rest_route=\/wp\/v2\/users\/6"}],"replies":[{"embeddable":true,"href":"https:\/\/zonenklaus.de\/wordpress\/index.php?rest_route=%2Fwp%2Fv2%2Fcomments&post=38783"}],"version-history":[{"count":1,"href":"https:\/\/zonenklaus.de\/wordpress\/index.php?rest_route=\/wp\/v2\/posts\/38783\/revisions"}],"predecessor-version":[{"id":38785,"href":"https:\/\/zonenklaus.de\/wordpress\/index.php?rest_route=\/wp\/v2\/posts\/38783\/revisions\/38785"}],"wp:attachment":[{"href":"https:\/\/zonenklaus.de\/wordpress\/index.php?rest_route=%2Fwp%2Fv2%2Fmedia&parent=38783"}],"wp:term":[{"taxonomy":"category","embeddable":true,"href":"https:\/\/zonenklaus.de\/wordpress\/index.php?rest_route=%2Fwp%2Fv2%2Fcategories&post=38783"},{"taxonomy":"post_tag","embeddable":true,"href":"https:\/\/zonenklaus.de\/wordpress\/index.php?rest_route=%2Fwp%2Fv2%2Ftags&post=38783"}],"curies":[{"name":"wp","href":"https:\/\/api.w.org\/{rel}","templated":true}]}}