{"id":38830,"date":"2022-07-31T21:27:39","date_gmt":"2022-07-31T20:27:39","guid":{"rendered":"https:\/\/zonenklaus.de\/wordpress\/?p=38830"},"modified":"2024-05-24T23:47:35","modified_gmt":"2024-05-24T22:47:35","slug":"deutschland-hat-deutschland-hat-verwonnen","status":"publish","type":"post","link":"https:\/\/zonenklaus.de\/wordpress\/?p=38830","title":{"rendered":"Deutschland hat verwonnen!"},"content":{"rendered":"<p><span style=\"font-size: medium;\"><img loading=\"lazy\" decoding=\"async\" class=\"size-thumbnail wp-image-38831 alignleft\" src=\"https:\/\/zonenklaus.de\/wordpress\/wp-content\/uploads\/2022\/08\/EM-150x133.jpg\" alt=\"\" width=\"150\" height=\"133\" srcset=\"https:\/\/zonenklaus.de\/wordpress\/wp-content\/uploads\/2022\/08\/EM-150x133.jpg 150w, https:\/\/zonenklaus.de\/wordpress\/wp-content\/uploads\/2022\/08\/EM-300x267.jpg 300w, https:\/\/zonenklaus.de\/wordpress\/wp-content\/uploads\/2022\/08\/EM-768x682.jpg 768w, https:\/\/zonenklaus.de\/wordpress\/wp-content\/uploads\/2022\/08\/EM-624x555.jpg 624w, https:\/\/zonenklaus.de\/wordpress\/wp-content\/uploads\/2022\/08\/EM.jpg 889w\" sizes=\"auto, (max-width: 150px) 100vw, 150px\" \/>Wie ist aber jene idiotische Headline zu verstehen? <\/span><br \/>\n<span style=\"font-size: medium;\">Da schien wohl ein Haufen Sozialneid hochzukommen, weil die<i> Brexit-Kickertan\u00adten<\/i><b>*<\/b><sup><b>usw. u.a. <\/b><\/sup>wesentlich besser spielten und trotzdem den Titel holten&#8230;<b> <\/b> <\/span><br \/>\n<span style=\"font-size: medium;\">Wollte irgendwann den Wetterbericht einziehen, stellte dabei fest, dass die M\u00e4dels immer noch umher huschten.<\/span><br \/>\n<span style=\"font-size: medium;\">In den letzten paar Minuten rauchte ich dann auf der Terrasse noch einen Glimmer.<\/span><br \/>\n<span style=\"font-size: medium;\">Dann war endlich Schluss und ich begab mich wieder ins Zimmer, ewig passierte aber nichts besonderes. Stellte deshalb das <i>Fratzenradio<\/i> auch gleich ab, weil n\u00fcscht anderweitiges passierte. Sa\u00df n\u00e4mlich vorher, einer absurden Fehlspekulation auf. Denn als vollkommen unbedarfter Kickere<i>ks<\/i>perte, nahm ich an, dass sich die eine oder andere Dame, in himmelhochjauchzender Euphorie, das Trikot von ihrem Leib riss. <\/span><br \/>\n<span style=\"font-size: medium;\">Gott nochmal, war ich bescheuert! <\/span><br \/>\n<span style=\"font-size: medium;\">Schon klar, mir fiel pl\u00f6tzlich ein, da h\u00e4tte es sowieso <\/span><span style=\"font-size: medium;\"><i>nich ville<\/i><\/span><span style=\"font-size: medium;\"> zusehen gegeben, denn von ihren k\u00f6rperlichen Zust\u00e4nden her, erinnerten viele <\/span><span style=\"font-size: medium;\"><i>Balltreterinnen<\/i><\/span><span style=\"font-size: medium;\"> an die <a href=\"https:\/\/www.flickr.com\/photos\/zonenklaus\/50416915588\/in\/album-72157716257913357\/\">mageren Zicklein,<\/a> die mir ewig auf <\/span><em><span style=\"font-size: medium;\">MRS<\/span><span style=\"font-size: medium;\">. <\/span><\/em><span style=\"font-size: medium;\"><em>SPORTY \u00b4\u00b4 s<\/em> <\/span><span style=\"font-size: medium;\">Reklamepappen vor meine \u00c4uglein kommen, wenn ich an dem Laden vorbei drifte&#8230;<\/span><br \/>\n<span style=\"font-size: medium;\">Da haben wir es wieder!<\/span><br \/>\n<span style=\"font-size: medium;\">Weshalb qu\u00e4len mich eigentlich ewig solche <\/span><em><span style=\"font-size: medium;\">machistischen<\/span><\/em><span style=\"font-size: medium;\"><em> Anf\u00e4lle<\/em>? Welche mir bei den Typen nicht kommen, wenn sie die Shirt`s von ihren Leibern rei\u00dfen? <\/span><br \/>\n<span style=\"font-size: medium;\">Ist eigentlich ganz einfach, dachte in solchen Momenten lediglich, wird schon seinen Grund haben. Sind sicher Knaben, die ihre mageren Brustbeine deshalb zur Schau stellen, weil sie eigentlich vom anderen Stern kommen und ihre latent vorhandenen Gef\u00fchle, nur weichgesp\u00fclt pr\u00e4sentieren d\u00fcrfen&#8230;<\/span><br \/>\n<span style=\"font-size: medium;\">Was ich aber nicht verstehen kann, weshalb sie ihre schwei\u00dfigen Klamotten dann nicht immer in die Fanmassen feuern. <\/span><br \/>\n<span style=\"font-size: medium;\">Schon klar! Meine <\/span><em><span style=\"font-size: medium;\">sexistischen <\/span><\/em><span style=\"font-size: medium;\"><em>Anwandlungen<\/em> wurden am Abend, nat\u00fcrlich von der Hymne jener <\/span><a href=\"https:\/\/www.youtube.com\/watch?v=thJgU9jkdU4\"><em><span style=\"font-size: medium;\">Rammsteinigen Ostschlusen <\/span><\/em><\/a><span style=\"font-size: medium;\">gepr\u00e4gt! <\/span><br \/>\n<span style=\"font-size: medium;\">Deren Liedchen ich in den d\u00e4mmerigen heutigen Zeiten richtig erfrischend finde, hin\u00adgegen jenes bescheuerten Malle-Hit\u00b4s, von <\/span><a href=\"https:\/\/www.youtube.com\/watch?v=8grvLAtU-nI\"><span style=\"font-size: medium;\"><em>DJ Robin x Sch\u00fcrze.<\/em> <\/span><\/a><br \/>\n<span style=\"font-size: medium;\">Gebe abschlie\u00dfen noch etwas zu bedenken!<\/span><br \/>\n<span style=\"font-size: medium;\">Vor \u00fcber 50 Jahren, brachten <\/span><a href=\"https:\/\/www.youtube.com\/watch?v=Th3ycKQV_4k\"><em><span style=\"font-size: medium;\">Derek and the Dominos<\/span><\/em><\/a> <em><span style=\"font-size: xx-small;\"><b>(<\/b><\/span><\/em><em><span style=\"font-size: xx-small;\">Werde hier aber nicht erkl\u00e4ren, wer sich hinter dieser Gruppe verbarg!<\/span><\/em><em><span style=\"font-size: xx-small;\"><b>) <\/b><\/span><\/em><span style=\"font-size: medium;\">bereits einen <\/span><span style=\"font-size: medium;\">Lovesong <\/span><span style=\"font-size: medium;\">heraus, der sich auf ein M\u00e4del gleich<\/span><span style=\"font-size: medium;\">en<\/span><span style=\"font-size: medium;\"> Namens bezog.<\/span><!--more--><\/p>\n<p><span style=\"font-size: large;\">Gehe mal retour zu etwas nostalgischen Reflexionen&#8230; <\/span><br \/>\n<span style=\"font-size: large;\">Mir kommt zu meiner Generation eine Anmerkung hinzu, etwas aus eigener Erfah\u00adrung. Es betrifft nicht nur meine Tonband-Musikmischung, zu den legend\u00e4ren w\u00f6\u00adchentlichen Feten, im Keller des Pfarrhauses von Melkow. <\/span><br \/>\n<span style=\"font-size: large;\">Ab einer bestimmten Uhrzeit wurden keine Platten mehr aufgelegt, dann ging es mit der Bandmaschine entsprechend weiter. Je nach wechselnder Anwesenheit, waren die Mucken entsprechen zusammen gemixt. Zu fortgeschrittenen morgendlichen Stun\u00adden, kamen nach vielen <a href=\"https:\/\/www.youtube.com\/watch?v=41cFf9N5F-A\">Beatkl\u00e4ngen<\/a> und <a href=\"https:\/\/www.youtube.com\/watch?v=pa4unAZbxyI\">Rock\u00b4n Roll<\/a>, dann immer mehr softe Hit\u00b4s. <\/span><br \/>\n<span style=\"font-size: large;\">Da sich ewig auch neue G\u00e4ste einfanden, die entsprechend gebaggert hatten, klangen die N\u00e4chte mit <\/span><a href=\"https:\/\/www.youtube.com\/watch?v=bYZ2ftVIr0g\"><em><span style=\"font-size: large;\">Dosen\u00f6ffnern<\/span><\/em><\/a><span style=\"font-size: large;\"> aus, die bestanden haupts\u00e4chlich aus <a href=\"https:\/\/www.youtube.com\/watch?v=qaE7C-hf6Wg\">schwarzer Ami-Musik,<\/a> allerdings geh\u00f6rte ebenso jene <\/span><em><span style=\"font-size: large;\">Layla<\/span><\/em><span style=\"font-size: large;\"> dazu&#8230;<\/span><br \/>\n<span style=\"font-size: large;\">Nun meine Frage, zur weiteren Entwicklung&#8230; <\/span><br \/>\n<span style=\"font-size: large;\">Was haben wir eigentlich von unseren anf\u00e4glichen <a href=\"https:\/\/zonenklaus.de\/wordpress\/wp-content\/uploads\/2022\/08\/A.-Schweitzer-mit-Marabu.pdf\">Tr\u00e4umen und Sehns\u00fcchten<\/a> ausgelebt und positive Reste davon, sp\u00e4ter erfolgreich an die nachfolgende Generation weitergegeben?<\/span><br \/>\n<span style=\"font-size: large;\">Ohne den ganzen Schei\u00df von <i>nachhaltigen <\/i>Legendenbildungen und sonstiger Sch\u00f6nf\u00e4rberei, m\u00fcsste ich bei realistischen Gedankenspielen, diesbez\u00fcglich doch sehr lange Nachdenken, was<\/span><span style=\"font-size: large;\"> Ost und West gleichzeitig betreffen w\u00fcrde. Da ist nicht viel von Fortbestand \u00fcbrig geblie\u00adben! <\/span><br \/>\n<span style=\"font-size: large;\">Nun hat es sich bereits sehr lange schleichend eingeb\u00fcrgert, dass <em>machtgeile Re\u00ad<\/em><\/span><span style=\"font-size: large;\"><em>negaten aller Couleur<\/em>, <em>Flachwixwer<\/em> und <em>visionsresistente Probierpolitiker,<\/em> kraftvoll ihre Neurosen ausleben d\u00fcrfen. Wobei sich unter dem <\/span><em><span style=\"font-size: large;\">demokraturischen Deckm\u00e4ntel\u00adchen<\/span><\/em><span style=\"font-size: large;\">, ein un\u00fcberschaubares Heer von <em>zufriedenen Sklaven<\/em>, wohlig einrichten durfte&#8230; <\/span><br \/>\n<span style=\"font-size: large;\">Als ganz billiges Beispiel k\u00f6nten beide <\/span><em><span style=\"font-size: large;\">Layla \u00b4\u00b4\u00a0 s<\/span><\/em><span style=\"font-size: large;\"> herangezogen werden&#8230;<\/span><br \/>\n<span style=\"font-size: large;\">Unsere damaligen Kl\u00e4nge und jene heutige Version, die von Teilen der jetzigen <\/span><em><span style=\"font-size: large;\">ver\u00adbl\u00f6denden iPhone-Generation<\/span><\/em><span style=\"font-size: large;\"> innig gebl\u00f6kt wird. Prompt stehen pissig agierende Kulturfuzzis auf der Matte, fungieren willk\u00fcrlich als Moralapostel, und bedenken nicht die Bohne, dass selbiger Hit eine Ventilfunktion beinhaltet, wegen der Jahrzehn\u00adtelangen Situation in beiden Deutschen Staaten, nach Beendigung des letzten Krieges in Gesamteuropa. Der weiteren Initialz\u00fcndung durch die <em>sog. 68er- Bewegung<\/em>, einer fortschreitenden und sehr <\/span><em><span style=\"font-size: large;\">nachhaltigen<\/span> <\/em><span style=\"font-size: large;\"><em>Verprollung<\/em>, <\/span><span style=\"font-size: large;\">des <em>ausufernden <\/em><\/span><em><span style=\"font-size: large;\">Quoten-Wider\u00adsinn \u00b4\u00b4\u00a0 s<\/span><\/em><span style=\"font-size: large;\"><em> in allen Lebenslagen<\/em>, nicht zu vergessen &#8211; die <em>pathologische Genderei.<\/em>..<\/span><br \/>\n<span style=\"font-size: large;\">Gut, bei mir war es damals etwas anderes, <\/span><span style=\"font-size: large;\"><em>nur ein bisschen<\/em>. <\/span><span style=\"font-size: large;\">Irgendwann wollte ich die <\/span><em><span style=\"font-size: large;\">Bahnsteigkarte <\/span><\/em><span style=\"font-size: large;\">f\u00fcr die angrenzen Ostblockstaaten gegen ein Pass tauschen, zumal mir die letzten anderthalb Jahre, auch noch ein <a href=\"https:\/\/www.ddr-wissen.de\/wiki\/ddr.pl?PM-12\">PM12<\/a> aufgedr\u00fcckt wurde&#8230; <\/span><\/p>\n<p><span style=\"font-size: large;\">Da ich der \u00e4lteste Bewohner des Pfarrhauses war, lie\u00dfen sich die Genossen permanent witzige Sachen einfallen, vornweg der fette B\u00fcrgermeister, ewig wurde auch mit Knast gedroht. <\/span><br \/>\n<span style=\"font-size: large;\">Als einige der wenigen im Dorf mit SFB 3, sollten wir den G\u00f6ren nicht erlauben, t\u00e4g\u00adlich die Sesamstra\u00dfe zu schauen, denn dabei handelte es sich<em> um Verbreitung von Westfernsehen<\/em>. Dabei verstanden die Kids \u00fcberhaupt nichts, denn damals wurde das ame\u00adrikanische Original ausgestrahlt&#8230;<\/span><\/p>\n<div id=\"attachment_38833\" style=\"width: 120px\" class=\"wp-caption alignleft\"><img loading=\"lazy\" decoding=\"async\" aria-describedby=\"caption-attachment-38833\" class=\"size-thumbnail wp-image-38833\" src=\"https:\/\/zonenklaus.de\/wordpress\/wp-content\/uploads\/2022\/08\/0206-110x150.jpg\" alt=\"\" width=\"110\" height=\"150\" srcset=\"https:\/\/zonenklaus.de\/wordpress\/wp-content\/uploads\/2022\/08\/0206-110x150.jpg 110w, https:\/\/zonenklaus.de\/wordpress\/wp-content\/uploads\/2022\/08\/0206-221x300.jpg 221w, https:\/\/zonenklaus.de\/wordpress\/wp-content\/uploads\/2022\/08\/0206.bmp 356w\" sizes=\"auto, (max-width: 110px) 100vw, 110px\" \/><p id=\"caption-attachment-38833\" class=\"wp-caption-text\">Jheronymos Eckehard Post<\/p><\/div>\n<p><span style=\"font-size: large;\">Unser Kater sollte unbedingt einen anderen Namen bekommen!<\/span><br \/>\n<span style=\"font-size: large;\">Wegen der Feten, wollte sie mich wegen Zuh\u00e4lterei verdonnern. Was zur Folge hatte, dass ich einige Wochen Ausweiskontrollen durchf\u00fchrte, bis alles ein Selbstlauf be\u00adkam, Knaben mussten 16 Jahre alt sein, M\u00e4dels 18&#8230; <\/span><\/p>\n","protected":false},"excerpt":{"rendered":"<p>Wie ist aber jene idiotische Headline zu verstehen? Da schien wohl ein Haufen Sozialneid hochzukommen, weil die Brexit-Kickertan\u00adten*usw. u.a. wesentlich besser spielten und trotzdem den Titel holten&#8230; Wollte irgendwann den Wetterbericht einziehen, stellte dabei fest, dass die M\u00e4dels immer noch umher huschten. In den letzten paar Minuten rauchte ich dann auf der Terrasse noch einen [&hellip;]<\/p>\n","protected":false},"author":6,"featured_media":0,"comment_status":"open","ping_status":"open","sticky":false,"template":"","format":"standard","meta":{"footnotes":""},"categories":[55],"tags":[],"class_list":["post-38830","post","type-post","status-publish","format-standard","hentry","category-alltaeglicher-wahnwitz"],"_links":{"self":[{"href":"https:\/\/zonenklaus.de\/wordpress\/index.php?rest_route=\/wp\/v2\/posts\/38830","targetHints":{"allow":["GET"]}}],"collection":[{"href":"https:\/\/zonenklaus.de\/wordpress\/index.php?rest_route=\/wp\/v2\/posts"}],"about":[{"href":"https:\/\/zonenklaus.de\/wordpress\/index.php?rest_route=\/wp\/v2\/types\/post"}],"author":[{"embeddable":true,"href":"https:\/\/zonenklaus.de\/wordpress\/index.php?rest_route=\/wp\/v2\/users\/6"}],"replies":[{"embeddable":true,"href":"https:\/\/zonenklaus.de\/wordpress\/index.php?rest_route=%2Fwp%2Fv2%2Fcomments&post=38830"}],"version-history":[{"count":18,"href":"https:\/\/zonenklaus.de\/wordpress\/index.php?rest_route=\/wp\/v2\/posts\/38830\/revisions"}],"predecessor-version":[{"id":41669,"href":"https:\/\/zonenklaus.de\/wordpress\/index.php?rest_route=\/wp\/v2\/posts\/38830\/revisions\/41669"}],"wp:attachment":[{"href":"https:\/\/zonenklaus.de\/wordpress\/index.php?rest_route=%2Fwp%2Fv2%2Fmedia&parent=38830"}],"wp:term":[{"taxonomy":"category","embeddable":true,"href":"https:\/\/zonenklaus.de\/wordpress\/index.php?rest_route=%2Fwp%2Fv2%2Fcategories&post=38830"},{"taxonomy":"post_tag","embeddable":true,"href":"https:\/\/zonenklaus.de\/wordpress\/index.php?rest_route=%2Fwp%2Fv2%2Ftags&post=38830"}],"curies":[{"name":"wp","href":"https:\/\/api.w.org\/{rel}","templated":true}]}}