{"id":38850,"date":"2022-08-01T21:55:00","date_gmt":"2022-08-01T20:55:00","guid":{"rendered":"https:\/\/zonenklaus.de\/wordpress\/?p=38850"},"modified":"2022-08-03T22:43:55","modified_gmt":"2022-08-03T21:43:55","slug":"da-wurde-eine-richtige-boeckin-zur-gaertnerin-befoerdert","status":"publish","type":"post","link":"https:\/\/zonenklaus.de\/wordpress\/?p=38850","title":{"rendered":"Da wurde eine richtige &#8220;B\u00f6ckin&#8221; zur &#8220;G\u00e4rtnerin&#8221; bef\u00f6rdert!"},"content":{"rendered":"<p><span style=\"font-size: large;\">Eins muss man der hellroten Genossin, sowie <i>Hardcore<\/i>-Katholikin aber lassen, <i>stupi\u00addierte<\/i> sie doch <b>20<\/b> <i>Silvester<\/i> an der Bonner <i>Unit\u00e4t<\/i> und schloss jene vergeudeten Jahre, schlie\u00dflich doch als <i>Magistra Artium<\/i> ab.<\/span><\/p>\n<p><span style=\"font-size: large;\"><b>WIKI<\/b> meint zum erheischten <i>D<\/i>i<i>d<\/i>el: <i>Der Titel <\/i><i><b>m<\/b><\/i><i>agister <\/i><i><b>a<\/b><\/i><i>rtium (<\/i><i><b>M.A<\/b><\/i><i>., w\u00f6rtlich \u201eMeister der K\u00fcn\u00adste\u201c), auch liberalium artium magister, bezieht sich auf die in der Antike vorgebildete und durch das gesamte Mittelalter hindurch tradierte Auffassung von den Disziplinen der Grundlagenwissen\u00adschaften als den septem artes liberales, der <\/i>Sieben Freien K\u00fcnste &#8211; Grammatik<i>, <\/i>Rhetorik<i> und <\/i>Dialektik<i>, das sprachlich gepr\u00e4gte Trivium (\u201eDreiweg\u201c), und anschlie\u00dfend <\/i>Arithmetik<i>, <\/i>Geometrie,<i> <\/i>Musik<i> und <\/i>Astronomie<i>, das mathematisch gepr\u00e4gte Quadrivium (\u201eVierweg\u201c)<\/i><\/span><\/p>\n<p><span style=\"font-size: large;\">Alles endete mit der Magistraarbeit und dem tiefsch\u00fcrfenden Titel <b>\u201e<\/b><i>Die Funktion von Katastrophen im Serien-Liebesroman<\/i><b>\u201c&#8230;<\/b> <\/span><br \/>\n<span style=\"font-size: large;\">Endlich hat Madame es geschafft und sich nach langer Parteiarbeit, an die Spitze der Bundesagentur f\u00fcr Arbeit durchgeschlenzt. Es begann mit ihrer Studienzeit, die sie l\u00e4ssig, wie ein <span lang=\"de-DE\">elastisches Polymer streckte, allerdings wurde sp\u00e4ter auf das Eitelkeitsk\u00fcrzel verzichtete! <\/span><\/span><\/p>\n<p><span style=\"font-size: large;\"><span lang=\"de-DE\">Wenn ich die Zeit meines BK-Neckermann-Abiturs hinzuz\u00e4hle, komme ich leider nur auf 17 <\/span><span lang=\"de-DE\"><i>Silvester <\/i><\/span><span lang=\"de-DE\">an der <\/span><span lang=\"de-DE\"><i>Freien-Unit\u00e4t<\/i><\/span><span lang=\"de-DE\">&#8230; <\/span> <\/span><\/p>\n<p><span style=\"font-size: large;\">Hier die <a href=\"https:\/\/www.flickr.com\/photos\/zonenklaus\/7494234060\/in\/datetaken\/\">Sprossen<\/a> ihrer Kariere-Leiter: <i>1995\/1999 Bundesvorsitzende der Jusos, 1998\/2002 sowie 2005\/2019 Mitglied des Deutschen Bundestages, 2009\/2013 SPD-Generalsekret\u00e4rin, 2013\/2017 Bundesministerin f\u00fcr Arbeit und Soziales<\/i> <span style=\"font-size: small;\"><b>(<\/b><\/span><span style=\"font-size: small;\">War sie das wirklich? Die Genossin Ist mir damals nur durch endlose Laberei aufgefallen, kann mich aber nicht erinnern, auf welchem Posten sie dabei hockt.<\/span><span style=\"font-size: small;\"><b>)<\/b><\/span><i>, 2018\/2019 SPD-Parteivorsitzende und von 2017\/2019 Vorsitzende der SPD-Bundestagsfraktion, jeweils als erste Quotentante diesen Funktionen. <\/i><\/span><br \/>\n<span style=\"font-size: large;\">Vermute fast, ihr kamen auch immer wieder gewisse <i>Katastrophen <\/i>dazwischen, die sind ja nun auf lange Zeit ebenso vorprogrammiert, ob ihr da die M.A. helfen kann?<\/span><!--more--><\/p>\n<p><span style=\"font-size: large;\"><a href=\"https:\/\/www.cicero.de\/innenpolitik\/andrea-nahles-spd-bundesagentur-fur-arbeit\"><strong>Die Arbeiterin<\/strong><\/a><br \/>\n<em>Ab heute f\u00fchrt die fr\u00fchere SPD-Vorsitzende Andrea Nahles die Bundesagentur f\u00fcr Arbeit. Die Personalie ist deutlich mehr als ein Versorgungsposten unter Genossen. Als Partei- und Fraktionsvorsitzende ist sie gescheitert, f\u00fcr ihre neue Aufgabe k\u00f6nnte sie genau die richtige Person sein. <\/em><\/span><br \/>\n<span style=\"font-size: large;\">Gerade deshalb wird sie als <em>gut trainierte Kompetenzsimulantin<\/em>, vollkommen <em>fachm\u00e4nnisch<\/em> in ihrem neuen Job aufgehen! <\/span><br \/>\n<span style=\"font-size: large;\">Sehe es total POSITIV<strong>!<\/strong> <\/span><br \/>\n<span style=\"font-size: large;\">Andrea wird <em>dem Schwein<\/em> schon schlachten, auch wenn<em> ihm<\/em> quiekt &#8211; <\/span><span style=\"font-size: large;\">deshalb wird <i>dem Kind <\/i>schon irgendwie geschaukelt&#8230;<\/span><br \/>\n<span style=\"font-size: large;\">Schlie\u00dflich f\u00e4hrt sie ideologisch gesehen, auf alle F\u00e4lle zweigleisig. <\/span><span style=\"font-size: large;\"><em>Frauenpolitisch<\/em> betrachtet, wird sich die ehemalige<em> Messdienerin<\/em>, notfalls auch Rat beim <em>obersten Himmelskomiker<\/em> aus dem Vatikan holen k\u00f6nnen&#8230;<\/span><br \/>\n<span style=\"font-size: large;\">F\u00fcr zweifelnde Untertanen noch einige hoffnungsfrohe Bemerkungen:<\/span><br \/>\n<span style=\"font-size: large;\"><a href=\"https:\/\/www.badische-zeitung.de\/das-neue-amt-fuer-andrea-nahles-bedeutet-den-aufstieg-einer-gescheiterten--215677144.html\"><strong>\u00a0&#8211;<\/strong> Das neue Amt f\u00fcr Andrea Nahles bedeutet den Aufstieg einer Gescheiterten<\/a> <\/span><br \/>\n<span style=\"font-size: large;\"><a href=\"https:\/\/www.zdf.de\/nachrichten\/politik\/andrea-nahles-spd-bundesagentur-arbeit-100.html\"><strong>\u00a0&#8211;<\/strong> Fr\u00fchere Arbeitsministerin : BA-Chefin: Praxistest f\u00fcr Andrea Nahles<\/a> <\/span><br \/>\n<a href=\"https:\/\/www.welt.de\/wirtschaft\/plus240236791\/Andrea-Nahles-Der-neuen-Chefin-der-Bundesagentur-fuer-Arbeit-fehlt-Geld.html\"><span style=\"font-size: large;\"><strong>\u00a0&#8211;<\/strong> Andrea Nahles steht vor gro\u00dfen Reformen \u2013 doch ihr fehlt das Geld<\/span><\/a><\/p>\n","protected":false},"excerpt":{"rendered":"<p>Eins muss man der hellroten Genossin, sowie Hardcore-Katholikin aber lassen, stupi\u00addierte sie doch 20 Silvester an der Bonner Unit\u00e4t und schloss jene vergeudeten Jahre, schlie\u00dflich doch als Magistra Artium ab. WIKI meint zum erheischten Didel: Der Titel magister artium (M.A., w\u00f6rtlich \u201eMeister der K\u00fcn\u00adste\u201c), auch liberalium artium magister, bezieht sich auf die in der Antike [&hellip;]<\/p>\n","protected":false},"author":6,"featured_media":0,"comment_status":"open","ping_status":"open","sticky":false,"template":"","format":"standard","meta":{"footnotes":""},"categories":[55],"tags":[],"class_list":["post-38850","post","type-post","status-publish","format-standard","hentry","category-alltaeglicher-wahnwitz"],"_links":{"self":[{"href":"https:\/\/zonenklaus.de\/wordpress\/index.php?rest_route=\/wp\/v2\/posts\/38850","targetHints":{"allow":["GET"]}}],"collection":[{"href":"https:\/\/zonenklaus.de\/wordpress\/index.php?rest_route=\/wp\/v2\/posts"}],"about":[{"href":"https:\/\/zonenklaus.de\/wordpress\/index.php?rest_route=\/wp\/v2\/types\/post"}],"author":[{"embeddable":true,"href":"https:\/\/zonenklaus.de\/wordpress\/index.php?rest_route=\/wp\/v2\/users\/6"}],"replies":[{"embeddable":true,"href":"https:\/\/zonenklaus.de\/wordpress\/index.php?rest_route=%2Fwp%2Fv2%2Fcomments&post=38850"}],"version-history":[{"count":6,"href":"https:\/\/zonenklaus.de\/wordpress\/index.php?rest_route=\/wp\/v2\/posts\/38850\/revisions"}],"predecessor-version":[{"id":38856,"href":"https:\/\/zonenklaus.de\/wordpress\/index.php?rest_route=\/wp\/v2\/posts\/38850\/revisions\/38856"}],"wp:attachment":[{"href":"https:\/\/zonenklaus.de\/wordpress\/index.php?rest_route=%2Fwp%2Fv2%2Fmedia&parent=38850"}],"wp:term":[{"taxonomy":"category","embeddable":true,"href":"https:\/\/zonenklaus.de\/wordpress\/index.php?rest_route=%2Fwp%2Fv2%2Fcategories&post=38850"},{"taxonomy":"post_tag","embeddable":true,"href":"https:\/\/zonenklaus.de\/wordpress\/index.php?rest_route=%2Fwp%2Fv2%2Ftags&post=38850"}],"curies":[{"name":"wp","href":"https:\/\/api.w.org\/{rel}","templated":true}]}}