{"id":38861,"date":"2022-08-11T23:42:32","date_gmt":"2022-08-11T22:42:32","guid":{"rendered":"https:\/\/zonenklaus.de\/wordpress\/?p=38861"},"modified":"2022-08-13T23:54:12","modified_gmt":"2022-08-13T22:54:12","slug":"noch-eine-wirtschaftsweisin-fuer-die-bundesregierung","status":"publish","type":"post","link":"https:\/\/zonenklaus.de\/wordpress\/?p=38861","title":{"rendered":"Noch eine WirtschaftsweisIN f\u00fcr die Bundesregierung&#8230;"},"content":{"rendered":"<p>War bestimmt lange ausklam\u00fcsert, dass man wegen Professorin <i>Monika Schnitzer<\/i>, zur Vervollst\u00e4n\u00addigung des neoliberalen Quintett\u00b4s, noch eine weitere <i>Blondine<\/i> auftrieb. Leider war selten dummer Fall eingetreten, jene Dame hatte bereits vor langer Zeit begonnen, <i>Eitelkeitsk\u00fcrzel<\/i> zu sammeln, wie andere Leute<b>*<\/b><sup><b>INNEN usw. u.\u00e4. <\/b><\/sup> Briefmarken.<br \/>\nWas ich allerdings nicht verstehen kann, weshalb hat <i>Professor Dr. Till Requate, stellvertretender Gesch\u00e4ftsf\u00fchrender Direktor des Institutes f\u00fcr Volkswirtschaftslehre der CAU<\/i>,<a href=\"https:\/\/www.uni-kiel.de\/de\/detailansicht\/news\/20220714-monika-schnitzer#\"> kein gr\u00f6\u00dferes St\u00fcck Tapete gefunden<\/a>. Finde n\u00e4mlich, dies vorgezeigte Teil ist doch recht l\u00fctt f\u00fcr eine Ehrendoktor<i>b<\/i>\u00fcrde. Mal sehen, wer von beiden nun eine entsprechend neuerliche <i>Arbeit<\/i> hinlegen m\u00f6chte. Schlie\u00dflich sind alle guten Dinge immer DREI!<br \/>\nZwischendurch w\u00fcrde sich auch ein Plagiat recht gut machen&#8230;<\/p>\n<p>Fischte etwas im Netz herum, fand nat\u00fcrlich massenhaft entsprechende gef\u00e4lligkeitsjournalistische Erg\u00fcsse.<br \/>\nZEIT (<b>:-<\/b>) ONLINE war die folgende Erkenntnis sehr wichtig: <i><a href=\"https:\/\/www.zeit.de\/wirtschaft\/2022-08\/konjunktur-wirtschaftsweise-ulrike-malmendier-martin-werding\">Der Sachverst\u00e4ndigenrat hat damit k\u00fcnftig eine weibliche Mehrheit.<\/a> <\/i><br \/>\nWie sind die eigentlich darauf gekommen?<br \/>\nIst aber wirklich logisch, rein rechnerisch werden die beiden verbleibenden Mit<i>glied<\/i>er nat\u00fcrlich in Richtung eines schn\u00f6den <i>Quotenm\u00e4nnchen-Dasein\u00b4s<\/i> weggedr\u00fcckt, von den drei Angeh\u00f6rigen mit <i>Menstruations<\/i>hintergrund&#8230;<br \/>\nBin mir im Moment aber nicht ganz sicher, ob ich mal wieder etwas falsch liege. W\u00e4hrend meiner momentanen \u00dcberlegung, welche allerdings mehr die <i>Polit-Korrektoren*<\/i><sup><b>INNEN usw. u.\u00e4.<\/b><\/sup> und ihre <i>gen\u00addernde Verbalhurerei<\/i> betrifft. Wo bleibt denn ihre <i>pathologische Ausgewogenhei<\/i>t? Finde n\u00e4mlich, zwischen beide <i>R\u00fcssel<\/i>&#8211; und zwei <i>Schlitzpissern<\/i> h\u00e4tte unbedingt eine <i>DIVERSE<\/i> Person*<sup><b>IN<\/b><\/sup> geh\u00f6rt!<br \/>\n<b>(<\/b><span style=\"font-size: small;\">Anl\u00e4sslich der Geburt unterscheide ich nur zwischen beiden Kategorien. Denn erst im Laufe der Zeit werden den unschuldigen W\u00fcrmern die folgenden Ansichten aufgedr\u00fcckt, nach denen sie sich zwingend zu richten haben. Es geht dann um die Verinnerlichung von Rasse, Hautfarbe, Geschlecht, Sprache, Religion, politischer oder sonstiger \u00dcberzeugung, nationaler oder sozialer Herkunft, Ver\u00adm\u00f6gen, Geburt oder sonstigem Stand&#8230;<\/span><br \/>\n<span style=\"font-size: small;\">W\u00e4hrend jener ausschlaggebend Periode ist entscheidend, in welchem Stall jemnd heranw\u00e4chst und wie die Vorbereitung auf den kommenden Lebensweg vonstatten geht. <\/span><\/p>\n<p><span style=\"font-size: small;\">Dann erfolgt meinerseits eine neuerliche Klassifizierung der kompletten Masse des homo sapiens! <\/span><br \/>\n<span style=\"font-size: small;\">Wobei ich keinen gesteigerten Wert darauf lege, welcher Rasse, Hautfarbe, Geschlecht, Sprache, Religion, politischer oder sonstiger \u00dcberzeugung, nationaler oder sozialer Herkunft, Verm\u00f6gen, Geburt oder sonstigem Stand, selbige Figuren angeh\u00f6ren. Bei jenen <\/span><a href=\"https:\/\/zonenklaus.de\/wordpress\/?p=475\"><span style=\"font-size: small;\"><i>Irr\u00adl\u00e4ufern der Evolution<\/i><\/span><\/a><span style=\"font-size: small;\"> erkenne ich immer wieder: <\/span><span style=\"font-size: small;\"><i>Es gibt wenig Menschen, <a href=\"https:\/\/zonenklaus.de\/wordpress\/?p=28818\">viel Leute<\/a>, aber die meisten sind Blablas<\/i><\/span><span style=\"font-size: small;\">!<\/span><b>)<\/b><br \/>\nZum Gewicht der <i>f\u00fcnfeinhalb<\/i> <i>Togdordidel, <\/i>der illustren <i>neoliberalen<\/i> Professorenrunde,<i> <\/i>m\u00f6chte ich wirklich nichts ablassen!<br \/>\nAuch nicht zu den Portr\u00e4<i>z <\/i>der ZEIT-Seite.<i> <\/i><br \/>\nAber!<br \/>\n<a href=\"https:\/\/taz.de\/Erstmals-zwei-Frauen-im-Beratergremium\/!5666903\/\">In der Sch\u00fclerzeitung begann der Salm mit folgenden S\u00e4tzen:<\/a><br \/>\n<i>\u00dcber \u201eQuacksalber mit Professorentitel\u201c und dar\u00fcber, dass \u201eein Sechser im Lotto h\u00e4ufiger ist als eine richtige Prognose der Wirtschaftsweisen\u201c, schimpfte die Linkspartei, als herauskam, dass der \u201eSachverst\u00e4ndigenrat zur Begutachtung der gesamtwirtschaftlichen Entwicklung\u201c bei seinen Kon\u00adjunkturprognosen in 14 Jahren kein einziges Mal die richtige Zahl nennen konnte.<\/i><br \/>\nAusgerechnet die <i>Neobolschewisten <\/i>wi<i>x<\/i>ten jene Erkenntnis heraus!<br \/>\nMittlerweile verga\u00dfen auch gelernte Ostler den visuellen Mist, mit dem man uns ewig auf den Keks ging. Erinnere dabei an die ewig gesch\u00f6nten 5- und 7-Jahrpl\u00e4ne!<br \/>\nHatte als Kind diesen Stuss wirklich <a href=\"https:\/\/zonenklaus.de\/wordpress\/wp-content\/uploads\/2022\/08\/Weise.pdf\">l\u00e4ngere Zeit geglaubt!!!<sup><b>(*)<\/b><\/sup><\/a><br \/>\nFinde es sowieso zum Kotzen, dass die anderen <i>machtgeilen Kleing\u00e4rtnerverb\u00e4nde<\/i>, um die Be\u00adschlussf\u00e4higkeit ihrer <i>demokraturischen <\/i>K\u00f6rperschaften zu erreichen, sie jenes Pack mit in die Re\u00adgierung nehmen. Jenen Verein, der seine Ideologie permanent \u00fcber Kimme und Korn unters Volk brachte und es dabei zu<em> Kollateralsch\u00e4den, <\/em>in dreifacher Millionen\u00adh\u00f6he kam!<br \/>\n<span style=\"font-size: medium;\">\u0418\u043e\u0441\u0438\u0444 \u0412\u0438\u0441\u0441\u0430\u0440\u0438\u043e\u043d\u043e\u0432\u0438\u0447 \u0414\u0436\u0443\u0433\u0430\u0448\u0432\u0438\u043b\u0438 schriebt man die folgende Erkenntnis zu: <i>Der Tod eines ein\u00adzelnen ist eine Trag\u00f6die, der Tod von Millionen Statistik<\/i><b>! <\/b><\/span><br \/>\n<span style=\"font-size: medium;\">So einfach war es bei den <i>dunkelroten Figuren immer <\/i>und wird es auch bleiben! <\/span><br \/>\n<span style=\"font-size: medium;\">Allein die Tatsache, dass sie ihren gef\u00e4hrlichen ideologischen Schmus, tr\u00f6pfchenweise in den heutigen <i>gequirlten irrwitzigen Kompromissd\u00fcnnschis<\/i>s einbringen d\u00fcrfen, k\u00f6nnen sie deshalb be\u00adreits als Erfolge der kleinen Schritte verbuchen&#8230;<\/span><\/p>\n<p>Nich vertsch!!!!<\/p>\n","protected":false},"excerpt":{"rendered":"<p>War bestimmt lange ausklam\u00fcsert, dass man wegen Professorin Monika Schnitzer, zur Vervollst\u00e4n\u00addigung des neoliberalen Quintett\u00b4s, noch eine weitere Blondine auftrieb. Leider war selten dummer Fall eingetreten, jene Dame hatte bereits vor langer Zeit begonnen, Eitelkeitsk\u00fcrzel zu sammeln, wie andere Leute*INNEN usw. u.\u00e4. Briefmarken. Was ich allerdings nicht verstehen kann, weshalb hat Professor Dr. Till Requate, [&hellip;]<\/p>\n","protected":false},"author":6,"featured_media":0,"comment_status":"open","ping_status":"open","sticky":false,"template":"","format":"standard","meta":{"footnotes":""},"categories":[55,9],"tags":[],"class_list":["post-38861","post","type-post","status-publish","format-standard","hentry","category-alltaeglicher-wahnwitz","category-bucher"],"_links":{"self":[{"href":"https:\/\/zonenklaus.de\/wordpress\/index.php?rest_route=\/wp\/v2\/posts\/38861","targetHints":{"allow":["GET"]}}],"collection":[{"href":"https:\/\/zonenklaus.de\/wordpress\/index.php?rest_route=\/wp\/v2\/posts"}],"about":[{"href":"https:\/\/zonenklaus.de\/wordpress\/index.php?rest_route=\/wp\/v2\/types\/post"}],"author":[{"embeddable":true,"href":"https:\/\/zonenklaus.de\/wordpress\/index.php?rest_route=\/wp\/v2\/users\/6"}],"replies":[{"embeddable":true,"href":"https:\/\/zonenklaus.de\/wordpress\/index.php?rest_route=%2Fwp%2Fv2%2Fcomments&post=38861"}],"version-history":[{"count":7,"href":"https:\/\/zonenklaus.de\/wordpress\/index.php?rest_route=\/wp\/v2\/posts\/38861\/revisions"}],"predecessor-version":[{"id":38868,"href":"https:\/\/zonenklaus.de\/wordpress\/index.php?rest_route=\/wp\/v2\/posts\/38861\/revisions\/38868"}],"wp:attachment":[{"href":"https:\/\/zonenklaus.de\/wordpress\/index.php?rest_route=%2Fwp%2Fv2%2Fmedia&parent=38861"}],"wp:term":[{"taxonomy":"category","embeddable":true,"href":"https:\/\/zonenklaus.de\/wordpress\/index.php?rest_route=%2Fwp%2Fv2%2Fcategories&post=38861"},{"taxonomy":"post_tag","embeddable":true,"href":"https:\/\/zonenklaus.de\/wordpress\/index.php?rest_route=%2Fwp%2Fv2%2Ftags&post=38861"}],"curies":[{"name":"wp","href":"https:\/\/api.w.org\/{rel}","templated":true}]}}