{"id":38884,"date":"2022-08-20T22:59:04","date_gmt":"2022-08-20T21:59:04","guid":{"rendered":"https:\/\/zonenklaus.de\/wordpress\/?p=38884"},"modified":"2022-08-20T22:59:04","modified_gmt":"2022-08-20T21:59:04","slug":"wg-sangerhausen-zwischen-damals-und-heute","status":"publish","type":"post","link":"https:\/\/zonenklaus.de\/wordpress\/?p=38884","title":{"rendered":"wg. Sangerhausen, zwischen damals und heute&#8230;"},"content":{"rendered":"<p><span style=\"font-size: large;\">H\u00e4nge seit \u00fcber einer Woche in meiner kalten Heimat herum, wo scheinbar WLAN noch recht unbekannt ist, gibt es westlich der Elbe auch<strong>!!!<\/strong><\/span><br \/>\n<span style=\"font-size: large;\">Deshalb konnte ich bisher manche Gedankeng\u00e4nge lediglich in den l\u00fctten <i>Klappcom\u00adputer<\/i> wixen, auch keine Bilder ins Netz stellen! <\/span><\/p>\n<p><span style=\"font-size: small;\">Ausgerechnet heute aber klappte es!?<\/span><br \/>\n<span style=\"font-size: small;\"><a href=\"https:\/\/www.ndr.de\/geschichte\/chronologie\/20-August-1968-Niederschlagung-des-Prager-Fruehlings-beginnt-,audio431794.html\"> Da war doch 1968 noch etwas?<\/a>! <\/span><br \/>\n<span style=\"font-size: small;\">Ich hing an dem Tag, als wehrpflichtiger Bereitschaftsbulle, in Halle\/Saale herum&#8230;<\/span><\/p>\n<p><span style=\"font-size: large;\"><b>&#8211; Deshalb der erste Nachtrag!<\/b><\/span><br \/>\n<span style=\"font-size: large;\">Muss bei Freunden und Bekannten Abbitte leisten, welche trotz widriger Umst\u00e4nde immer hier ausharrten.<\/span><br \/>\n<span style=\"font-size: large;\">Alles geschieht deshalb, weil ich vor rund 50 Jahren eine Charakterisierung ummo\u00addelte und auf dieses Nest m\u00fcnzte. <\/span><br \/>\n<span style=\"font-size: large;\">Es ging um jenen Kommentar, der wie folgt lautete: <i>Sangerhausen sei halb so gro\u00df, wie der Zentralfriedhof von Chicago, aber doppelt so tot!<\/i><\/span><br \/>\n<span style=\"font-size: large;\">Gab in jenen Tagen noch einen drauf!<\/span><br \/>\n<span style=\"font-size: large;\">Heute betrachtet, traf dies f\u00fcr jenes Dorf mit Stadtrecht, in dem ich zuf\u00e4lligerweise geboren wurde und den gr\u00f6\u00dften Teil meiner Jugend verbrachte, wei\u00df Gott nicht zu. Denn nur doppelt so tot, h\u00e4tte die Situation, wie ich sie damals erlebte nur besch\u00f6\u00adnigt. Besser gesagt, ich empfand es sogar als eine Aufwertung f\u00fcr diesen Markt\u00adflecken&#8230; <\/span><br \/>\n<span style=\"font-size: large;\">Meyers Taschenlexikon von 1964, war Sangerhausen auf Seite 872 eine Notiz wert, dort konnte man nachlesen: <i>Sangerhausen: Krst. am Fu\u00dfe des Unterharzes, Bez. Hal\u00adle, 1963 26080 EW, Heimatmuseum, Rosarium, Rosenzucht, Obstbau, Kupferschiefer, Maschinen, Fahrr\u00e4der, Holz, Nahrungsmittel, Lederwaren<\/i><\/span><\/p>\n<p><!--more--><span style=\"font-size: large;\">Wenn ich momentan rekapituliere, entsprach meine Einsch\u00e4tzung wirklich nicht ganz den Tatsachen!<\/span><br \/>\n<span style=\"font-size: large;\">Denn im Gegensatz zur heutigen Zeit, pr\u00e4sentierte sich jenes Kreisst\u00e4dtchen umso eher als bl\u00fchendes und lebenslustiges Anwesen. <\/span><br \/>\n<span style=\"font-size: large;\">Denke dabei gerade an die vielen Saalschlachten zwischen trunkenen <i>Schewweroch\u00adsen* <\/i>und anderem Lumpenproletariat, die ich als Kind registrierte und sp\u00e4ter erleben durfte&#8230; <span style=\"font-size: small;\">*ugs. Mansfelder Dialekt: Schieferbergleute<\/span><i> <\/i> <\/span><br \/>\n<span style=\"font-size: large;\">Muss nun meine sonnt\u00e4glichen nostalgischen Erinnerungen, nach einer viertelst\u00fcndli\u00adchen Busfahrt, vollkommen revidieren! <\/span><br \/>\n<span style=\"font-size: large;\">Lie\u00df beim Aussteigen den jungen Fahrer an meiner Ansicht vor 50 Jahren teilhaben, dem Vergleich vom Gottesacker in Chicago zu Sangerhausen.<\/span><br \/>\n<span style=\"font-size: large;\">Bedankte mich abschlie\u00dfend noch bei ihm! <\/span><br \/>\n<span style=\"font-size: large;\">Da mir w\u00e4hrend der Tour pl\u00f6tzlich das Gef\u00fchl aufkam, ich befand mich eben auf der<a href=\"https:\/\/www.flickr.com\/photos\/zonenklaus\/52287167978\/in\/datetaken\/\"> Sightseeingtour durch eine Ortschaft<\/a>, in der man das Ergebnis eines Neutronenbom\u00adbenabwurfs bestaunen konnte&#8230;\u00a0<\/span><\/p>\n","protected":false},"excerpt":{"rendered":"<p>H\u00e4nge seit \u00fcber einer Woche in meiner kalten Heimat herum, wo scheinbar WLAN noch recht unbekannt ist, gibt es westlich der Elbe auch!!! Deshalb konnte ich bisher manche Gedankeng\u00e4nge lediglich in den l\u00fctten Klappcom\u00adputer wixen, auch keine Bilder ins Netz stellen! Ausgerechnet heute aber klappte es!? Da war doch 1968 noch etwas?! Ich hing an [&hellip;]<\/p>\n","protected":false},"author":6,"featured_media":0,"comment_status":"open","ping_status":"open","sticky":false,"template":"","format":"standard","meta":{"footnotes":""},"categories":[1],"tags":[],"class_list":["post-38884","post","type-post","status-publish","format-standard","hentry","category-allgemeines"],"_links":{"self":[{"href":"https:\/\/zonenklaus.de\/wordpress\/index.php?rest_route=\/wp\/v2\/posts\/38884","targetHints":{"allow":["GET"]}}],"collection":[{"href":"https:\/\/zonenklaus.de\/wordpress\/index.php?rest_route=\/wp\/v2\/posts"}],"about":[{"href":"https:\/\/zonenklaus.de\/wordpress\/index.php?rest_route=\/wp\/v2\/types\/post"}],"author":[{"embeddable":true,"href":"https:\/\/zonenklaus.de\/wordpress\/index.php?rest_route=\/wp\/v2\/users\/6"}],"replies":[{"embeddable":true,"href":"https:\/\/zonenklaus.de\/wordpress\/index.php?rest_route=%2Fwp%2Fv2%2Fcomments&post=38884"}],"version-history":[{"count":2,"href":"https:\/\/zonenklaus.de\/wordpress\/index.php?rest_route=\/wp\/v2\/posts\/38884\/revisions"}],"predecessor-version":[{"id":38886,"href":"https:\/\/zonenklaus.de\/wordpress\/index.php?rest_route=\/wp\/v2\/posts\/38884\/revisions\/38886"}],"wp:attachment":[{"href":"https:\/\/zonenklaus.de\/wordpress\/index.php?rest_route=%2Fwp%2Fv2%2Fmedia&parent=38884"}],"wp:term":[{"taxonomy":"category","embeddable":true,"href":"https:\/\/zonenklaus.de\/wordpress\/index.php?rest_route=%2Fwp%2Fv2%2Fcategories&post=38884"},{"taxonomy":"post_tag","embeddable":true,"href":"https:\/\/zonenklaus.de\/wordpress\/index.php?rest_route=%2Fwp%2Fv2%2Ftags&post=38884"}],"curies":[{"name":"wp","href":"https:\/\/api.w.org\/{rel}","templated":true}]}}