{"id":38891,"date":"2022-08-23T00:49:21","date_gmt":"2022-08-22T23:49:21","guid":{"rendered":"https:\/\/zonenklaus.de\/wordpress\/?p=38891"},"modified":"2022-08-24T10:31:23","modified_gmt":"2022-08-24T09:31:23","slug":"die-blonde-vorsitzende-der-ard-wurde-nun-endlich-fristlos-gecancelt","status":"publish","type":"post","link":"https:\/\/zonenklaus.de\/wordpress\/?p=38891","title":{"rendered":"Die blonde Vorsitzende der ARD wurde nun endlich fristlos gecancelt&#8230;"},"content":{"rendered":"<p>Habe 12 Tage kein Fratzenradio<i> jekiekt <\/i>und dazu heute jene freudige Nachricht.<br \/>\nKann es kaum glauben!<br \/>\nDie Medienmacher \u00fcberschlugen sich ja mit dieser Meldung. Musste allerdings etwas im Netz St\u00f6bern, um <i>Vox populi vox Dei* <\/i>zu erheischen.<br \/>\n<u>*WIKI meint dazu<\/u>: Die lateinische Sentenz<i><b> vox populi vox Dei<\/b><\/i> (w\u00f6rtlich: \u201aVolkes Stimme [ist] Gottes Stimme\u2018) bedeutet \u00fcbertragen \u201edie \u00f6ffentliche Meinung hat gro\u00dfes Gewicht\u201c. H\u00e4ufig wird jedoch nur <b>vox populi<\/b> verwendet.<br \/>\nBILD bringt es immer am besten raus, hier einige Erg\u00fcsse!<\/p>\n<ol>\n<li style=\"list-style-type: none;\">\n<ol>\n<li>Vor einigen Tage hie\u00df es noch:\u00a0 <a href=\"https:\/\/www.bild.de\/regional\/berlin\/berlin-aktuell\/neue-rbb-vorwuerfe-gegen-schlesingers-personalpolitik-81058126.bild.html\">Neue Vorw\u00fcrfe gegen Patricia Schlesinger<\/a><\/li>\n<li><a href=\"https:\/\/www.bild.de\/politik\/inland\/politik-inland\/rbb-gegen-patricia-schlesinger-jetzt-beginnt-die-teure-schlacht-der-anwaelte-81027884.bild.html\">Jetzt beginnt die teure Schlacht der Anw\u00e4lte!<\/a><\/li>\n<li><a href=\"https:\/\/www.bz-berlin.de\/berlin\/rbb-rat-abberufene-intendantin-schlesinger-wird-fristlos-entlassen-2\">Schlesinger wird fristlos gefeuert!<\/a><\/li>\n<li><a href=\"https:\/\/www.bild.de\/politik\/2022\/politik\/verwaltungsrat-hat-entschieden-skandal-intendantin-schlesinger-wird-fristlos-gef-81083248.bild.html###wt_ref=https:\/www.google.de\/\">Patricia Schlesinger wird fristlos gefeuert<\/a><\/li>\n<\/ol>\n<\/li>\n<\/ol>\n<p>Leider kann man jene Aktion letztendlich auch nur wieder unter Ulk verbuchen, weil es sich lediglich um ein blakendes Lichtlein eines Strohfeuers handeln wird!<br \/>\nEMMA-<i>Trude <\/i>wird prompt ihr spezielles S\u00fcppchen kochen, weil<i> Mann <\/i>sich auf eine Frau einge\u00adschossen hatte, und die <i>altgedienten Chauvinisten<\/i> nebenher mal ihre Reihen ableuchten sollten, bis hoch zu <i>Locke<\/i> Scholz! Der sich in seinem Fall, immer noch felsenfest auf entscheidende <i>Ged\u00e4cht\u00adnisl\u00fccken<\/i> berufen darf!<br \/>\nIn dem Zusammenhang f\u00e4llt mir etwas ein.<br \/>\nHie\u00df es fr\u00fcher nicht: <i>Von den US-Amis lernen, hei\u00dft siegen lernen<\/i>?<br \/>\nM\u00f6glicherweise schippere ich dabei, als gelernter Zoni, auf einem vollkommen falschen Dampfer, weil der eben genannte Slogan, doch etwas anders hie\u00df&#8230;<br \/>\nBeziehe mich dabei auf Olaf <i>Pinocchio<\/i> Scholz und seine Verwicklungen in <a href=\"https:\/\/www.fr.de\/politik\/olaf-scholz-cum-ex-fabio-de-masi-warburg-bank-olarius-kahrs-interview-zr-91733311.html\">Cum-Ex-Gesch\u00e4fte<\/a>.<br \/>\nWette um eine Flasche Gehacktes, wenn man einige E<i>ks<\/i>perten*<sup><b>INNEN usw. <\/b><\/sup>, aus der <em>Guantanamo<\/em> Bay <i>Naval Base<\/i> auf Kuba, jener <i>demokraturischen Welln<\/i><em>ess &amp; Torquieroas<\/em><i>e<\/i> der US Navy, um Amtshilfe anhielte, Locke w\u00fcrde innerhalb weniger Stunden langanhaltend zwitschern!<br \/>\nDarauf h\u00e4tte man vor Jahren bereits, beim <i>dicken Oggersheimer<\/i> zur\u00fcckgreifen sollen, was seine Verstrickungen im Spendenskandal betrafen!<br \/>\nBesser nicht!<br \/>\nDenn beim jetzigen <i>Kanzler-Jenossen<\/i> wissen WIR bereits hinreichend, was WIR an ihm ihm nicht haben, oder erwarten k\u00f6nnen!<br \/>\nDer Wechsel zu seinem Stellvertreter w\u00e4re letztlich nur ein uns\u00e4glicher Tausch von Pest zur Cho\u00adlera.<br \/>\nIn dem selten dumme Fall kann man nur hoffen, dass Leute umher geistern, die dann belegen k\u00f6nnen, dass der erhabene <i>Chlorophyllmarxist<\/i> doch einige Leichen in seinem Keller hat&#8230;<\/p>\n","protected":false},"excerpt":{"rendered":"<p>Habe 12 Tage kein Fratzenradio jekiekt und dazu heute jene freudige Nachricht. Kann es kaum glauben! Die Medienmacher \u00fcberschlugen sich ja mit dieser Meldung. Musste allerdings etwas im Netz St\u00f6bern, um Vox populi vox Dei* zu erheischen. *WIKI meint dazu: Die lateinische Sentenz vox populi vox Dei (w\u00f6rtlich: \u201aVolkes Stimme [ist] Gottes Stimme\u2018) bedeutet \u00fcbertragen [&hellip;]<\/p>\n","protected":false},"author":6,"featured_media":0,"comment_status":"open","ping_status":"open","sticky":false,"template":"","format":"standard","meta":{"footnotes":""},"categories":[1],"tags":[],"class_list":["post-38891","post","type-post","status-publish","format-standard","hentry","category-allgemeines"],"_links":{"self":[{"href":"https:\/\/zonenklaus.de\/wordpress\/index.php?rest_route=\/wp\/v2\/posts\/38891","targetHints":{"allow":["GET"]}}],"collection":[{"href":"https:\/\/zonenklaus.de\/wordpress\/index.php?rest_route=\/wp\/v2\/posts"}],"about":[{"href":"https:\/\/zonenklaus.de\/wordpress\/index.php?rest_route=\/wp\/v2\/types\/post"}],"author":[{"embeddable":true,"href":"https:\/\/zonenklaus.de\/wordpress\/index.php?rest_route=\/wp\/v2\/users\/6"}],"replies":[{"embeddable":true,"href":"https:\/\/zonenklaus.de\/wordpress\/index.php?rest_route=%2Fwp%2Fv2%2Fcomments&post=38891"}],"version-history":[{"count":6,"href":"https:\/\/zonenklaus.de\/wordpress\/index.php?rest_route=\/wp\/v2\/posts\/38891\/revisions"}],"predecessor-version":[{"id":38897,"href":"https:\/\/zonenklaus.de\/wordpress\/index.php?rest_route=\/wp\/v2\/posts\/38891\/revisions\/38897"}],"wp:attachment":[{"href":"https:\/\/zonenklaus.de\/wordpress\/index.php?rest_route=%2Fwp%2Fv2%2Fmedia&parent=38891"}],"wp:term":[{"taxonomy":"category","embeddable":true,"href":"https:\/\/zonenklaus.de\/wordpress\/index.php?rest_route=%2Fwp%2Fv2%2Fcategories&post=38891"},{"taxonomy":"post_tag","embeddable":true,"href":"https:\/\/zonenklaus.de\/wordpress\/index.php?rest_route=%2Fwp%2Fv2%2Ftags&post=38891"}],"curies":[{"name":"wp","href":"https:\/\/api.w.org\/{rel}","templated":true}]}}