{"id":39281,"date":"2022-11-04T21:49:41","date_gmt":"2022-11-04T20:49:41","guid":{"rendered":"https:\/\/zonenklaus.de\/wordpress\/?p=39281"},"modified":"2022-11-07T00:28:29","modified_gmt":"2022-11-06T23:28:29","slug":"curt-riess-das-war-ein-leben","status":"publish","type":"post","link":"https:\/\/zonenklaus.de\/wordpress\/?p=39281","title":{"rendered":"Curt Riess &#8211; Das war ein Leben!"},"content":{"rendered":"<p><a href=\"https:\/\/zonenklaus.de\/wordpress\/wp-content\/uploads\/2022\/11\/IMG_0001a.jpg\"><img loading=\"lazy\" decoding=\"async\" class=\"size-thumbnail wp-image-39282 alignleft\" src=\"https:\/\/zonenklaus.de\/wordpress\/wp-content\/uploads\/2022\/11\/IMG_0001a-96x150.jpg\" alt=\"\" width=\"96\" height=\"150\" srcset=\"https:\/\/zonenklaus.de\/wordpress\/wp-content\/uploads\/2022\/11\/IMG_0001a-96x150.jpg 96w, https:\/\/zonenklaus.de\/wordpress\/wp-content\/uploads\/2022\/11\/IMG_0001a-192x300.jpg 192w, https:\/\/zonenklaus.de\/wordpress\/wp-content\/uploads\/2022\/11\/IMG_0001a-654x1024.jpg 654w, https:\/\/zonenklaus.de\/wordpress\/wp-content\/uploads\/2022\/11\/IMG_0001a-624x977.jpg 624w, https:\/\/zonenklaus.de\/wordpress\/wp-content\/uploads\/2022\/11\/IMG_0001a.jpg 692w\" sizes=\"auto, (max-width: 96px) 100vw, 96px\" \/><\/a> <a href=\"https:\/\/zonenklaus.de\/wordpress\/wp-content\/uploads\/2022\/11\/IMG_0002b.jpg\"><img loading=\"lazy\" decoding=\"async\" class=\"size-thumbnail wp-image-39283 alignleft\" src=\"https:\/\/zonenklaus.de\/wordpress\/wp-content\/uploads\/2022\/11\/IMG_0002b-96x150.jpg\" alt=\"\" width=\"96\" height=\"150\" srcset=\"https:\/\/zonenklaus.de\/wordpress\/wp-content\/uploads\/2022\/11\/IMG_0002b-96x150.jpg 96w, https:\/\/zonenklaus.de\/wordpress\/wp-content\/uploads\/2022\/11\/IMG_0002b-191x300.jpg 191w, https:\/\/zonenklaus.de\/wordpress\/wp-content\/uploads\/2022\/11\/IMG_0002b-653x1024.jpg 653w, https:\/\/zonenklaus.de\/wordpress\/wp-content\/uploads\/2022\/11\/IMG_0002b-624x978.jpg 624w, https:\/\/zonenklaus.de\/wordpress\/wp-content\/uploads\/2022\/11\/IMG_0002b.jpg 694w\" sizes=\"auto, (max-width: 96px) 100vw, 96px\" \/><\/a>Schon merkw\u00fcrdig, dass mir als ehemaliger Vielleser, <a href=\"https:\/\/de.wikipedia.org\/wiki\/Curt_Riess\">dieser Kosmopolit und gro\u00dfer Literat<\/a> niemals unterkam, noch nicht mal namentlich&#8230;<br \/>\nDie ganzen Schei\u00dfe die ihm als Jude ewig widerfuhr, schienen niemals seine irrwitzig m\u00e4andernden Lebensbahnen irgendwie zu beeintr\u00e4chtigen, genauso ging es ihm mit der exorbitanten Beobachtungsgabe und den damit verbundenen detailgetreuen Schilderungen&#8230;<br \/>\nBeneide ihn, ob seiner Mehrsprachigkeit und der Tatsache, dass ihm fast alle damals wichtigen Leute \u00fcber den Weg liefen.<br \/>\nWobei er ewig deren Kontakte auch suchte, obwohl nebenher widerliche Arschgeigen darunter waren!<br \/>\nEin sehr lesenswertes Buch!!!<br \/>\nZwangsl\u00e4ufig sollte man aber auf keinen Fall, allzu oft beliebige Vergleiche zur heutigen Zeit anstellen, und zu den blindfischigen Auguren, die weltweit daf\u00fcr sorgen, dass alles unwiederbringlich den Bach hinunter geht!<br \/>\nDarf man auf keinen Fall tun!<br \/>\nDenn jenes Pack gleicht sich bereits seit Jahrtausenden und in besagtem Fall, minderte es irgendwann die Leselust, wie es mir anfangs auch erging!<\/p>\n","protected":false},"excerpt":{"rendered":"<p>Schon merkw\u00fcrdig, dass mir als ehemaliger Vielleser, dieser Kosmopolit und gro\u00dfer Literat niemals unterkam, noch nicht mal namentlich&#8230; Die ganzen Schei\u00dfe die ihm als Jude ewig widerfuhr, schienen niemals seine irrwitzig m\u00e4andernden Lebensbahnen irgendwie zu beeintr\u00e4chtigen, genauso ging es ihm mit der exorbitanten Beobachtungsgabe und den damit verbundenen detailgetreuen Schilderungen&#8230; Beneide ihn, ob seiner Mehrsprachigkeit [&hellip;]<\/p>\n","protected":false},"author":6,"featured_media":0,"comment_status":"open","ping_status":"open","sticky":false,"template":"","format":"standard","meta":{"footnotes":""},"categories":[55,9],"tags":[],"class_list":["post-39281","post","type-post","status-publish","format-standard","hentry","category-alltaeglicher-wahnwitz","category-bucher"],"_links":{"self":[{"href":"https:\/\/zonenklaus.de\/wordpress\/index.php?rest_route=\/wp\/v2\/posts\/39281","targetHints":{"allow":["GET"]}}],"collection":[{"href":"https:\/\/zonenklaus.de\/wordpress\/index.php?rest_route=\/wp\/v2\/posts"}],"about":[{"href":"https:\/\/zonenklaus.de\/wordpress\/index.php?rest_route=\/wp\/v2\/types\/post"}],"author":[{"embeddable":true,"href":"https:\/\/zonenklaus.de\/wordpress\/index.php?rest_route=\/wp\/v2\/users\/6"}],"replies":[{"embeddable":true,"href":"https:\/\/zonenklaus.de\/wordpress\/index.php?rest_route=%2Fwp%2Fv2%2Fcomments&post=39281"}],"version-history":[{"count":3,"href":"https:\/\/zonenklaus.de\/wordpress\/index.php?rest_route=\/wp\/v2\/posts\/39281\/revisions"}],"predecessor-version":[{"id":39286,"href":"https:\/\/zonenklaus.de\/wordpress\/index.php?rest_route=\/wp\/v2\/posts\/39281\/revisions\/39286"}],"wp:attachment":[{"href":"https:\/\/zonenklaus.de\/wordpress\/index.php?rest_route=%2Fwp%2Fv2%2Fmedia&parent=39281"}],"wp:term":[{"taxonomy":"category","embeddable":true,"href":"https:\/\/zonenklaus.de\/wordpress\/index.php?rest_route=%2Fwp%2Fv2%2Fcategories&post=39281"},{"taxonomy":"post_tag","embeddable":true,"href":"https:\/\/zonenklaus.de\/wordpress\/index.php?rest_route=%2Fwp%2Fv2%2Ftags&post=39281"}],"curies":[{"name":"wp","href":"https:\/\/api.w.org\/{rel}","templated":true}]}}