{"id":39696,"date":"2023-01-14T21:50:23","date_gmt":"2023-01-14T20:50:23","guid":{"rendered":"https:\/\/zonenklaus.de\/wordpress\/?p=39696"},"modified":"2023-01-15T05:59:04","modified_gmt":"2023-01-15T04:59:04","slug":"das-cdu-scheffchen-macht-ploetzliche-einen-auf-witzbold-und-schmueckt-sich-dabei-mit-janz-ollen-federn","status":"publish","type":"post","link":"https:\/\/zonenklaus.de\/wordpress\/?p=39696","title":{"rendered":"Das CDU-Scheffchen macht pl\u00f6tzliche einen auf Witzbold und schm\u00fcckt sich dabei mit janz ollen Federn&#8230;"},"content":{"rendered":"<p>\u201e<a href=\"https:\/\/www.tagesspiegel.de\/politik\/friedrich-merz-im-interview-die-strafe-muss-der-tat-auf-dem-fusse-folgen-9174840.html\">Dem Volk aufs Maul schauen, das ist Demokratie<\/a>\u201c<br \/>\nWes\u00b4 Geistes Kind der Knabe ist, kann man auf den Seiten 16 und 17 erlesen!<br \/>\nZumindest hat Martin Luther etwas in seinem Hinterkopf gehabt, wie er damals jenen Satz gebar und dann als mehrsprachiger Junker J\u00f6rg, die beiden Testamente \u00fcbersetzte&#8230;<br \/>\nAus dem Munde von Fritze Merz bekommt diese geklaute Worth\u00fclse, nun mit Anhang versehen, lediglich einen recht zerschlissen Sinngehalt!<br \/>\nEinzig und allein wird n\u00e4mlich nu<span style=\"font-size: 1rem;\">r umgedreht ein Schuh daraus, denn die Untertanen sollten doch bitte sch\u00f6n den Politikern zumindest ab und an Mal auf deren M\u00e4uler schauen und sie anschlie\u00dfend sofort nach deren Taten beurteilen, bevor sie auf ihre ellenlangen Waschzetteln Kreuzchen kritzeln!<\/span><\/p>\n<p>So manchem Volks<i>ver<\/i>treter<b>*<\/b><sup><b>diesmal ungegendert!<\/b><\/sup> w\u00fcrde au\u00dferdem auch ein gelegentlich gut platzierter Backenstreich in die N\u00e4he seiner Omme sehr gut anstehen&#8230;<br \/>\nWas soll ich von der darunter stehenden Aussage eigentlich halten, die da lautet: <b>Verteidigungsministerin<\/b> Lambrecht will zur\u00fccktreten<span style=\"font-family: Verdana, sans-serif;\"><b>\u00bf?<\/b><\/span><br \/>\n<span style=\"font-family: Times New Roman, serif;\">Was hei\u00dft da eigentlich:<b> <\/b>W I L L<span style=\"font-family: Verdana, sans-serif;\"><b>?\u00bf<\/b><\/span><\/span><br \/>\n<span style=\"font-family: Times New Roman, serif;\">Finde es richtiggehend schade, selbige <i>Quotenblondine<\/i> hatte immer so etwas seltsames an sich, wenn sie irgendwo auftauchte <i>und das war auch gut so<\/i>! Wobei ich es sehr mutig fand, wenn sie in Stiletto-Puschen herumt\u00e4nzelte. <\/span><br \/>\n<span style=\"font-family: Times New Roman, serif;\"><a href=\"https:\/\/zonenklaus.de\/wordpress\/wp-content\/uploads\/2023\/01\/Unbenannt-Duplizieren-01Ende.jpg\"><img loading=\"lazy\" decoding=\"async\" class=\"size-thumbnail wp-image-39697 alignleft\" src=\"https:\/\/zonenklaus.de\/wordpress\/wp-content\/uploads\/2023\/01\/Unbenannt-Duplizieren-01Ende-150x140.jpg\" alt=\"\" width=\"150\" height=\"140\" srcset=\"https:\/\/zonenklaus.de\/wordpress\/wp-content\/uploads\/2023\/01\/Unbenannt-Duplizieren-01Ende-150x140.jpg 150w, https:\/\/zonenklaus.de\/wordpress\/wp-content\/uploads\/2023\/01\/Unbenannt-Duplizieren-01Ende-300x281.jpg 300w, https:\/\/zonenklaus.de\/wordpress\/wp-content\/uploads\/2023\/01\/Unbenannt-Duplizieren-01Ende-768x718.jpg 768w, https:\/\/zonenklaus.de\/wordpress\/wp-content\/uploads\/2023\/01\/Unbenannt-Duplizieren-01Ende-624x584.jpg 624w, https:\/\/zonenklaus.de\/wordpress\/wp-content\/uploads\/2023\/01\/Unbenannt-Duplizieren-01Ende.jpg 865w\" sizes=\"auto, (max-width: 150px) 100vw, 150px\" \/><\/a>Egal, wer aus der Quotenkiste hopst, selbige Geist<i>in<\/i> wird kein Quoten-Deut besser sein! <\/span><br \/>\n<span style=\"font-family: Times New Roman, serif;\">H\u00e4tte aber eine Idee zu\u00b4s JANZE! <\/span><br \/>\n<span style=\"font-family: Times New Roman, serif;\">Wie w\u00e4re es eigentlich mit einer Doppelspitze f\u00fcr jenen Posten, den das <\/span><span style=\"font-family: Times New Roman, serif;\"><i>schwache Geschlecht<\/i><\/span><span style=\"font-family: Times New Roman, serif;\"> nie\u00admals stemmen wird, schon wegen der latenten vorhandenen Harmoniebed\u00fcrfnisse&#8230;<\/span><br \/>\n<!--more--><br \/>\n<span style=\"font-family: Times New Roman, serif;\">K\u00f6nnte mir vorstellen, dass der <\/span><span style=\"font-family: Times New Roman, serif;\"><i>harte Herr Fritz M.<\/i><\/span><span style=\"font-family: Times New Roman, serif;\"> und die<\/span><span style=\"font-family: Times New Roman, serif;\"><i> sanfte Frau Jens S. <\/i><\/span><span style=\"font-family: Times New Roman, serif;\">ein<\/span><span style=\"font-family: Times New Roman, serif;\"><i> optimales P\u00e4rchen<\/i><\/span><span style=\"font-family: Times New Roman, serif;\"> f\u00fcr jenen Job abgeben w\u00fcrden. Der eine als Politheimwerker von recht weltfremden eher\u00adnen Worten, der andere mit seinen erstaunten gro\u00dfen Augen, die permanent eine grenzenlose Ah\u00adnungslosigkeit ausstrahlen, dazu behaftet mit einer K\u00f6rpersprache, die bei seinen langatmigen Be\u00adkundungen immer das Gegenteil verlauten lassen&#8230;<\/span><br \/>\n<span style=\"font-family: Times New Roman, serif;\">Abschlie\u00dfend noch zwei Fu\u00dfnoten von <\/span><span style=\"font-family: Times New Roman, serif;\">Alexander Kissler: <\/span><a href=\"https:\/\/view.email.nzz.ch\/?qs=9eaf26e8f03e3a6cd111ebdfe0d14fc90a91ca66456f6802f9f6cdd8048cdb99b9e26b9a284f99da8c6c574637c8e88b4638a6be110e346cc4f691c5a9320ff9d8466c9933db1e80dff75f37679e1d18924d36cd27abbd77\"><span style=\"font-family: Times New Roman, serif;\"><i>Zu viele fachfremde Minister schaden der Politik<\/i><\/span><\/a><span style=\"font-family: Times New Roman, serif;\"> und <\/span><span style=\"font-family: Times New Roman, serif;\"><i><a href=\"https:\/\/view.email.nzz.ch\/?qs=c90e318e256dcc99bf03967f00e89e0a6486baf7f502a77f886052e189aac6beecdfd248f88a1294b32f50970b264e3a2f523237f3c958d26a58b179899ba268ed5c2f410ffad13dff81919bdc854885\">Die Beauftragte der Bundesregierung f\u00fcr Antirassismus ist eine Alarmistin<\/a> <\/i><\/span><br \/>\n<span style=\"font-family: Times New Roman, serif;\">Gebe dem Eidgenossen in der Diaspora zwar nicht recht, bin aber seiner Meinung<\/span><\/p>\n","protected":false},"excerpt":{"rendered":"<p>\u201eDem Volk aufs Maul schauen, das ist Demokratie\u201c Wes\u00b4 Geistes Kind der Knabe ist, kann man auf den Seiten 16 und 17 erlesen! Zumindest hat Martin Luther etwas in seinem Hinterkopf gehabt, wie er damals jenen Satz gebar und dann als mehrsprachiger Junker J\u00f6rg, die beiden Testamente \u00fcbersetzte&#8230; Aus dem Munde von Fritze Merz bekommt [&hellip;]<\/p>\n","protected":false},"author":6,"featured_media":0,"comment_status":"open","ping_status":"open","sticky":false,"template":"","format":"standard","meta":{"footnotes":""},"categories":[1],"tags":[],"class_list":["post-39696","post","type-post","status-publish","format-standard","hentry","category-allgemeines"],"_links":{"self":[{"href":"https:\/\/zonenklaus.de\/wordpress\/index.php?rest_route=\/wp\/v2\/posts\/39696","targetHints":{"allow":["GET"]}}],"collection":[{"href":"https:\/\/zonenklaus.de\/wordpress\/index.php?rest_route=\/wp\/v2\/posts"}],"about":[{"href":"https:\/\/zonenklaus.de\/wordpress\/index.php?rest_route=\/wp\/v2\/types\/post"}],"author":[{"embeddable":true,"href":"https:\/\/zonenklaus.de\/wordpress\/index.php?rest_route=\/wp\/v2\/users\/6"}],"replies":[{"embeddable":true,"href":"https:\/\/zonenklaus.de\/wordpress\/index.php?rest_route=%2Fwp%2Fv2%2Fcomments&post=39696"}],"version-history":[{"count":6,"href":"https:\/\/zonenklaus.de\/wordpress\/index.php?rest_route=\/wp\/v2\/posts\/39696\/revisions"}],"predecessor-version":[{"id":39703,"href":"https:\/\/zonenklaus.de\/wordpress\/index.php?rest_route=\/wp\/v2\/posts\/39696\/revisions\/39703"}],"wp:attachment":[{"href":"https:\/\/zonenklaus.de\/wordpress\/index.php?rest_route=%2Fwp%2Fv2%2Fmedia&parent=39696"}],"wp:term":[{"taxonomy":"category","embeddable":true,"href":"https:\/\/zonenklaus.de\/wordpress\/index.php?rest_route=%2Fwp%2Fv2%2Fcategories&post=39696"},{"taxonomy":"post_tag","embeddable":true,"href":"https:\/\/zonenklaus.de\/wordpress\/index.php?rest_route=%2Fwp%2Fv2%2Ftags&post=39696"}],"curies":[{"name":"wp","href":"https:\/\/api.w.org\/{rel}","templated":true}]}}