{"id":40098,"date":"2023-05-17T21:02:13","date_gmt":"2023-05-17T20:02:13","guid":{"rendered":"https:\/\/zonenklaus.de\/wordpress\/?p=40098"},"modified":"2023-05-18T08:41:04","modified_gmt":"2023-05-18T07:41:04","slug":"eine-affaere-die-habeck-noch-nachhaengen-duerft","status":"publish","type":"post","link":"https:\/\/zonenklaus.de\/wordpress\/?p=40098","title":{"rendered":"Eine Aff\u00e4re, die Habeck noch nachh\u00e4ngen d\u00fcrfte"},"content":{"rendered":"<p><span style=\"font-size: large;\"><i>Nun also doch: <a href=\"https:\/\/www.faz.net\/aktuell\/politik\/thema\/robert-habeck\">Habeck entl\u00e4sst<\/a> seinen m\u00e4chtigen Staatssekret\u00e4r. Krise vorbei? Einige Gr\u00fcne sind optimistisch. Wenn bald die W\u00e4lder brennen, k\u00f6nne die Lage schon wieder anders aussehen, hei\u00dft es&#8230;<\/i><\/span><br \/>\n<span style=\"font-size: large;\">Um sog. Nachrichten zu verstehen, sollte man unbedingt zwischen den Zeilen lesen k\u00f6nnen! <span style=\"font-size: small;\"><b>(<\/b><\/span><span style=\"font-size: small;\">Bei einer ausgepr\u00e4gten Leseschw\u00e4che, kann man alles gleich unter Ulk verbuchen, weil letztlich \u00fcberhaupt <em>n\u00fcscht<\/em> h\u00e4ngen bleibt!<\/span><span style=\"font-size: small;\"><b>)<\/b><\/span><b> <\/b>W\u00e4hrend einer geplapperten Verlautbarung wird die gesamte Angelegenheit sogar wesentlich interessanter! Zumindest gab es in dem Bericht eine Andeutung, sie betrifft <a href=\"https:\/\/zonenklaus.de\/wordpress\/wp-content\/uploads\/2023\/05\/ZDF-Habeck01.mp3\">Habecks k\u00f6nnerische Eingebung<\/a>, dass er flie\u00dfend ablesen kann, obwohl er sich ansonsten immer als enthusiastischer Rhetoriker produ\u00adziert. Deshalb ist es billig, dahinter zusteigen, weshalb er in jenem Moment auf die freie Sprachwahl verzichtete. M\u00f6chte im Augenblick nicht in Richtung weiterer <i>ex\u00adzellent nuancierter Beschwichtigungsl\u00fcgen<\/i> abgleiten, denn jener Stab von Reden\u00adschreibern drechselte eine gelungene Niederschrift von <i>brauchbaren Notwahrheiten<\/i>&#8230; <\/span><br \/>\n<span style=\"font-size: large;\">Ist schon nicht einfach, wenn man als Allerweltsempork\u00f6mmling irgendwann die \u00dcbersicht verliert und dabei gef\u00e4hrlich ins Straucheln ger\u00e4t. Zumal s\u00e4mtliche vorheri\u00adgen, optimal kaschierten moralischen Anwandlungen, pl\u00f6tzlich ganz andere Wertun\u00adgen erfahren. Und man daraus schlie\u00dfen k\u00f6nnte, der Typ hat lediglich etwas von <em>sei\u00adnem wahren Inneren<\/em>, nach au\u00dfen gekehrt&#8230; <\/span><br \/>\n<span style=\"font-size: large;\">Wie sagte bereits der <i>olle Jeheimrat<\/i>, <i>Friedrich von G\u00f6the<\/i>: \u201e<span lang=\"de-DE\">Kein Mensch will etwas werden, ein jeder will schon etwas sein!\u201c<\/span><\/span><br \/>\n<span style=\"font-size: large;\"><span lang=\"de-DE\">Bei seiner <\/span><span lang=\"de-DE\"><i>chlorophyllmarxistischen Kampfgef\u00e4hrtin<\/i><\/span><span lang=\"de-DE\"> ist es doch nicht anders! Aller\u00addings kommt die <a href=\"https:\/\/zonenklaus.de\/wordpress\/wp-content\/uploads\/2023\/05\/Putin.mp3\">Baerb\u00f6ckin<\/a>, seit Anbeginn wesentlich lustiger einher. <\/span><\/span><!--more--><\/p>\n<p><span style=\"font-size: large;\"><img loading=\"lazy\" decoding=\"async\" class=\"size-thumbnail wp-image-40108 alignleft\" src=\"https:\/\/zonenklaus.de\/wordpress\/wp-content\/uploads\/2023\/05\/Oma-hat-recht-150x150.jpg\" alt=\"\" width=\"150\" height=\"150\" srcset=\"https:\/\/zonenklaus.de\/wordpress\/wp-content\/uploads\/2023\/05\/Oma-hat-recht-150x150.jpg 150w, https:\/\/zonenklaus.de\/wordpress\/wp-content\/uploads\/2023\/05\/Oma-hat-recht-300x298.jpg 300w, https:\/\/zonenklaus.de\/wordpress\/wp-content\/uploads\/2023\/05\/Oma-hat-recht.jpg 552w\" sizes=\"auto, (max-width: 150px) 100vw, 150px\" \/>Weiter zum Thema: <strong>F-16<\/strong> Fighting Falcon!<\/span><br \/>\n<span style=\"font-size: large;\">So einen richtigen Unterschied von der Machart her, kann ich zwischen \u0412\u043b\u0430\u0434\u0438\u043c\u0438\u0440 \u0412\u043b\u0430\u0434\u0438\u043c\u0438\u0440\u043e\u0432\u0438\u0447 \u041f\u0443\u0442\u0438\u043d und <\/span><span style=\"font-size: large;\"><span lang=\"uk-UA\">\u0412\u043e\u043b\u043e\u0434\u0438\u043c\u0438\u0440 \u041e\u043b\u0435\u043a\u0441\u0430\u043d\u0434\u0440\u043e\u0432\u0438\u0447 \u0417\u0435\u043b\u0435\u043d\u0441\u044c\u043a\u0438\u0439<\/span><\/span><span style=\"font-size: large;\"> \u00fcberhaupt nicht erkennen. F\u00fcr mich ist das Strickmuster ihrer Synapsen vollkommen identisch, dazu geh\u00f6ren auch jene Politiker, welche sich in irgendeiner Form, immer tiefer in diesen uns\u00e4gli\u00adchen Konflikt reinh\u00e4ngen und nebenher das <a href=\"https:\/\/www.spiegel.de\/politik\/deutschland\/wolodymyr-selenskyj-auf-berlin-besuch-gemeinsam-werden-wir-siegen-und-frieden-nach-europa-bringen-a-afc93eca-900e-49f3-84ab-3f1d51227d53\">ukrainische <\/a><\/span><span style=\"font-size: large;\"><i>Scheffchen <\/i><\/span><span style=\"font-size: large;\">als Spielball benutzen. Gerade diese Leutchen wachten ja erst auf, als das Kind bereits in den Brunnen gefallen war. <\/span><br \/>\n<span style=\"font-size: large;\">Nun ist der Westen endlich bereit den imagin\u00e4ren Ukrainisch\/Russischen <\/span><a href=\"https:\/\/de.wikipedia.org\/wiki\/Rubikon\"><span style=\"font-size: large;\"><i>Rubikon <\/i><\/span><\/a><span style=\"font-size: large;\">zu \u00fcberfliegen. In dieser vollkommen ungekl\u00e4rten Situation bekommt <a href=\"https:\/\/zonenklaus.de\/wordpress\/wp-content\/uploads\/2023\/05\/Selensky.mp3\">Selenskyj<\/a> endlich die ersehnten Spielzeuge in seine H\u00e4nde, mit denen sich ein atomares Desaster provo\u00adzieren l\u00e4sst&#8230; <\/span><br \/>\n<span style=\"font-size: large;\">Zu der Aktion f\u00e4llt mir lediglich<a href=\"https:\/\/www.youtube.com\/watch?v=4g3-Zej43rw\"> Hosea 8, Vers 7<\/a> ein!<\/span><\/p>\n","protected":false},"excerpt":{"rendered":"<p>Nun also doch: Habeck entl\u00e4sst seinen m\u00e4chtigen Staatssekret\u00e4r. Krise vorbei? Einige Gr\u00fcne sind optimistisch. Wenn bald die W\u00e4lder brennen, k\u00f6nne die Lage schon wieder anders aussehen, hei\u00dft es&#8230; Um sog. Nachrichten zu verstehen, sollte man unbedingt zwischen den Zeilen lesen k\u00f6nnen! (Bei einer ausgepr\u00e4gten Leseschw\u00e4che, kann man alles gleich unter Ulk verbuchen, weil letztlich \u00fcberhaupt [&hellip;]<\/p>\n","protected":false},"author":6,"featured_media":0,"comment_status":"open","ping_status":"open","sticky":false,"template":"","format":"standard","meta":{"footnotes":""},"categories":[55],"tags":[],"class_list":["post-40098","post","type-post","status-publish","format-standard","hentry","category-alltaeglicher-wahnwitz"],"_links":{"self":[{"href":"https:\/\/zonenklaus.de\/wordpress\/index.php?rest_route=\/wp\/v2\/posts\/40098","targetHints":{"allow":["GET"]}}],"collection":[{"href":"https:\/\/zonenklaus.de\/wordpress\/index.php?rest_route=\/wp\/v2\/posts"}],"about":[{"href":"https:\/\/zonenklaus.de\/wordpress\/index.php?rest_route=\/wp\/v2\/types\/post"}],"author":[{"embeddable":true,"href":"https:\/\/zonenklaus.de\/wordpress\/index.php?rest_route=\/wp\/v2\/users\/6"}],"replies":[{"embeddable":true,"href":"https:\/\/zonenklaus.de\/wordpress\/index.php?rest_route=%2Fwp%2Fv2%2Fcomments&post=40098"}],"version-history":[{"count":10,"href":"https:\/\/zonenklaus.de\/wordpress\/index.php?rest_route=\/wp\/v2\/posts\/40098\/revisions"}],"predecessor-version":[{"id":40113,"href":"https:\/\/zonenklaus.de\/wordpress\/index.php?rest_route=\/wp\/v2\/posts\/40098\/revisions\/40113"}],"wp:attachment":[{"href":"https:\/\/zonenklaus.de\/wordpress\/index.php?rest_route=%2Fwp%2Fv2%2Fmedia&parent=40098"}],"wp:term":[{"taxonomy":"category","embeddable":true,"href":"https:\/\/zonenklaus.de\/wordpress\/index.php?rest_route=%2Fwp%2Fv2%2Fcategories&post=40098"},{"taxonomy":"post_tag","embeddable":true,"href":"https:\/\/zonenklaus.de\/wordpress\/index.php?rest_route=%2Fwp%2Fv2%2Ftags&post=40098"}],"curies":[{"name":"wp","href":"https:\/\/api.w.org\/{rel}","templated":true}]}}