{"id":40329,"date":"2023-08-09T22:09:26","date_gmt":"2023-08-09T21:09:26","guid":{"rendered":"https:\/\/zonenklaus.de\/wordpress\/?p=40329"},"modified":"2023-08-12T10:05:34","modified_gmt":"2023-08-12T09:05:34","slug":"sixto-rodriguez-geht-nun-auch-nicht-mehr-einkaufen","status":"publish","type":"post","link":"https:\/\/zonenklaus.de\/wordpress\/?p=40329","title":{"rendered":"Sixto Rodriguez geht nun auch nicht mehr einkaufen.."},"content":{"rendered":"<p><b>&#8211; <\/b>Versuche mal wieder etwas abzulassen, was nicht so einfach ist.<br \/>\nDa ich mich nach der dritten ANTIKORONA-IMPFUNG m\u00e4chtig in einer dauerhaften Lethargie w\u00e4lze. Lese nichts mehr. Was sogenannte &#8220;Politstare&#8221; weltweit ablassen, interessiert mich tiefgr\u00fcndig auch nur noch ganz peripher. Dessen ungeachtet, geht aber alles bei jenen Figuren mit einer ungemeinen Wut einher. Da man von den vielen Verbal-Masturbatoren*<sup><b>INNEN usw. u.\u00e4.<\/b><\/sup>, seit langer Zeit schon, keine <em>nachhaltig <\/em>positiven Aktionen mehr erwarten kann.<br \/>\nWollte bereits vor einigen Wochen etwas ablassen, was der <i>vergessliche Kanzler<\/i> ganz unbedarft \u00e4u\u00dferte. Nebenbei, wenige Dinge sind mir in meinem Leben peinlich hochgekommen, aber 16 Jahre <i>Birne<\/i>, anschlie\u00dfend 16 Jahre <i>DAS Merkel, <\/i>reichten mir eigentlich, nun kam es aber zu einer weiteren Steigerung!<br \/>\nWobei diese Individuen*<sup><b>INNEN usw. u.\u00e4. <\/b><\/sup>sich ewig auf die immerw\u00e4hrend nachfolgende Feigheit all jener zufriedenen Sklaven*<sup><b>INNEN usw. u.\u00e4. <\/b><\/sup><span style=\"font-size: xx-small;\">(Habe heute Gefallen an der idiotischen Genderei gefunden!)<\/span><span style=\"font-size: medium;\"> blind verlassen k\u00f6nnen, welche sie <\/span><span style=\"font-size: medium;\"><i>vollkommen demokraturisch<\/i><\/span><span style=\"font-size: medium;\"> auf die Schilder der Macht hievten!<\/span><br \/>\nNicht nur meine Wenigkeit findet es absolut nicht koscher, einem Volk und den Massen von<em> Passgermanen<\/em> anzugeh\u00f6ren, die es sich einfach leisten, solch <i>F\u00fchrer <\/i>auch noch l\u00e4ngerfristig zu genie\u00dfen. Der sich vollkommen unbedarft \u00e4u\u00dfern darf, anschlie\u00dfend auch f\u00fchrende Medienknechte*<sup><b>INNEN usw. u.\u00e4.<\/b><\/sup>, jenem Stuss, noch nicht mal ansatzweise etwas entgegensetzten. Als der <em>hellrote<\/em> sichellippige Obergenosse wie folgt plapperte: <b>\u201e<a href=\"https:\/\/www.flickr.com\/photos\/zonenklaus\/53069684930\/in\/datetaken-public\/\">Rechte vor SPD <\/a><\/b>Scholz rechnet nicht mit dauerhaftem AfD-Hoch<b>\u201c<\/b><br \/>\nIm Angesicht jener Schlagzeile kam mir sofort eine allgemeing\u00fcltige Bemerkung von meinem Gro\u00dfvater hoch, dessen Wortlaut sich in meine grauen Zellen einbrannte und dies geschah zu Kindheitstagen bereits.<br \/>\nOpas Spruch lautete ganz simpel: <i>Wer aus der Geschichte nichts lernt, wird sie immer wieder auf gleicher Ebene, aufs neue durchleben m\u00fcssen! <\/i><br \/>\n<b>&#8211; <\/b><i>Vornweg war es doch die <b>spd<\/b>, welche bereits in den 1920er Jahren permanent der Meinung anhing, dies mit der NASDAP w\u00fcrde sich schon irgendwie ganz von selbst erledigen<b>&#8230;<\/b><\/i><br \/>\nEigentlich ist es mir vollkommen<i> Wurscht<\/i>! Habe meinen Anr\u00fchrer bereits um einige Wochen \u00fcberrundet und im Angesicht der Urne, kann ich nur bemerken, dass die nachfolgenden Generationen sich mit der zuk\u00fcnftigen \u1f10\u03be\u03ae\u03b3\u03b7\u03c3\u03b9\u03c2 irgendwie befassen m\u00fcssen! Sie werden es allerdings ebenso weiterlaufen lassen, wie es die Altvorderen immer schon vorgelebt haben.<br \/>\nAugen und Ohren zu, denn die <a href=\"https:\/\/www.flickr.com\/photos\/zonenklaus\/52939649735\/in\/photolist-2oE6xtD\">G\u00f6tter<\/a><b>*<\/b><sup><b>INNEN usw. u.\u00e4. <\/b><\/sup> werden es <b> <\/b>schon irgendwie richten!<!--more--><\/p>\n<p><strong>&#8211; <\/strong>Um es nebenher auf den kleinsten gemeinsamen Nenner des globalen Miteinanders zubringen, braucht die Menschheit nicht unbedingt nur die AfD, wenn es darum gehen sollte, weltweit den <i>homo sapiens<\/i> auf UNSERER ERDENSCHEIBE endg\u00fcltig zu eliminieren. Da sind <i>anderweitige Massen von Demokraten<\/i> bereits weiter.<br \/>\nDenke dabei lediglich an den <i>Amazonas-Gipfel in <\/i>Brasilien<b>!<\/b><br \/>\nSchon mal bemerkt, dass jegliche <i>Masturbationsperformances<\/i>, die unter der Begrifflichkeit von GIPFELN irgendwo an einem beliebigen Allerwelts-Schn\u00e4ppchentisch den Medien pr\u00e4sentiert werden, es sich immer um eine <i>verbale Kniefickerei<\/i> handelt?<br \/>\n<img loading=\"lazy\" decoding=\"async\" class=\"size-medium wp-image-40330 alignleft\" src=\"https:\/\/zonenklaus.de\/wordpress\/wp-content\/uploads\/2023\/08\/Screenshot-1043-300x200.png\" alt=\"\" width=\"300\" height=\"200\" srcset=\"https:\/\/zonenklaus.de\/wordpress\/wp-content\/uploads\/2023\/08\/Screenshot-1043-300x200.png 300w, https:\/\/zonenklaus.de\/wordpress\/wp-content\/uploads\/2023\/08\/Screenshot-1043-150x100.png 150w, https:\/\/zonenklaus.de\/wordpress\/wp-content\/uploads\/2023\/08\/Screenshot-1043.png 500w\" sizes=\"auto, (max-width: 300px) 100vw, 300px\" \/>Wobei sich abschlie\u00dfend s\u00e4mtliche Ober-Auguren <b>&#8211;<\/b> <i>Au\u00dfer Spesen n\u00fcscht jewesen<\/i> <b>&#8211;<\/b> trotzdem noch fotogen zur Schau stellen d\u00fcrfen, <i>beim infantilen Ringelpiez mit Anfassen<\/i>, diesmal sogar mit Quotentanten&#8230;<\/p>\n","protected":false},"excerpt":{"rendered":"<p>&#8211; Versuche mal wieder etwas abzulassen, was nicht so einfach ist. Da ich mich nach der dritten ANTIKORONA-IMPFUNG m\u00e4chtig in einer dauerhaften Lethargie w\u00e4lze. Lese nichts mehr. Was sogenannte &#8220;Politstare&#8221; weltweit ablassen, interessiert mich tiefgr\u00fcndig auch nur noch ganz peripher. Dessen ungeachtet, geht aber alles bei jenen Figuren mit einer ungemeinen Wut einher. Da man [&hellip;]<\/p>\n","protected":false},"author":6,"featured_media":0,"comment_status":"open","ping_status":"open","sticky":false,"template":"","format":"standard","meta":{"footnotes":""},"categories":[38],"tags":[],"class_list":["post-40329","post","type-post","status-publish","format-standard","hentry","category-in-den-ewigen-jagdgrunden"],"_links":{"self":[{"href":"https:\/\/zonenklaus.de\/wordpress\/index.php?rest_route=\/wp\/v2\/posts\/40329","targetHints":{"allow":["GET"]}}],"collection":[{"href":"https:\/\/zonenklaus.de\/wordpress\/index.php?rest_route=\/wp\/v2\/posts"}],"about":[{"href":"https:\/\/zonenklaus.de\/wordpress\/index.php?rest_route=\/wp\/v2\/types\/post"}],"author":[{"embeddable":true,"href":"https:\/\/zonenklaus.de\/wordpress\/index.php?rest_route=\/wp\/v2\/users\/6"}],"replies":[{"embeddable":true,"href":"https:\/\/zonenklaus.de\/wordpress\/index.php?rest_route=%2Fwp%2Fv2%2Fcomments&post=40329"}],"version-history":[{"count":6,"href":"https:\/\/zonenklaus.de\/wordpress\/index.php?rest_route=\/wp\/v2\/posts\/40329\/revisions"}],"predecessor-version":[{"id":40337,"href":"https:\/\/zonenklaus.de\/wordpress\/index.php?rest_route=\/wp\/v2\/posts\/40329\/revisions\/40337"}],"wp:attachment":[{"href":"https:\/\/zonenklaus.de\/wordpress\/index.php?rest_route=%2Fwp%2Fv2%2Fmedia&parent=40329"}],"wp:term":[{"taxonomy":"category","embeddable":true,"href":"https:\/\/zonenklaus.de\/wordpress\/index.php?rest_route=%2Fwp%2Fv2%2Fcategories&post=40329"},{"taxonomy":"post_tag","embeddable":true,"href":"https:\/\/zonenklaus.de\/wordpress\/index.php?rest_route=%2Fwp%2Fv2%2Ftags&post=40329"}],"curies":[{"name":"wp","href":"https:\/\/api.w.org\/{rel}","templated":true}]}}