{"id":40734,"date":"2023-11-29T22:36:00","date_gmt":"2023-11-29T21:36:00","guid":{"rendered":"https:\/\/zonenklaus.de\/wordpress\/?p=40734"},"modified":"2023-12-01T10:47:39","modified_gmt":"2023-12-01T09:47:39","slug":"warum-hat-g-o-die-vorwuerfe-zugegeben","status":"publish","type":"post","link":"https:\/\/zonenklaus.de\/wordpress\/?p=40734","title":{"rendered":"Warum hat G. O. die Vorw\u00fcrfe zugegeben?"},"content":{"rendered":"<p>Gest\u00e4ndnis statt Gef\u00e4ngnis&#8230;<br \/>\n<a href=\"https:\/\/www.lvz.de\/lokales\/leipzig\/gil-ofarim-prozess-martin-dulig-entschuldigt-sich-fuer-seine-aussagen-TM3F55ZKPNDUXP5OWKOI7ICNEM.html\">Reaktionen nach Gest\u00e4ndnis<\/a><br \/>\n\u201eFalsches und vorschnelles Urteil\u201c: Martin Dulig bedauert fr\u00fchere Aussagen zu Gil Ofarim<br \/>\nFinde ja, die Geschwindigkeit zu <i>Wahrheitsfindung<\/i> jener <i>erstunkenen Aussage<\/i>, war doch enorm! Da Gerichte kein Recht sprechen, sondern Urteile f\u00e4llen, hatte doch jeder der Beteiligten ein gewisses Qu\u00e4ntchen Spa\u00df dabei, oder?<br \/>\n<a href=\"https:\/\/www.lvz.de\/lokales\/leipzig\/gil-ofarim-prozess-israelitische-gemeinde-leipzig-kritisiert-auflage-GNMXATEWJZEPTKBTVS2OTSTSII.html\"><strong><span style=\"font-size: large;\"><i>Ve<\/i><\/span><\/strong><span style=\"font-size: large;\">fr<\/span><b><span style=\"font-size: large;\"><i>ahren gegen Ofarim in Leipzig eingestellt<\/i><\/span><\/b><\/a><br \/>\n<i>Das Verfahren gegen den j\u00fcdischen Musiker Gil Ofarim wegen Verleumdung und falscher Verd\u00e4ch\u00adtigung war am Dienstag vor dem Landgericht Leipzig nach dessen Gest\u00e4ndnis eingestellt worden. Der 41-J\u00e4hrige muss als Auflage jedoch einen Geldbetrag in H\u00f6he von 10.000 Euro zahlen &#8211; je zur H\u00e4lfte an die israelitische Religionsgemeinde zu Leipzig und die Gedenk- und Bildungsst\u00e4tte Haus der Wannsee-Konferenz in Berlin. Diese war zun\u00e4chst nicht f\u00fcr eine Stellungnahme zu erreichen.<\/i><br \/>\nFrage mich allerdings bei der H\u00f6he des<i> Bu\u00dfgeldes<\/i>, wie angemessen man das damit verbundene Strafma\u00df kategorisieren k\u00f6nnte.<br \/>\nSch\u00e4tze mal, die Entnahme der Summe aus der Portokasse wird der Knabe doch gar nicht bemer\u00adken&#8230;<!--more--><\/p>\n<p>Witzig finde ich abschlie\u00dfend noch, der Musiker bat den Hotelmitarbeiter um Verzeihung: <i>&#8220;Ich m\u00f6chte mich bei Ihnen entschuldigen.&#8221; Der als Nebenkl\u00e4ger auftretende Hotelmanager akzeptierte noch im Gerichtssaal die Entschuldigung. <\/i><br \/>\nHatte vorher allerdings an eine ganz andere Wendung gedacht, dass der Hotelmanager auf Ofarims grenzenloser Unversch\u00e4mtheit entsprechend anders reagierte. Vielleicht w\u00e4re es mit einem cleveren Anwalt m\u00f6glich gewesen, den Prozess im US-Amiland fortzusetzen, wegen der dort \u00fcblichen Schmerzensgeld-Aussch\u00fcttungen in Millionenh\u00f6he&#8230;<br \/>\nWollte ja noch etwas zu Andreas Thiel\u00b4s Registrierung von Humorlosigkeit ablassen, mache ich noch, aber nicht heute.<br \/>\nM\u00f6chte noch etwas in gewisse Relation setzen. Dazu geh\u00f6rt selbstverst\u00e4ndlich, dass mein Humor noch vorhanden ist, auch nach folgender Begebenheit!<br \/>\nSoll n\u00e4mlich, am beginnenden Wonnemonat, einen 13j\u00e4hrigen <i>vermeintlichen Rotzl\u00f6ffel<\/i> beleidigt haben. Nach seiner <em>kurzer Info<\/em> tauchte blitzartig <i>Mami <\/i>auf und leierte eine entsprechende Polizeiaktion an.<br \/>\nWill nun wegen ewiger datenschutzrechtlicher Verbalhurerei, keine Auskunft erteilen, welches die H\u00f6he meiner Rente betrifft, sie liegt ganz weit unter 1000 EURONEN&#8230;<br \/>\nDazu noch einige staatsanwaltschaftliche Belege:<\/p>\n<p><a href=\"https:\/\/zonenklaus.de\/wordpress\/?attachment_id=40735\" rel=\"attachment wp-att-40735\"><img loading=\"lazy\" decoding=\"async\" class=\"size-medium wp-image-40735 alignnone\" src=\"https:\/\/zonenklaus.de\/wordpress\/wp-content\/uploads\/2023\/12\/000000000000000000000-300x30.jpg\" alt=\"\" width=\"300\" height=\"30\" srcset=\"https:\/\/zonenklaus.de\/wordpress\/wp-content\/uploads\/2023\/12\/000000000000000000000-300x30.jpg 300w, https:\/\/zonenklaus.de\/wordpress\/wp-content\/uploads\/2023\/12\/000000000000000000000-150x15.jpg 150w, https:\/\/zonenklaus.de\/wordpress\/wp-content\/uploads\/2023\/12\/000000000000000000000-768x76.jpg 768w, https:\/\/zonenklaus.de\/wordpress\/wp-content\/uploads\/2023\/12\/000000000000000000000-624x62.jpg 624w, https:\/\/zonenklaus.de\/wordpress\/wp-content\/uploads\/2023\/12\/000000000000000000000.jpg 816w\" sizes=\"auto, (max-width: 300px) 100vw, 300px\" \/><\/a><a href=\"https:\/\/zonenklaus.de\/wordpress\/?attachment_id=40736\" rel=\"attachment wp-att-40736\"><img loading=\"lazy\" decoding=\"async\" class=\"alignnone size-medium wp-image-40736\" src=\"https:\/\/zonenklaus.de\/wordpress\/wp-content\/uploads\/2023\/12\/1111111111111111111111111111111-300x99.jpg\" alt=\"\" width=\"300\" height=\"99\" srcset=\"https:\/\/zonenklaus.de\/wordpress\/wp-content\/uploads\/2023\/12\/1111111111111111111111111111111-300x99.jpg 300w, https:\/\/zonenklaus.de\/wordpress\/wp-content\/uploads\/2023\/12\/1111111111111111111111111111111-150x50.jpg 150w, https:\/\/zonenklaus.de\/wordpress\/wp-content\/uploads\/2023\/12\/1111111111111111111111111111111-768x254.jpg 768w, https:\/\/zonenklaus.de\/wordpress\/wp-content\/uploads\/2023\/12\/1111111111111111111111111111111-624x206.jpg 624w, https:\/\/zonenklaus.de\/wordpress\/wp-content\/uploads\/2023\/12\/1111111111111111111111111111111.jpg 814w\" sizes=\"auto, (max-width: 300px) 100vw, 300px\" \/><\/a><a href=\"https:\/\/zonenklaus.de\/wordpress\/?attachment_id=40737\" rel=\"attachment wp-att-40737\"><img loading=\"lazy\" decoding=\"async\" class=\"size-medium wp-image-40737 alignleft\" src=\"https:\/\/zonenklaus.de\/wordpress\/wp-content\/uploads\/2023\/12\/222222222222222-300x144.jpg\" alt=\"\" width=\"300\" height=\"144\" srcset=\"https:\/\/zonenklaus.de\/wordpress\/wp-content\/uploads\/2023\/12\/222222222222222-300x144.jpg 300w, https:\/\/zonenklaus.de\/wordpress\/wp-content\/uploads\/2023\/12\/222222222222222-150x72.jpg 150w, https:\/\/zonenklaus.de\/wordpress\/wp-content\/uploads\/2023\/12\/222222222222222-624x300.jpg 624w, https:\/\/zonenklaus.de\/wordpress\/wp-content\/uploads\/2023\/12\/222222222222222.jpg 762w\" sizes=\"auto, (max-width: 300px) 100vw, 300px\" \/><\/a><\/p>\n<p>Was ich absolut nicht verstehe! Wenn jemand mit solch p\u00e4dagogischen Defiziten durch die Weltgeschichte m\u00e4andert, weil man ihm mit 13 Jahren noch nicht mal gewisse b\u00fcrgerliche Sekund\u00e4rtugenden vermittelte, um mit entsprechendem Selbstbewusstsein eine Fragestellung korrekt zu \u00e4u\u00dfern, wie kann es dann sein, dass sich solch ein W\u00fcrstchen in seiner Ehre gekr\u00e4nkt f\u00fchlen kann???<\/p>\n<p>&nbsp;<\/p>\n","protected":false},"excerpt":{"rendered":"<p>Gest\u00e4ndnis statt Gef\u00e4ngnis&#8230; Reaktionen nach Gest\u00e4ndnis \u201eFalsches und vorschnelles Urteil\u201c: Martin Dulig bedauert fr\u00fchere Aussagen zu Gil Ofarim Finde ja, die Geschwindigkeit zu Wahrheitsfindung jener erstunkenen Aussage, war doch enorm! Da Gerichte kein Recht sprechen, sondern Urteile f\u00e4llen, hatte doch jeder der Beteiligten ein gewisses Qu\u00e4ntchen Spa\u00df dabei, oder? Vefrahren gegen Ofarim in Leipzig eingestellt [&hellip;]<\/p>\n","protected":false},"author":6,"featured_media":0,"comment_status":"open","ping_status":"open","sticky":false,"template":"","format":"standard","meta":{"footnotes":""},"categories":[55],"tags":[],"class_list":["post-40734","post","type-post","status-publish","format-standard","hentry","category-alltaeglicher-wahnwitz"],"_links":{"self":[{"href":"https:\/\/zonenklaus.de\/wordpress\/index.php?rest_route=\/wp\/v2\/posts\/40734","targetHints":{"allow":["GET"]}}],"collection":[{"href":"https:\/\/zonenklaus.de\/wordpress\/index.php?rest_route=\/wp\/v2\/posts"}],"about":[{"href":"https:\/\/zonenklaus.de\/wordpress\/index.php?rest_route=\/wp\/v2\/types\/post"}],"author":[{"embeddable":true,"href":"https:\/\/zonenklaus.de\/wordpress\/index.php?rest_route=\/wp\/v2\/users\/6"}],"replies":[{"embeddable":true,"href":"https:\/\/zonenklaus.de\/wordpress\/index.php?rest_route=%2Fwp%2Fv2%2Fcomments&post=40734"}],"version-history":[{"count":7,"href":"https:\/\/zonenklaus.de\/wordpress\/index.php?rest_route=\/wp\/v2\/posts\/40734\/revisions"}],"predecessor-version":[{"id":40744,"href":"https:\/\/zonenklaus.de\/wordpress\/index.php?rest_route=\/wp\/v2\/posts\/40734\/revisions\/40744"}],"wp:attachment":[{"href":"https:\/\/zonenklaus.de\/wordpress\/index.php?rest_route=%2Fwp%2Fv2%2Fmedia&parent=40734"}],"wp:term":[{"taxonomy":"category","embeddable":true,"href":"https:\/\/zonenklaus.de\/wordpress\/index.php?rest_route=%2Fwp%2Fv2%2Fcategories&post=40734"},{"taxonomy":"post_tag","embeddable":true,"href":"https:\/\/zonenklaus.de\/wordpress\/index.php?rest_route=%2Fwp%2Fv2%2Ftags&post=40734"}],"curies":[{"name":"wp","href":"https:\/\/api.w.org\/{rel}","templated":true}]}}