{"id":41145,"date":"2024-02-17T20:48:33","date_gmt":"2024-02-17T19:48:33","guid":{"rendered":"https:\/\/zonenklaus.de\/wordpress\/?p=41145"},"modified":"2024-02-18T03:03:39","modified_gmt":"2024-02-18T02:03:39","slug":"%d0%b0%d0%bb%d0%b5%d0%ba%d1%81%d0%b5%d0%b9-%d0%b0%d0%bd%d0%b0%d1%82%d0%be%d0%bb%d1%8c%d0%b5%d0%b2%d0%b8%d1%87-%d0%bd%d0%b0%d0%b2%d0%b0%d0%bb%d1%8c%d0%bd%d1%8b%d0%b9-kann-nun-auch-niemals-mehr-einkaufe","status":"publish","type":"post","link":"https:\/\/zonenklaus.de\/wordpress\/?p=41145","title":{"rendered":"\u0410\u043b\u0435\u043a\u0441\u0435\u0439 \u0410\u043d\u0430\u0442\u043e\u043b\u044c\u0435\u0432\u0438\u0447 \u041d\u0430\u0432\u0430\u043b\u044c\u043d\u044b\u0439 kann nun auch niemals mehr einkaufen gehen&#8230;"},"content":{"rendered":"<p><span style=\"font-size: large;\"><i>Du f\u00fchlst keinen Schmerz, aber du wei\u00dft, du stirbs<\/i>t &#8211; <a href=\"https:\/\/www.spiegel.de\/ausland\/alexej-nawalny-ueber-anschlag-ich-behaupte-dass-hinter-der-tat-putin-steht-a-00000000-0002-0001-0000-000173324596\">SPIEGEL-Gespr\u00e4ch mit Nawalny<\/a>, vor rund dreieinhalb Jahren&#8230;<\/span><br \/>\n<span style=\"font-size: large;\">Nun ist jener, irgendwie verblichener <i><a href=\"https:\/\/www.zdf.de\/nachrichten\/politik\/ausland\/nawalny-ukraine-krieg-russland-100.html\">Kreml-Kritiker<\/a>, <\/i>f\u00fcr die einen ein M\u00e4rtyrer, dann wieder f\u00fcr andere ein Held. <\/span><br \/>\n<span style=\"font-size: large;\">F\u00fcr mich mehr ein <i>Held&#8230;<\/i><\/span><br \/>\n<span style=\"font-size: large;\"><a href=\"https:\/\/zonenklaus.de\/wordpress\/wp-content\/uploads\/2024\/02\/Nawa.png\"><img loading=\"lazy\" decoding=\"async\" class=\"size-medium wp-image-41147 alignleft\" src=\"https:\/\/zonenklaus.de\/wordpress\/wp-content\/uploads\/2024\/02\/Nawa-300x169.png\" alt=\"\" width=\"300\" height=\"169\" srcset=\"https:\/\/zonenklaus.de\/wordpress\/wp-content\/uploads\/2024\/02\/Nawa-300x169.png 300w, https:\/\/zonenklaus.de\/wordpress\/wp-content\/uploads\/2024\/02\/Nawa-1024x576.png 1024w, https:\/\/zonenklaus.de\/wordpress\/wp-content\/uploads\/2024\/02\/Nawa-150x84.png 150w, https:\/\/zonenklaus.de\/wordpress\/wp-content\/uploads\/2024\/02\/Nawa-768x432.png 768w, https:\/\/zonenklaus.de\/wordpress\/wp-content\/uploads\/2024\/02\/Nawa-1536x864.png 1536w, https:\/\/zonenklaus.de\/wordpress\/wp-content\/uploads\/2024\/02\/Nawa-624x351.png 624w, https:\/\/zonenklaus.de\/wordpress\/wp-content\/uploads\/2024\/02\/Nawa.png 1920w\" sizes=\"auto, (max-width: 300px) 100vw, 300px\" \/><\/a>Denn zu einem wahren Helden geh\u00f6rt <i>unbedingt<\/i> ein <i>sinnendfremdeter spekulativer Tod<\/i>, wobei abschlie\u00dfend ein tiefgr\u00fcndiger Realit\u00e4tsbezug zum Vorleben des <i>teuren Verblichenen<\/i> absolut keine Rolle mehr spielt. Im <a href=\"https:\/\/www.fr.de\/politik\/putin-russland-nawalny-tod-krank-unterstuetzer-wittern-perfides-mord-komplott-von-92838217.html\">Fall von Nawalny<\/a> waren solcher Art Betrachtungen, die bereits Jahrzehnte zur\u00fcckliegen w\u00fcrden, sowieso nie angesagt. Er passte lediglich irgendwie zum<a href=\"https:\/\/www.swr.de\/wissen\/1000-antworten\/woher-kommt-der-ausdruck-schema-f-106.html\"> \u201eSchema F\u201c <sup><b>(<\/b><\/sup><b>*<\/b><sup><b>)<\/b><\/sup><b> <\/b><\/a>der sich anbahnenden und vollkommen aus dem Ruder gelaufenen chaotischen Machenschaften, welche nach dem Zusammenbruch des \u00f6stlichen Imperiums, weltweit um sich griff! <\/span><br \/>\n<span style=\"font-size: large;\"><sup><b>(<\/b><\/sup><b>*<\/b><sup><b>) <\/b><\/sup><\/span><span style=\"font-size: large;\"><b>(<\/b>\u201eF\u201c &#8211; f\u00fcr mich: <i>Fuck<\/i>!<b>)<\/b><\/span><!--more--><\/p>\n<p><span style=\"font-size: large;\">Was global betrachtet, sich pl\u00f6tzlich f\u00fcr Blindfische \u00fcberall in der Politik probieren durften, da k\u00f6nnte ich immer noch kotzen. <\/span><br \/>\n<span style=\"font-size: large;\">Mir w\u00fcrde es sogar vollends gen\u00fcgen, im Nachhinein etwas zu reflektieren, weshalb nie begonnen wurde, mal vor der eigenen T\u00fcr zukehren&#8230; <\/span><br \/>\n<span style=\"font-size: large;\">Hinzu kam doch, die sich entwickelnde infantile Sicht zur vollkommen neuen Qual\u00adit\u00e4t, nach der angedachten Beendigung des <i>Kalten Krieges.<\/i><\/span><br \/>\n<span style=\"font-size: large;\">Was wurde lediglich getan? Permanente Basteleien an witzlosen Schei\u00dfkompromis\u00adsen, die ewig in Richtung Appeasementpolitik abdrifteten, identisch jener gescheiter\u00adten vormaligen Machenschaften, welche schlie\u00dflich zum Ausbruch des II. Weltkrie\u00adges f\u00fchrten! <\/span><br \/>\n<span style=\"font-size: large;\"><i>Die reinste Form des Wahnsinns ist es, alles beim Alten zu belassen und zu hoffen, dass sich etwas \u00e4ndert.<\/i><span style=\"font-size: small;\">(Einstein) <\/span>Was aber in der Praxis darauf hinauslief, lieber Ruhe walten lassen und den Rest zwingend aussitzen. Frei nach der Devise: <i>Pack schl\u00e4gt sich, Pack vertr\u00e4gt sich<\/i><b>! <\/b><span style=\"font-size: small;\">(vox populi) <\/span><\/span><br \/>\n<span style=\"font-size: large;\"><i>Dabei stellt jeder Tag seine Probleme, die unabweislich nach einer L\u00f6sung verlangen, um hinterher vielleicht in neuer Gestalt aufzutauchen.<\/i> <span style=\"font-size: small;\">(Nex\u00f6)<\/span><i> <\/i><\/span><br \/>\n<span style=\"font-size: large;\">Dazu passt selbige zeitlose Devise ebenso: <a href=\"https:\/\/praxistipps.focus.de\/wenn-zwei-sich-streiten-freut-sich-der-dritte-herkunft-und-infos-zum-sprichwort_105539\"><i>Wenn zwei sich streiten, freut sich der Dritte<\/i><\/a><b>! <\/b><span style=\"font-size: small;\">(vox populi) <\/span><\/span><br \/>\n<span style=\"font-size: large;\">Abschlie\u00dfend noch zwei Spr\u00fcche von Napoleon, die beide wie \u00c4rsche auf einen Eimer passen: <i>Der Feind meines Feindes ist auch mein Freund<b>.<\/b> <\/i><\/span><br \/>\n<span style=\"font-size: large;\"><i>Geschichte ist eine Fabel, auf die man sich geeinigt hat. <\/i>Korrekt, Geschichte wird au\u00dferdem immer von den Siegern entsprechend gedrechselt<b>! <\/b><i><b> <\/b><\/i><\/span><br \/>\n<span style=\"font-size: large;\">Ach so, betrifft Nawalny &#8211; <i>Der Mohr hat seine Schuldigkeit getan<\/i><b>! <\/b><\/span><br \/>\n<span style=\"font-size: large;\">Momentan versuchen aber massenhaft Politfreaks auf der lange verdunsteten Pisse von ihm noch Kahn zufahren, <i>alles verbunden mit ganz, ganz tiefer Best\u00fcrzung<\/i><b>!<\/b><\/span><br \/>\n<span style=\"font-size: large;\">Haufenweise Leute<b>*<\/b><sup><b>INNERINNEN usw. u.\u00e4. (z. B Empork\u00f6mmlinge, Mumien u. Irre) <\/b><\/sup>darunter, die in der Vergangenheit den Ex- Genossen Putin ausgiebig gehypt haben und letztlich daf\u00fcr sorgten, dass er sich mit solcher Machtf\u00fclle ausstatten konnte&#8230;<\/span><br \/>\n\u201e<span style=\"font-size: large;\"><i>Zu Tode gequ\u00e4lt\u201c: Nawalny-Unterst\u00fctzer wittern perfides Mordkomplott von Putin <\/i><\/span><br \/>\n<span style=\"font-size: large;\">(\u2026) <i>Der Tod des Oppositionspolitikers, der nach einem Giftanschlag trotz drohender Haft 2021 nach Russland zur\u00fcckgekehrt war, <\/i><i><b>l\u00f6ste in vielen L\u00e4ndern Best\u00fcrzung aus<\/b><\/i><i>. Politiker warfen Putin und dem russischen Justizsystem einen politischen Mord vor \u2013 allen voran US-Pr\u00e4sident Joe Biden. Man wisse zwar nicht genau, was passiert sei, aber es gebe keinen Zweifel daran, dass der Tod Nawalnys eine Folge von Putins Handeln und dem seiner Verbrecher sei, sagte Biden am Freitag im Wei\u00dfen Haus. \u201ePutin ist verantwortlich.\u201c<\/i><\/span><\/p>\n","protected":false},"excerpt":{"rendered":"<p>Du f\u00fchlst keinen Schmerz, aber du wei\u00dft, du stirbst &#8211; SPIEGEL-Gespr\u00e4ch mit Nawalny, vor rund dreieinhalb Jahren&#8230; Nun ist jener, irgendwie verblichener Kreml-Kritiker, f\u00fcr die einen ein M\u00e4rtyrer, dann wieder f\u00fcr andere ein Held. F\u00fcr mich mehr ein Held&#8230; Denn zu einem wahren Helden geh\u00f6rt unbedingt ein sinnendfremdeter spekulativer Tod, wobei abschlie\u00dfend ein tiefgr\u00fcndiger Realit\u00e4tsbezug [&hellip;]<\/p>\n","protected":false},"author":6,"featured_media":0,"comment_status":"open","ping_status":"open","sticky":false,"template":"","format":"standard","meta":{"footnotes":""},"categories":[1,55,38],"tags":[],"class_list":["post-41145","post","type-post","status-publish","format-standard","hentry","category-allgemeines","category-alltaeglicher-wahnwitz","category-in-den-ewigen-jagdgrunden"],"_links":{"self":[{"href":"https:\/\/zonenklaus.de\/wordpress\/index.php?rest_route=\/wp\/v2\/posts\/41145","targetHints":{"allow":["GET"]}}],"collection":[{"href":"https:\/\/zonenklaus.de\/wordpress\/index.php?rest_route=\/wp\/v2\/posts"}],"about":[{"href":"https:\/\/zonenklaus.de\/wordpress\/index.php?rest_route=\/wp\/v2\/types\/post"}],"author":[{"embeddable":true,"href":"https:\/\/zonenklaus.de\/wordpress\/index.php?rest_route=\/wp\/v2\/users\/6"}],"replies":[{"embeddable":true,"href":"https:\/\/zonenklaus.de\/wordpress\/index.php?rest_route=%2Fwp%2Fv2%2Fcomments&post=41145"}],"version-history":[{"count":2,"href":"https:\/\/zonenklaus.de\/wordpress\/index.php?rest_route=\/wp\/v2\/posts\/41145\/revisions"}],"predecessor-version":[{"id":41148,"href":"https:\/\/zonenklaus.de\/wordpress\/index.php?rest_route=\/wp\/v2\/posts\/41145\/revisions\/41148"}],"wp:attachment":[{"href":"https:\/\/zonenklaus.de\/wordpress\/index.php?rest_route=%2Fwp%2Fv2%2Fmedia&parent=41145"}],"wp:term":[{"taxonomy":"category","embeddable":true,"href":"https:\/\/zonenklaus.de\/wordpress\/index.php?rest_route=%2Fwp%2Fv2%2Fcategories&post=41145"},{"taxonomy":"post_tag","embeddable":true,"href":"https:\/\/zonenklaus.de\/wordpress\/index.php?rest_route=%2Fwp%2Fv2%2Ftags&post=41145"}],"curies":[{"name":"wp","href":"https:\/\/api.w.org\/{rel}","templated":true}]}}