{"id":41361,"date":"2024-04-06T20:52:27","date_gmt":"2024-04-06T19:52:27","guid":{"rendered":"https:\/\/zonenklaus.de\/wordpress\/?p=41361"},"modified":"2024-04-07T00:51:31","modified_gmt":"2024-04-06T23:51:31","slug":"lucie-leydicke-wird-mit-eigenem-platz-geehrt-die-einstige-wirtin-war-fuer-ihre-soziale-ader-bekannt","status":"publish","type":"post","link":"https:\/\/zonenklaus.de\/wordpress\/?p=41361","title":{"rendered":"Lucie Leydicke wird mit eigenem Platz geehrt, die einstige Wirtin war f\u00fcr ihre soziale Ader bekannt."},"content":{"rendered":"<p><span style=\"font-size: large;\"><i><a href=\"https:\/\/zonenklaus.de\/wordpress\/wp-content\/uploads\/2024\/04\/LUCIE.jpg\"><img loading=\"lazy\" decoding=\"async\" class=\"size-medium wp-image-41362 alignleft\" src=\"https:\/\/zonenklaus.de\/wordpress\/wp-content\/uploads\/2024\/04\/LUCIE-300x273.jpg\" alt=\"\" width=\"300\" height=\"273\" srcset=\"https:\/\/zonenklaus.de\/wordpress\/wp-content\/uploads\/2024\/04\/LUCIE-300x273.jpg 300w, https:\/\/zonenklaus.de\/wordpress\/wp-content\/uploads\/2024\/04\/LUCIE-1024x932.jpg 1024w, https:\/\/zonenklaus.de\/wordpress\/wp-content\/uploads\/2024\/04\/LUCIE-150x137.jpg 150w, https:\/\/zonenklaus.de\/wordpress\/wp-content\/uploads\/2024\/04\/LUCIE-768x699.jpg 768w, https:\/\/zonenklaus.de\/wordpress\/wp-content\/uploads\/2024\/04\/LUCIE-624x568.jpg 624w, https:\/\/zonenklaus.de\/wordpress\/wp-content\/uploads\/2024\/04\/LUCIE.jpg 1380w\" sizes=\"auto, (max-width: 300px) 100vw, 300px\" \/><\/a>&#8230;E&amp;M Leydicke Weinbrennerei\u201c in der Mansteinstra\u00dfe den Sch\u00f6neberger Crelle-Kiez stadtweit bekannt gemacht, eigentlich bundesweit.<\/i><\/span><br \/>\n<span style=\"font-size: large;\"><i>Doch dann hatten die Gr\u00fcnen vergangenes Jahr ein Haar im Obstwein gefunden, den die kleine, energische Lady f\u00fcr alle so randvoll eingoss.<\/i><\/span><br \/>\n<span style=\"font-size: large;\"><i>,,Antisemitische und ausl\u00e4nderfeindliche\u201c Spr\u00fcche soll sie dabei hinterm Tresen bisweilen gekloppt haben. So stand es in der Begr\u00fcndung zur Beschlussempfehlung der Partei, die Umbenennung im Bezirksparlament erstmal zu stoppen. Ein Zeitzeuge habe sie darauf hingewiesen. Der habe einmal geh\u00f6rt, wie sie einem Gast entgegen\u00adschleuderte: ,,<a href=\"https:\/\/de.wikipedia.org\/wiki\/Godwin%E2%80%99s_law\">Dich haben sie Wohl vergessen zu vergasen<\/a>.\u201c <\/i><\/span><br \/>\n<span style=\"font-size: large;\"><i>Laut konnte sie Werden, dar\u00fcber jedenfalls sind sich alle Zeitzeugen einig. In der hauseigenen Geschichtsschreibung auf leydicke.com hei\u00dft es: ,,Sie raunte die G\u00e4ste an, wenn sie zu wenig tranken, schlichtete Streit, holte Weltverbesserer auf den<\/i> <i>Bo\u00adden zur\u00fcck und schenkte nach.\u201c<\/i><\/span><br \/>\n<span style=\"font-size: large;\">Stimmt schon, Lucie trug ihr Herz auf der Zunge, von mir gab es aber entsprechen\u00adden Zunder und zwar mit Berliner Schnauze. War schon lustig, wenn dann ein Wort ins andere fiel&#8230;<\/span><\/p>\n<p><span style=\"font-size: large;\">Nur so nebenbei, f\u00fcr uns Sachsen und Anhaltiner war es zu Beginn der Lehrzeit in Warnem\u00fcnde fast nicht m\u00f6glich, eine einheimischen Schnecke anzubaggern. Beflei\u00ad\u00dfigte mich deshalb, etwas den Fischkopf-Slang zu erlernen. Empfand ich aber bald zu stressig, sattelte deshalb in den Berliner Dialekt um. Selbiger wurde von mir dann auch noch komplettiert, wenn ich Heimreisen \u00fcber Berlin antrat, dabei ewig in <a href=\"https:\/\/zonenklaus.de\/wordpress\/?p=34649\">Lich\u00adtenberg<\/a> aufschlug. <\/span><br \/>\n<span style=\"font-size: large;\"><b>&#8211; <\/b>Also ein ZEITZEUGE hat etwas unters Volk gestreut&#8230;<sup><b>(*)<\/b><\/sup><\/span><br \/>\n<span style=\"font-size: large;\">Was habe ich f\u00fcr Massen solcherart <i>Berufszeugen<\/i> schon kennen gelernt! <\/span><br \/>\n\u201e<span style=\"font-size: large;\">Ich bin Zeuge! Um was geht es hier eigentlich? Ich kenne n\u00e4mlich jemand, der wiederum jemand kennt, der alles bezeugen wird&#8230;\u201c<\/span><br \/>\n<span style=\"font-size: large;\">Wen ich so alles in ihren Laden geschleppt habe, in den End70er\/80er Jahren, dies geht bestimmt auf keine Kuhhaut. <\/span><br \/>\n<span style=\"font-size: large;\">Muss dazu bemerken, besonders nach 20 Uhr, wenn man in der Pinte nicht mehr umfallen konnte, tummelte sich dort immer ein Haufen von Volksdrogen-Junkies, wirklich s\u00e4mtlicher sozialen Schichten, welche aus allen Ecken UNSERER ERDEN\u00adSCHEIBE stammten. <\/span><br \/>\n<span style=\"font-size: large;\">Nebenbei bemerkt, kurz darauf herrschte dort mindestens Smoke-Stufe 80 und mehr, weil alle Franz\u00f6sische und Spanische Glimmer rauchten. Was oftmals zur Folge hat\u00adte, dass einem Nikotin vom Stuck ins Glas tropfte&#8230;<\/span><!--more--><\/p>\n<p><span style=\"font-size: large;\"><a href=\"https:\/\/zonenklaus.de\/wordpress\/?p=459\">Mir fallen momentan Geschichten<\/a> ein, die ich gar nicht alle niederschreiben kann, weil ich nicht wei\u00df, wo ich da \u00fcberhaupt anfangen sollte. Jedenfalls lag <i>Leydicke <\/i> oftmals mittig, bei angesagten <a href=\"https:\/\/zonenklaus.de\/wordpress\/?p=41050\">Stellungswechseln<\/a>. Wenn man sich z. B. n\u00e4chtens vom Bermudadreieck: <i>Yorkschl\u00f6sschen, Nulpe und Delirium, <\/i>in westliche Richtung auf\u00admachte. Oder man kam vom <i>Winterfeldplatz<\/i>, de<i>r Potse<\/i> oder <i>Pallas<\/i>, da gab es noch ein Laden in der <em>Goebenstrasse.<\/em> Da musste man eine ellenlange steile Treppe rauf, wobei sie bezecht runter, wesentlich schlimmer war. <\/span><br \/>\n<span style=\"font-size: large;\">In der vorher erw\u00e4hnten Zeit gab es auch noch die Reste der <a href=\"https:\/\/www.zeit.de\/auto\/2011-12\/verkehr-mitfahrgelegenheit\/seite-3\"><em>Roten-Punkt-Aktion<\/em><\/a>. Mit solch gekennzeichneten Autos konnte man recht gut auch nachts trampen&#8230;<\/span><br \/>\n<span style=\"font-size: large;\">Es gab ja jene Eigenheit mit dem Werbegag, dass Berlin 24 Stunden ge\u00f6ffnet ist. Was nicht ganz stimmte! Eigentlich durften alle Kneipen 23 Stunden ge\u00f6ffnet sein, der Rest sollte der Reinigung vorbehalten sein! Noch eine alliierte Marotte, aus alten Besatzerzeiten. Als eine recht widerliche Eigenart konnte man erleben, dass gerade in sog. <em>Studentenkneipen<\/em>, Toilettenanlagen besonders f\u00fcr Frauen unter alter Sau waren. Daf\u00fcr gab es von <i>Senatens<\/i> eine idiotische Bestimmung. Nach der Neuer\u00f6ffnung mussten die entsprechenden Anlagen innerhalb eines Jahres auf <em>Vordermann<\/em> gebracht werden. In einem Kollektiv konnte jene Anweisung ganz schlicht umgangen werden. Kurz vor Ende der Jahresfrist, \u00fcbernahm jemand aus dem Rudel, die neue <i>Scheff\u00adchenrolle<\/i> und alles wurde verbunden mit neuer Jahresfrist&#8230;<\/span><br \/>\n<span style=\"font-size: large;\">In viele Kneipen konnte ich deshalb nicht wieder mit einem M\u00e4del aufschlagen, weil der Toilettengang in letzter Konsequenz mit einem wichtigen menschlichen Bed\u00fcrfnis einhergeht. Habe mich so manches mal, mit den betreibenden <i>Linxwixern<\/i> angelegt, da zierten teilweise gro\u00dfe Posters mit halb verhungerten Kids aus Biafra die W\u00e4nde, aber die Toiletten waren nicht benutzbar&#8230; <\/span><br \/>\n<span style=\"font-size: large;\">In der Ruine, am Winterfeldplatz, gab es noch eines Steigerung. Wegen eines gewis\u00adsen Umstandes, ging ich nur von Fr\u00fchjahr bis Herbst dort hin. Suchte mir immer einen Platz am Rand aus und entleerte mich dann verstohlen im Sitzen. Machten aber viele Typen, allerdings geh\u00f6rt dazu eigentlich ein entsprechender Kr\u00fcckstock der ein oller Regenschirm&#8230;<\/span><\/p>\n<p><sup><span style=\"font-size: large;\"><b>(*)<\/b><\/span><\/sup><span style=\"font-size: large;\"> Man k\u00f6nnte heute noch sehr viele <\/span><span style=\"font-size: large;\"><i>betroffene<\/i> <em>gesamtdeutsche Zeitzeugen<\/em> interviewen, wie oft sie, zu Beginn der 60er Jahre, immer wieder h\u00f6ren mussten, dass man sie fr\u00fcher vergast h\u00e4t\u00adte. Meine damit die <i>jugendlichen Gammler<\/i>, welche damals ihre Loden wachsen lie\u00ad\u00dfen. Solche Spr\u00fcche lie\u00dfen in der Zone Genossen der Dreigrammbewegung ebenso ab, dabei\u00a0 mancher sogar seine <em>Existanzmedaille<\/em> am Revers trug!<\/span><br \/>\n<span style=\"font-size: large;\">Den witzigsten Spruch lie\u00df im Sommer `66 der Vater eines Schulfreundes ab. <\/span><br \/>\n<span style=\"font-size: large;\"><a href=\"https:\/\/zonenklaus.de\/wordpress\/wp-content\/uploads\/2024\/04\/RINGO.jpg\"><img loading=\"lazy\" decoding=\"async\" class=\"size-medium wp-image-41363 alignleft\" src=\"https:\/\/zonenklaus.de\/wordpress\/wp-content\/uploads\/2024\/04\/RINGO-233x300.jpg\" alt=\"\" width=\"233\" height=\"300\" srcset=\"https:\/\/zonenklaus.de\/wordpress\/wp-content\/uploads\/2024\/04\/RINGO-233x300.jpg 233w, https:\/\/zonenklaus.de\/wordpress\/wp-content\/uploads\/2024\/04\/RINGO-794x1024.jpg 794w, https:\/\/zonenklaus.de\/wordpress\/wp-content\/uploads\/2024\/04\/RINGO-116x150.jpg 116w, https:\/\/zonenklaus.de\/wordpress\/wp-content\/uploads\/2024\/04\/RINGO-768x991.jpg 768w, https:\/\/zonenklaus.de\/wordpress\/wp-content\/uploads\/2024\/04\/RINGO-624x805.jpg 624w, https:\/\/zonenklaus.de\/wordpress\/wp-content\/uploads\/2024\/04\/RINGO.jpg 1100w\" sizes=\"auto, (max-width: 233px) 100vw, 233px\" \/><\/a>Mit der dazugeh\u00f6rigen Larve meinte er zu mir: \u201eKlaus! Nur damit du Bescheid wei\u00dft, wenn wir wieder mal bestimmen, wer ein Deutscher ist! Dann liefere ich Dich per\u00ads\u00f6nlich im Lager ab und von dort gibt es f\u00fcr dich nur einen Ausweg &#8211; den durch die Esse!\u201c <i> <\/i><\/span><br \/>\n<span style=\"font-size: large;\">Was meinen Haarschopf betraf, nahm ein dreiviertel Jahr sp\u00e4ter, das ekelhafte Mut\u00adtertier alles entsprechend in ihre H\u00e4nde. Dieses Mistst\u00fcck wurde von dem roten Pack, in deren Sumpf sie sich ewige wohlf\u00fchlte, m\u00e4chtig belegt, weshalb sie nicht daf\u00fcr sorgte, dass sich ihr Sohn einen <i>vern\u00fcnftigen Haarschnitt <\/i>zulegt. <\/span><br \/>\n\u201e<span style=\"font-size: large;\">Zieht den Jungen doch einfach zur Truppe, denn der ist momentan mit einem <i>an\u00adst\u00e4ndigen M\u00e4dchen<\/i> zusammen, da wird es deshalb keine Schwierigkeiten geben!\u201c<\/span><br \/>\n<span style=\"font-size: large;\">Alles geschah dann, wie gew\u00fcnscht, 7 Monate nach meinem 18ten Geburtstag&#8230;<\/span><\/p>\n","protected":false},"excerpt":{"rendered":"<p>&#8230;E&amp;M Leydicke Weinbrennerei\u201c in der Mansteinstra\u00dfe den Sch\u00f6neberger Crelle-Kiez stadtweit bekannt gemacht, eigentlich bundesweit. Doch dann hatten die Gr\u00fcnen vergangenes Jahr ein Haar im Obstwein gefunden, den die kleine, energische Lady f\u00fcr alle so randvoll eingoss. ,,Antisemitische und ausl\u00e4nderfeindliche\u201c Spr\u00fcche soll sie dabei hinterm Tresen bisweilen gekloppt haben. So stand es in der Begr\u00fcndung zur [&hellip;]<\/p>\n","protected":false},"author":6,"featured_media":0,"comment_status":"open","ping_status":"open","sticky":false,"template":"","format":"standard","meta":{"footnotes":""},"categories":[55],"tags":[],"class_list":["post-41361","post","type-post","status-publish","format-standard","hentry","category-alltaeglicher-wahnwitz"],"_links":{"self":[{"href":"https:\/\/zonenklaus.de\/wordpress\/index.php?rest_route=\/wp\/v2\/posts\/41361","targetHints":{"allow":["GET"]}}],"collection":[{"href":"https:\/\/zonenklaus.de\/wordpress\/index.php?rest_route=\/wp\/v2\/posts"}],"about":[{"href":"https:\/\/zonenklaus.de\/wordpress\/index.php?rest_route=\/wp\/v2\/types\/post"}],"author":[{"embeddable":true,"href":"https:\/\/zonenklaus.de\/wordpress\/index.php?rest_route=\/wp\/v2\/users\/6"}],"replies":[{"embeddable":true,"href":"https:\/\/zonenklaus.de\/wordpress\/index.php?rest_route=%2Fwp%2Fv2%2Fcomments&post=41361"}],"version-history":[{"count":7,"href":"https:\/\/zonenklaus.de\/wordpress\/index.php?rest_route=\/wp\/v2\/posts\/41361\/revisions"}],"predecessor-version":[{"id":41370,"href":"https:\/\/zonenklaus.de\/wordpress\/index.php?rest_route=\/wp\/v2\/posts\/41361\/revisions\/41370"}],"wp:attachment":[{"href":"https:\/\/zonenklaus.de\/wordpress\/index.php?rest_route=%2Fwp%2Fv2%2Fmedia&parent=41361"}],"wp:term":[{"taxonomy":"category","embeddable":true,"href":"https:\/\/zonenklaus.de\/wordpress\/index.php?rest_route=%2Fwp%2Fv2%2Fcategories&post=41361"},{"taxonomy":"post_tag","embeddable":true,"href":"https:\/\/zonenklaus.de\/wordpress\/index.php?rest_route=%2Fwp%2Fv2%2Ftags&post=41361"}],"curies":[{"name":"wp","href":"https:\/\/api.w.org\/{rel}","templated":true}]}}