{"id":41508,"date":"2024-05-02T20:57:48","date_gmt":"2024-05-02T19:57:48","guid":{"rendered":"https:\/\/zonenklaus.de\/wordpress\/?p=41508"},"modified":"2024-05-05T21:37:53","modified_gmt":"2024-05-05T20:37:53","slug":"paul-auster-geht-nicht-mehr-einkaufen-er-gab-bereits-am-30-april-sein-leben-zurueck","status":"publish","type":"post","link":"https:\/\/zonenklaus.de\/wordpress\/?p=41508","title":{"rendered":"Paul Auster geht nicht mehr einkaufen, er gab bereits am 30. April sein Leben zur\u00fcck&#8230;"},"content":{"rendered":"<p>Zu meinem <em>41sten Geburtstag<\/em>, 1988, bin Baujahr \u00b448, z\u00e4hle aber anders! Deshalb wurde mein 40ster auch zweimal begangen, wegen der korrekten Z\u00e4hlweise und der sonst \u00fcblichen, mit der man eigentlich die vollendten Jahre abhakt, die dann aber unkorrekt als Geburtstage verbucht werden&#8230;<br \/>\nDa bekam ich von <i>Ditscheck <\/i>einen <a href=\"https:\/\/de.wikipedia.org\/wiki\/Paul_Auster\"><i>Auster<\/i> <\/a>geschenkt, um welchen es sich handelte, wei\u00df ich nicht mehr, las anschlie\u00dfend noch weitere von ihm. Hatte vorher nur ewig in der <a href=\"https:\/\/www.spiegel.de\/netzwelt\/web\/spiegel-cover-mit-ki-bildern-wie-das-titelbild-zum-ende-der-wahrheit-entstanden-ist-a-1eec6b5c-2f73-4395-948f-dd5d237fe2b7\">Hamburger BILD-Zeitung<\/a> f\u00fcr Pseudo-Intellek\u00adtuelle, der ZEIT und FAZ etwas von ihm gelesen, was sich danach sehr schnell \u00e4nderte&#8230;<br \/>\nEinige Jahre sp\u00e4ter kam der Film hinzu: <a href=\"https:\/\/www.cinema.de\/film\/smoke-raucher-unter-sich,1312359.html\"><i>Smoke &#8211; Raucher unter sich<\/i><\/a><br \/>\n<b>\u00a0&#8211; <\/b><strong>Hier etwas von anderen Leuten \u00fcber die Raucherei:<\/strong> <a href=\"https:\/\/zonenklaus.de\/wordpress\/?p=18450\">Bob Dylan Theme Time Radio Hour Episode 58: Smoking<\/a> &#8211; <a href=\"https:\/\/zonenklaus.de\/wordpress\/?p=18474\">Noch etwas zum gestrigen Schrieb<\/a> &#8211; <a href=\"https:\/\/www.flickr.com\/photos\/zonenklaus\/11613191516\/in\/photostream\/\">Im Rauchermuseum der Burg Beeskow<\/a><br \/>\nHeute fand ich etwas bei <a href=\"https:\/\/www.spiegel.de\/kultur\/literatur\/paul-auster-seine-fuenf-wichtigsten-werke-a-f1cab5f7-98f7-4892-937c-4d6533fe1538\">WIKI, von Paule:<\/a><i> In einem Interview f\u00fcr die Washington Post im Dezember 2003 nannte Auster diejenigen Autoren, die den gr\u00f6\u00dften Einfluss auf sein Werk hatten (Reihenfolge ohne Wertung):<\/i> Charles <b>B<\/b>audelaire, Samuel <b>B<\/b>eckett, Maurice Blanchot, Jorge Luis <b>B<\/b>orges, Albert<b> C<\/b>amus, Paul <b>C<\/b>elan, Louis-Ferdinand <b>C<\/b>\u00e9line, Miguel de <b>C<\/b>ervantes, Raymond <b>C<\/b>handler, Jacques Derrida, Charles <b>D<\/b>ickens, Fjodor <b>D<\/b>ostojewski, William <b>F<\/b>aulkner<b>*<\/b>, F. Scott <b>F<\/b>itzgerald, Dashiell Hammett, Knut Hamsun, Nathaniel <b>H<\/b>awthorne, James <b>J<\/b>oyce, Franz <b>K<\/b>afka, Jacques Lacan, St\u00e9phane Mallarm\u00e9, Herman <b>M<\/b>elville, Michel de <b>M<\/b>ontaigne, Edgar Allan <b>P<\/b>oe, Arthur <b>R<\/b>imbaud, William <b>S<\/b>hakespeare, <a href=\"https:\/\/zonenklaus.de\/wordpress\/?p=33414\">Henry David <b>T<\/b>horeau<\/a>, Leo <b>T<\/b>olstoi, Kurt Vonnegut, Ludwig <b>W<\/b>ittgenstein&#8230;<br \/>\nVon s\u00e4mtlichen markierten Leuten, hatte ich als fr\u00fchreifes B\u00fcrschchen bereits etliches gelesen, alles geschah unter Gro\u00dfvaters Obhut und sie kamen alle aus seiner riesigen Bibliothek.<br \/>\n<b>*<\/b>Zu <a href=\"https:\/\/de.wikipedia.org\/wiki\/Der_Gauner\">Faulkner<\/a> fiel mir noch etwas ein. Gerade jenes Werk, dann <a href=\"https:\/\/de.wikipedia.org\/wiki\/Die_M%C3%BChle_am_Floss\"><i>Die M\u00fchle am Floss<\/i> von George Eliot<\/a> und <em>Die Virginians, <\/em><em>von<\/em> <em><a href=\"https:\/\/de.wikipedia.org\/wiki\/William_Makepeace_Thackeray\">William Makepeace<\/a> Thackeray<\/em>, waren die einzigen lesbaren B\u00fccher w\u00e4hrend meiner 7-monatigen U-Haft im Stasi-Knast! Wartete allerdings wochenlang auf jene bestellten Werke. Konnte aber auf <em>Goethe<\/em> und <em>Schiller<\/em> ausweichen, deren Schriften aus den 1950ern, teilweise noch vom Schnitt verklebt&#8230;<br \/>\nMuss aber in dem Zusammenhang noch etwas ablassen, was die Leserei betraf.<br \/>\nZu meinen 5w\u00f6chi\u00adgen <em>Bed &amp; Breakfast-Tagen<\/em>, im Budapester Staatsgef\u00e4ngnis, hatten mich die ungarischen Genos\u00adsen doch m\u00e4chtig verw\u00f6hnt. Insgesamt empfand ich jene H\u00fctte als einen 5-Sterne-Knast! \u00c4u\u00dferst kompeten\u00adtes Personal, ausgezeichnete Verpflegung, jeden Mittag gab es ein Dessert (<span style=\"font-size: small;\">z.B. <em>mehrfach s\u00fc\u00dfe Milch\u00adnudeln mit geraspelten Waln\u00fcssen<\/em><\/span>), t\u00e4glich 15 Deputat-Zigaretten und dazu jede Menge Literatur. Konnte t\u00e4glich zwei bis drei B\u00fccher lesen. War ich mit denen fertig, wurde vor die Zellent\u00fcr gelatscht. Prompt erschien kurz darauf der Page, im Tross ein H\u00e4ftlings-Fourier, von dessen W\u00e4gelchen ich mir dann die entsprechende Literatur aussuchte &#8211; fast nur bundesgermanische Exemplare&#8230;<\/p>\n<p><!--more-->Bin wiedermal abgedriftet!<br \/>\nJedenfalls hat wiederholt jemand UNSERE ERDENSCHEIBE verlassen, der eine brauchbare Seite des verr\u00fcckten Amilandes manifestierte. Ist halt der Lauf aller unerkl\u00e4rbarer Dinge! Obwohl auch Auster letztlich nichts an den dort <i>nachhaltig<\/i> (<span style=\"font-size: small;\">ein Schei\u00dfbegriff<\/span>!) kultivierten und weltweit vorhandenen Gegeben\u00adheiten \u00e4ndern konnte! Irgendwie beruhigt mich die Mentalit\u00e4t der Leser schon lange nicht mehr, besonders wenn Mumien damit kokettieren, was sie wieder eingezogen haben und mir dann erz\u00e4h\u00adlen wollen, was ihnen dabei f\u00fcr Lichter angingen. Besonder wenn es um Geschreibsel geht, welches ich mir in der Kind- und Jugendzeit zu Gem\u00fcte f\u00fchrte, teilweise damit angef\u00fcttert wurde, allerdings mit aufgeworfenen Fragen zum Opa gehen konnte. Den es anfangs auch m\u00e4chtig irritierte, dass ich so wild durcheinander die Thematik abhakte. Angefangen bei allen weltweit bekannten Klassikern, zwischendurch <i>Hitler, Rosenberg, <\/i><em>Prudhon, Bakunin, <\/em>\u00fcber<em> Maxim Gorki, <\/em>weiter zu<em> Tucholsky, Brecht <\/em>und den vielen anderen deutchsprachigen Durchblickern<em>. <\/em>Dabei nach Aussagen seiner Tochter, bei meiner Vielleserei immer die falschen Schlu\u00dffolgerungen ziehen w\u00fcrde, wobei dieses <em>chronisch unterv\u00f6gelte stalinistische Flintenweib<\/em> \u00fcberhaupt nicht registrierte, welche Bandbreite meine Gier nach schriftlich fixierten Erkenntnissen \u00fcberhaupt besa\u00df.<br \/>\nBereits in sehr jungen Jah\u00adren kamen mir m\u00e4chtige Bedenken auf, weil ich anfangs dem Trugschluss erlag, dass mir B\u00fccher irgend\u00adwann zu einem endg\u00fcltigen Level von Verst\u00e4ndnis verhelfen w\u00fcrden&#8230;<br \/>\nDies war aber ein folgenschwerer Fall von denkste! Denn je mehr ich mich in der Vielfalt von ganz unterschiedlichen Betrachtungsweisen sielte, welche \u00fcber viele L\u00e4ndergrenzen hinaus gingen, setzte dies zwangsl\u00e4ufig ganz andere Verst\u00e4ndnisprozesse in Gang. Alles ging einher, mit immer mehr Fragen die dazu auftauchten, obwohl es sich schon seit Jahrtausenden um identisch anstehende Prob\u00adlemen drehte, wobei ewig nur die Ebenen verschoben wurden von narzisstisch agierenden Kompe\u00adtenzsimulanten&#8230;<br \/>\nDies wurde mir in den letzten Tagen wieder geballt an die Omme geknallt.<br \/>\nAls unz\u00e4hlige E<em>ks<\/em>perten mit seltsam gepaarter neuzeitlicher Verst\u00e4ndnislosigkeit, sich in <em>gegenderter Verbalhurerei <\/em>\u00fcber <em>Cu<\/em>nt\u00b4s Einfluss auf Erkenntnistheorie und Metaphysik seiner<em> Kritik der reinen Vernunft<\/em> (<span style=\"font-size: small;\">hi, hi, hi!<\/span>) auslie\u00dfen&#8230;<br \/>\nRecht witzig kam auch<a href=\"https:\/\/www.sueddeutsche.de\/politik\/voelkermord-der-absurde-herr-steinmeier-1.2452850\"> Bupr\u00e4si Steinmeier<\/a> daher, als er in Tschechien auf Kafkas Spuren lustwan\u00addelt.<br \/>\nWees nich, <a href=\"https:\/\/www.mdr.de\/mdr-aktuell-nachrichtenradio\/audio\/audio-2628456.html\"><em>Fank-Walter<\/em> und <em>Franzel<\/em>,<\/a> vielleicht w\u00e4re es besser gewesen, ihn mit Schwejk\u00b4s alten Freund Woditschka bekannt zumachen&#8230;<\/p>\n","protected":false},"excerpt":{"rendered":"<p>Zu meinem 41sten Geburtstag, 1988, bin Baujahr \u00b448, z\u00e4hle aber anders! Deshalb wurde mein 40ster auch zweimal begangen, wegen der korrekten Z\u00e4hlweise und der sonst \u00fcblichen, mit der man eigentlich die vollendten Jahre abhakt, die dann aber unkorrekt als Geburtstage verbucht werden&#8230; Da bekam ich von Ditscheck einen Auster geschenkt, um welchen es sich handelte, [&hellip;]<\/p>\n","protected":false},"author":6,"featured_media":0,"comment_status":"open","ping_status":"open","sticky":false,"template":"","format":"standard","meta":{"footnotes":""},"categories":[55,38],"tags":[],"class_list":["post-41508","post","type-post","status-publish","format-standard","hentry","category-alltaeglicher-wahnwitz","category-in-den-ewigen-jagdgrunden"],"_links":{"self":[{"href":"https:\/\/zonenklaus.de\/wordpress\/index.php?rest_route=\/wp\/v2\/posts\/41508","targetHints":{"allow":["GET"]}}],"collection":[{"href":"https:\/\/zonenklaus.de\/wordpress\/index.php?rest_route=\/wp\/v2\/posts"}],"about":[{"href":"https:\/\/zonenklaus.de\/wordpress\/index.php?rest_route=\/wp\/v2\/types\/post"}],"author":[{"embeddable":true,"href":"https:\/\/zonenklaus.de\/wordpress\/index.php?rest_route=\/wp\/v2\/users\/6"}],"replies":[{"embeddable":true,"href":"https:\/\/zonenklaus.de\/wordpress\/index.php?rest_route=%2Fwp%2Fv2%2Fcomments&post=41508"}],"version-history":[{"count":17,"href":"https:\/\/zonenklaus.de\/wordpress\/index.php?rest_route=\/wp\/v2\/posts\/41508\/revisions"}],"predecessor-version":[{"id":41550,"href":"https:\/\/zonenklaus.de\/wordpress\/index.php?rest_route=\/wp\/v2\/posts\/41508\/revisions\/41550"}],"wp:attachment":[{"href":"https:\/\/zonenklaus.de\/wordpress\/index.php?rest_route=%2Fwp%2Fv2%2Fmedia&parent=41508"}],"wp:term":[{"taxonomy":"category","embeddable":true,"href":"https:\/\/zonenklaus.de\/wordpress\/index.php?rest_route=%2Fwp%2Fv2%2Fcategories&post=41508"},{"taxonomy":"post_tag","embeddable":true,"href":"https:\/\/zonenklaus.de\/wordpress\/index.php?rest_route=%2Fwp%2Fv2%2Ftags&post=41508"}],"curies":[{"name":"wp","href":"https:\/\/api.w.org\/{rel}","templated":true}]}}