{"id":41520,"date":"2024-05-03T20:26:53","date_gmt":"2024-05-03T19:26:53","guid":{"rendered":"https:\/\/zonenklaus.de\/wordpress\/?p=41520"},"modified":"2025-08-06T02:12:39","modified_gmt":"2025-08-06T01:12:39","slug":"nachtraeglicher-anhang-zum-gestrigen-schrieb","status":"publish","type":"post","link":"https:\/\/zonenklaus.de\/wordpress\/?p=41520","title":{"rendered":"Nachtr\u00e4glicher Anhang zum gestrigen Schrieb"},"content":{"rendered":"<p>Es kam ja noch schlimmer, als ich mich zu Beginn der 5. Klasse weigerte, weiterhin im Buchklub der Pioniere zubleiben. Dieses ideologisch total verbogene Mistst\u00fcck, schloss daraufhin tags\u00fcber unser Wohnzimmer ab, damit ich nicht mehr an ihre <i>Bibliothek der Weltliteratur<\/i> (<span style=\"font-size: small;\">Eine geniale Zonen\u00adserie von auserw\u00e4hlter internationaler Literatur!<\/span>) heran kam. Sah es n\u00e4mlich nicht ein, mich weiter an dem verordneten roten Schei\u00df zu erg\u00f6tzen und dabei mit aufkommender Langeweile zu k\u00e4mpfen. Wie unermesslich dumm war diese Frau \u00fcberhaupt? Dabei war ihr bekannt, dass ich mich mit 9 Jahren, ausgerechnet durch Tolstois \u201e<a href=\"https:\/\/www.hanser-literaturverlage.de\/buch\/lew-tolstoi-auferstehung-9783446252851-t-2141\">Auferstehung<\/a>\u201c gequ\u00e4lt hatte und dies geschah mehrere Wochen! Allerdings konnte ich anschlie\u00dfend auch vollkommen fl\u00fcssig Frakturschrift lesen&#8230;<br \/>\nDa ich Zeit meines Lebens immer im Liegen las, wartete diese<i> rote Zecke<\/i> immer wieder mit einer weiteren Dusseligkeit auf. Sollte n\u00e4mlich <i>anst\u00e4ndig<\/i> lesen, mich dazu auf einen Stuhl setzen und es am Tisch tun! Hinzu kam eine Marotte von mir, die sie, auch ihre idiotischen Genossen nie verstan\u00adden, nebenher h\u00f6rte ich immer \u00fcber Kopfh\u00f6rer zus\u00e4tzlich leise Musik.<\/p>\n<p><!--more-->Andauernd schlichen sich irgendwelche Idioten an und rissen mir die Kopfh\u00f6rer herunter, um an\u00adschlie\u00dfend zu \u00fcberpr\u00fcfen, welche Radiostationen gerade liefen.<br \/>\nDeshalb kamen es von meiner Seite permanent zu Gegenma\u00dfnahmen, mit kleinen technisch voll\u00adkommen ausgebufften Ma\u00dfnahmen. Die mich mehrere Jahre sp\u00e4ter, dann im Heim, auch vor so manchem Unbill bewahrten.<br \/>\nWill hier nur kurz erw\u00e4hnen wie billig es in meinem Kinderzimmer ablief. Wollten die Gro\u00dfeltern etwas von mir, war ihr Gang in Richtung meines Gemaches laufend mit einer un\u00fcberh\u00f6rbaren Ger\u00e4uschkulisse verbunden. Oma sang dann laut, Opa <em>kontrollierte<\/em> die Balkont\u00fcr oder die zum Boden und knallte beide dann laut\u00adstark zu&#8230;<br \/>\nIhre Tochter pl\u00e4rrte manchmal unten an der Treppe wie ein <a href=\"https:\/\/www.zeit.de\/interactive\/wie-geht-es-uns-lexikon-emotionen.html?wort=dienstgeil\">dienstgeiler<\/a> Feldwebel vom Barras. In der Regel schlich sie aber nach oben. Entweder versuchte sie dann die Zimmert\u00fcr ganz vorsichtig zu \u00f6ffnen oder riss sie heftig auf und sprang gleichzeitig in den Raum. Im letzteren Fall wurde sie von mir erschrocken ange\u00adglotzt, kam sie ganz leise angeschissen, lie\u00df ich sie sogar gew\u00e4hren, bis zum Herunterrei\u00dfen der H\u00f6rger\u00e4te &#8211; aber immer wieder Anschiss! Sporadisch durfte ich den Kontakt zum Sohn ihrer Schulfreundin <i>pflegen,<\/i> beide hatten wir begonnen uns in die Rundfunktechnik einzufuchsen und <em>Datsch<\/em> las sehr gerne alte Krimis, konnte aber auch zuhause ohne Probleme Westfernsehen schauen.<br \/>\nMein Spezi kam irgendwann auf die Idee, das Kastenschloss an der Zimmert\u00fcr entsprechend zu ma\u00adnipulieren, es als Schalter einzusetzen. Stundenlang wurde beratschlagt, wie es insgeheim von stat\u00adten gehen k\u00f6nnte. Dazu wurden zwei sehr d\u00fcnne Dr\u00e4hte hinter T\u00fcrrahmen und Scheuerleisten, zum klei\u00adnen Arbeitsplatz an der Kopfseite meines Bettes gef\u00fchrt. Die <i>hebende Falle<\/i> des Schlosses, funktio\u00adnierte vollkommen unerkannt als Schalter f\u00fcr ein Schwachstromrelais, welches dann den Starkstrom\u00adkreis unterbrach&#8230;<br \/>\nKurz darauf kam er mit einer absolut gigantischen Idee, in deren Folge unser Telefon angezapft wurde&#8230;<br \/>\nWei\u00df gar nicht mehr, wo die Eingebung herkam, dass ich aus\u00a0<a href=\"https:\/\/www.welt.de\/kultur\/history\/article110852359\/Zwei-Schenkel-aus-Holz-und-ein-Metallguertel.html\">Patentklammern<\/a> zwei <em>sowjetische<\/em> Morsetasten bastelte. Lernten beide das entsprechende Alphabet, hockten in der beginnenden Dun\u00adkelheit an den Bodenfenstern und unterhielten uns dann \u00fcber die paar hundert Meter.<br \/>\nKniete mich etwas mehr in die Rundfunktechnik rein, wollte n\u00e4mlich irgendwann Funkamateur werden. Als ich schlie\u00dflich vollj\u00e4hrig war und endlich die Pr\u00fcfung h\u00e4tte ablegen k\u00f6nnen, ging wegen mei\u00adnes <em>polizeilichen F\u00fchrungszeugnisses<\/em> nichts mehr!<br \/>\n<em>Datsch<\/em> verlor ich irgendwann fast vollst\u00e4ndig aus den Augen.<br \/>\nErst im Dezember \u00b489 erfuhr ich weiteres \u00fcber ihn.<br \/>\nDa hatte er aber schon 15 Jahre vorher, nach der Verm\u00e4hlung mit der Tochter eines Seiles, freiwillig sein Leben zur\u00fcckgegeben&#8230;<\/p>\n","protected":false},"excerpt":{"rendered":"<p>Es kam ja noch schlimmer, als ich mich zu Beginn der 5. Klasse weigerte, weiterhin im Buchklub der Pioniere zubleiben. Dieses ideologisch total verbogene Mistst\u00fcck, schloss daraufhin tags\u00fcber unser Wohnzimmer ab, damit ich nicht mehr an ihre Bibliothek der Weltliteratur (Eine geniale Zonen\u00adserie von auserw\u00e4hlter internationaler Literatur!) heran kam. Sah es n\u00e4mlich nicht ein, mich [&hellip;]<\/p>\n","protected":false},"author":6,"featured_media":0,"comment_status":"open","ping_status":"open","sticky":false,"template":"","format":"standard","meta":{"footnotes":""},"categories":[55],"tags":[],"class_list":["post-41520","post","type-post","status-publish","format-standard","hentry","category-alltaeglicher-wahnwitz"],"_links":{"self":[{"href":"https:\/\/zonenklaus.de\/wordpress\/index.php?rest_route=\/wp\/v2\/posts\/41520","targetHints":{"allow":["GET"]}}],"collection":[{"href":"https:\/\/zonenklaus.de\/wordpress\/index.php?rest_route=\/wp\/v2\/posts"}],"about":[{"href":"https:\/\/zonenklaus.de\/wordpress\/index.php?rest_route=\/wp\/v2\/types\/post"}],"author":[{"embeddable":true,"href":"https:\/\/zonenklaus.de\/wordpress\/index.php?rest_route=\/wp\/v2\/users\/6"}],"replies":[{"embeddable":true,"href":"https:\/\/zonenklaus.de\/wordpress\/index.php?rest_route=%2Fwp%2Fv2%2Fcomments&post=41520"}],"version-history":[{"count":15,"href":"https:\/\/zonenklaus.de\/wordpress\/index.php?rest_route=\/wp\/v2\/posts\/41520\/revisions"}],"predecessor-version":[{"id":44010,"href":"https:\/\/zonenklaus.de\/wordpress\/index.php?rest_route=\/wp\/v2\/posts\/41520\/revisions\/44010"}],"wp:attachment":[{"href":"https:\/\/zonenklaus.de\/wordpress\/index.php?rest_route=%2Fwp%2Fv2%2Fmedia&parent=41520"}],"wp:term":[{"taxonomy":"category","embeddable":true,"href":"https:\/\/zonenklaus.de\/wordpress\/index.php?rest_route=%2Fwp%2Fv2%2Fcategories&post=41520"},{"taxonomy":"post_tag","embeddable":true,"href":"https:\/\/zonenklaus.de\/wordpress\/index.php?rest_route=%2Fwp%2Fv2%2Ftags&post=41520"}],"curies":[{"name":"wp","href":"https:\/\/api.w.org\/{rel}","templated":true}]}}