{"id":42379,"date":"2024-09-18T20:06:24","date_gmt":"2024-09-18T19:06:24","guid":{"rendered":"https:\/\/zonenklaus.de\/wordpress\/?p=42379"},"modified":"2024-09-26T10:13:06","modified_gmt":"2024-09-26T09:13:06","slug":"lisa-eckhart-und-die-judenwitze-philipp-peyman-engel","status":"publish","type":"post","link":"https:\/\/zonenklaus.de\/wordpress\/?p=42379","title":{"rendered":"Lisa Eckhart und die Judenwitze, Philipp Peyman Engel"},"content":{"rendered":"<p><span style=\"font-family: Times New Roman, serif;\"><span style=\"font-size: medium;\">Ehe ich den schon etwas<a href=\"https:\/\/www.juedische-allgemeine.de\/kultur\/lisa-eckhart-und-die-judenwitze\/\"> \u00e4lteren Artikel<\/a> nochmals aufw\u00e4rme, will ich noch kurz vorher zum j\u00fcdi\u00adschen Humor kommen und dazu zwei Typen und k<i>eine Quotentante<\/i> erw\u00e4hnen: <i>Edgar Hilsenrath. <\/i>Ephraim Ki\u00adshon und Salcia Landmann. <\/span><\/span><br \/>\n<span style=\"font-family: Times New Roman, serif;\"><span style=\"font-size: medium;\">K\u00f6stlich, was die so ablie\u00dfen! Trotzdem hatte jeder der drei genannten, in irgendeiner Form seinen Malaisen mit x-beliebigen <i>Krritikern<\/i> und Teilen der <i>linkslastigen<\/i> Leserschaft. Besonders wurde ja Hilsenrath angegangen, wie er es wagen konnte, eine Humoreske im Nazireich anzusiedeln!<\/span><\/span><br \/>\n<span style=\"font-family: Times New Roman, serif;\"><span style=\"font-size: medium;\">Fast h\u00e4tte ich Lotti Huber vergessen, denn deren Lesungen, \u00e4hnlich derer von Eddi H., kamen im\u00admer zum Piepen r\u00fcber. Au\u00dferdem handelte es sich bei ihnen allen um einen Schreibstil, bei dem sich Meister<i> Ph.Pe.En.<\/i> wirklich noch einiges abkupfern sollte&#8230;<\/span><\/span><\/p>\n<p><!--more--><span style=\"font-family: Times New Roman, serif;\"><span style=\"font-size: medium;\"><a href=\"https:\/\/www.juedische-allgemeine.de\/kultur\/lisa-eckhart-und-die-judenwitze\/\">Beginne mit:<\/a> <i><b>Warum es unertr\u00e4glich ist, dass die antisemitischen Pointen der Kabarettistin als hintergr\u00fcndige Satire bezeichnet werden<\/b><\/i><\/span><\/span><br \/>\n<span style=\"font-family: Times New Roman, serif;\"><span style=\"font-size: medium;\">Weshalb Herr <i>Engel<\/i> ausgerechnet mit erm\u00fcdenden Sparwitzen versuchte einen Bogen zu <i>Lisa Eck\u00adharts, <\/i>zu schlagen und dabei mit dem Versuch scheitert, sich an ihrem Statement zu vergehen. Ob\u00adwohl es sich schon vom Denkansatz und Aussage her, um eine ganz andersartig gelagerte Thema\u00adtik geht. <\/span><\/span><br \/>\n<span style=\"font-family: Times New Roman, serif;\"><span style=\"font-size: medium;\">Gott nochmal, in welchen Runden heitert man sich denn mit solcher Art <i>Unterhaltungsbeitr\u00e4gen<\/i> auf und scheint sie sogar als Witze durchgehen zulassen?<\/span><\/span><br \/>\n<span style=\"font-family: Times New Roman, serif;\"><span style=\"font-size: medium;\"><i>Kennen Sie den schon? \u00bbDen Juden Reparationen zu zahlen, das ist, wie dem Red-Bull-Gr\u00fcnder Mateschitz ein Red Bull auszugeben.\u00ab Oder den? \u00bbDie Erektion des schwarzen Glieds braucht alle sieben Liter Blut, \u00fcber die ein Mensch verf\u00fcgt.\u00ab<\/i><\/span><\/span><br \/>\n<span style=\"font-family: Times New Roman, serif;\"><span style=\"font-size: medium;\">Ehe ich auf das kastrierte zweite Teil eingehe und deren Pointe noch liefere, etwas ganz anderes. <\/span><\/span><br \/>\n<span style=\"font-family: Times New Roman, serif;\"><span style=\"font-size: medium;\">Es betrifft das Genre der sog. <i>Judenwitze. <\/i>Mein t\u00fcrkischer Werkbankkollege versorgte mich ewig mit dieser Art Witze und all jenen, die ihn, seine Landsleute und anderweitige <i>Kanaken<\/i> betrafen. <\/span><\/span><br \/>\n<span style=\"font-family: Times New Roman, serif;\"><span style=\"font-size: medium;\">Diese Nase begriff es nie, dass mich solch Schei\u00df absolut nicht interessierte. Zumal in den vier Jahren seines unstillbaren Mitteilungsbed\u00fcrfnisses, sich lediglich <i>ein Judenwitz<\/i><sup>(*) <\/sup>befand, der mir unbekannt war. <\/span><\/span><br \/>\n<span style=\"font-family: Times New Roman, serif;\"><span style=\"font-size: medium;\">Die ersten vernahm ich bereits zu der ausgehenden Schulzeit (1964\/65), sp\u00e4ter konnte ich regis\u00adtrierten, dass auch Genossen der <i>Dreigrammbewegung<\/i> sie erz\u00e4hlten und sich andersherum dabei auch k\u00f6st\u00adlich am\u00fcsierten. Kann mich nicht erinnern jemals einen von der Sorte mal weiter erz\u00e4hlt habe. <\/span><\/span><br \/>\n<span style=\"font-family: Times New Roman, serif;\"><span style=\"font-size: medium;\">Schlie\u00dflich besa\u00df ich ein ganz anderes Verh\u00e4ltnis zum Judentum, dies hing mit einer einschnei\u00adden\u00adden Hilfeleistung aus jener Richtung zusammen. W\u00e4hrend der Inflationszeit lieh der Vater eines Freun\u00addes aus Gymnasialzeiten, meinem Gro\u00dfvater, eine sehr gro\u00dfz\u00fcgige Summe von US-Dollars, um sein Hausbau entsprechend zu beenden. <\/span><\/span><br \/>\n<span style=\"font-family: Times New Roman, serif;\"><span style=\"font-size: medium;\">Allerdings kam es zu meinen Ansichten, was Israel betraf, einen kurzfristigen Knacks. <\/span><\/span><br \/>\n<span style=\"font-family: Times New Roman, serif;\"><span style=\"font-size: medium;\">Dies hing damals auch schon mit deren Politik zusammen und es geschah nach dem <\/span><\/span>Sechstagekrieg, in der ersten Juniwoche 1967. Da kam es in der gesamten Bereitschaftsbullengarnison zu m\u00e4chtigen Aggressionen. Es be\u00adgann mit einer unbegrenzten <i>Ausgangs<\/i>&#8211; und <i>Urlaubssperre<\/i>, die unsereins besonders traf. Der Aus\u00adbildungsmonat unter der Obhut von Massen an Dummk\u00f6pfen, Idioten und Sadisten von Vor\u00adgesetz\u00adten. Dabei hatten <span style=\"font-family: Times New Roman, serif;\"><span style=\"font-size: medium;\">mich die ersten vier Wochen gar nicht besonders tangiert, durch meine Aus\u00adbil\u00addung als Funker. Zumal mir von den Deppen niemand etwas vormachen konnte. In den wenigen Tagen lief ich bereits in erstmalige Hochform auf, was meine ewigen Provokationen betrafen. Anschlie\u00dfend gab es die Versetzung in die PGH, <\/span><\/span><span style=\"font-family: Times New Roman, serif;\"><span style=\"font-size: medium;\"><i><b>P<\/b><\/i><\/span><\/span><span style=\"font-family: Times New Roman, serif;\"><span style=\"font-size: medium;\"><i>atzternick\u00b4s <\/i><\/span><\/span><span style=\"font-family: Times New Roman, serif;\"><span style=\"font-size: medium;\"><i><b>G<\/b><\/i><\/span><\/span><span style=\"font-family: Times New Roman, serif;\"><span style=\"font-size: medium;\"><i>eiler <\/i><\/span><\/span><span style=\"font-family: Times New Roman, serif;\"><span style=\"font-size: medium;\"><i><b>H<\/b><\/i><\/span><\/span><span style=\"font-family: Times New Roman, serif;\"><span style=\"font-size: medium;\"><i>aufen<\/i><\/span><\/span><span style=\"font-family: Times New Roman, serif;\"><span style=\"font-size: medium;\">&#8230;<\/span><\/span><br \/>\n<span style=\"font-family: Times New Roman, serif;\"><span style=\"font-size: medium;\">In selbige Richtung wurde mir sp\u00e4ter sogar ein nie dagewesen Privileg zuteil, wie \u00e4ltere Kapos mal ablie\u00dfen, denn zweimal wurde ich w\u00e4hrend Rotlichtbestrahlungen eingebuchtet. Da kam anschlie\u00ad\u00dfend vielleicht ein Sozialneid unter den Kameraden hoch! <\/span><\/span><br \/>\n<span style=\"font-family: Times New Roman, serif;\"><span style=\"font-size: medium;\">Also, die Israelis hatten den <i>STK<\/i> angezettelt und alle hingen fest. <\/span><\/span><br \/>\n<span style=\"font-family: Times New Roman, serif;\"><span style=\"font-size: medium;\">Von einem Tag auf den anderen explodierten sogar s\u00e4mtliche Tagtr\u00e4ume! Endlich ein Paar Tage weg von dem Idiotenzirkus, sich endlich mal wieder richtig sexuell ausschei\u00dfen, dann sich bis zum Ab\u00adwinken mit Kumpels die Kante geben und vor allen Dingen die neuesten Mucken aus England ein\u00adziehen. Zwischendurch auch endlich wieder Westfernsehen anschauen! <\/span><\/span><br \/>\n<span style=\"font-family: Times New Roman, serif;\"><span style=\"font-size: medium;\">In der Kompanie besa\u00df ich die absolute Arschkarte, weil gerade 18einhalb Lenze auf dem Buckel, der j\u00fcngste Rotarsch in der Runde! Als es zum Ende Juno wieder Urlaub gab, ging es nat\u00fcrlich bei den <\/span><\/span><span style=\"font-family: Times New Roman, serif;\"><span style=\"font-size: medium;\"><i>Ehekr\u00fcppeln <\/i><\/span><\/span><span style=\"font-family: Times New Roman, serif;\"><span style=\"font-size: medium;\">los, wobei die Anzahl ihrer G\u00f6ren als Bonus gehandelt wurden. <\/span><\/span><br \/>\n<span style=\"font-family: Times New Roman, serif;\"><span style=\"font-size: medium;\">Hinzu kam, dass wir, unser Kompaniebereich befand sich im ersten Stock \u00fcber dem Stab, wo alle mitbekommen konnten, dass ewig <\/span><\/span><span style=\"font-family: Times New Roman, serif;\"><span style=\"font-size: medium;\"><i>irgendwelche Weiber<\/i><\/span><\/span><span style=\"font-family: Times New Roman, serif;\"><span style=\"font-size: medium;\"> von hohen Offizieren unter hereinschl\u00fcp\u00adften&#8230; <\/span><\/span><\/p>\n","protected":false},"excerpt":{"rendered":"<p>Ehe ich den schon etwas \u00e4lteren Artikel nochmals aufw\u00e4rme, will ich noch kurz vorher zum j\u00fcdi\u00adschen Humor kommen und dazu zwei Typen und keine Quotentante erw\u00e4hnen: Edgar Hilsenrath. Ephraim Ki\u00adshon und Salcia Landmann. K\u00f6stlich, was die so ablie\u00dfen! Trotzdem hatte jeder der drei genannten, in irgendeiner Form seinen Malaisen mit x-beliebigen Krritikern und Teilen der [&hellip;]<\/p>\n","protected":false},"author":6,"featured_media":0,"comment_status":"open","ping_status":"open","sticky":false,"template":"","format":"standard","meta":{"footnotes":""},"categories":[55],"tags":[],"class_list":["post-42379","post","type-post","status-publish","format-standard","hentry","category-alltaeglicher-wahnwitz"],"_links":{"self":[{"href":"https:\/\/zonenklaus.de\/wordpress\/index.php?rest_route=\/wp\/v2\/posts\/42379","targetHints":{"allow":["GET"]}}],"collection":[{"href":"https:\/\/zonenklaus.de\/wordpress\/index.php?rest_route=\/wp\/v2\/posts"}],"about":[{"href":"https:\/\/zonenklaus.de\/wordpress\/index.php?rest_route=\/wp\/v2\/types\/post"}],"author":[{"embeddable":true,"href":"https:\/\/zonenklaus.de\/wordpress\/index.php?rest_route=\/wp\/v2\/users\/6"}],"replies":[{"embeddable":true,"href":"https:\/\/zonenklaus.de\/wordpress\/index.php?rest_route=%2Fwp%2Fv2%2Fcomments&post=42379"}],"version-history":[{"count":1,"href":"https:\/\/zonenklaus.de\/wordpress\/index.php?rest_route=\/wp\/v2\/posts\/42379\/revisions"}],"predecessor-version":[{"id":42380,"href":"https:\/\/zonenklaus.de\/wordpress\/index.php?rest_route=\/wp\/v2\/posts\/42379\/revisions\/42380"}],"wp:attachment":[{"href":"https:\/\/zonenklaus.de\/wordpress\/index.php?rest_route=%2Fwp%2Fv2%2Fmedia&parent=42379"}],"wp:term":[{"taxonomy":"category","embeddable":true,"href":"https:\/\/zonenklaus.de\/wordpress\/index.php?rest_route=%2Fwp%2Fv2%2Fcategories&post=42379"},{"taxonomy":"post_tag","embeddable":true,"href":"https:\/\/zonenklaus.de\/wordpress\/index.php?rest_route=%2Fwp%2Fv2%2Ftags&post=42379"}],"curies":[{"name":"wp","href":"https:\/\/api.w.org\/{rel}","templated":true}]}}