{"id":42456,"date":"2024-10-10T22:53:46","date_gmt":"2024-10-10T21:53:46","guid":{"rendered":"https:\/\/zonenklaus.de\/wordpress\/?p=42456"},"modified":"2024-10-11T20:02:23","modified_gmt":"2024-10-11T19:02:23","slug":"juergen-klopp-unterschreibt-bei-red-bull","status":"publish","type":"post","link":"https:\/\/zonenklaus.de\/wordpress\/?p=42456","title":{"rendered":"J\u00fcrgen Klopp unterschreibt bei Red Bull"},"content":{"rendered":"<p><a href=\"https:\/\/www.t-online.de\/sport\/fussball\/international\/id_100506046\/wechsel-zu-red-bull-juergen-klopp-zerstoert-sein-eigenes-denkmal.html\">Das eigene Denkmal in Sekunden zerst\u00f6rt<\/a>.<br \/>\nKann ich aber nachvollziehen!<br \/>\nWer will schon sein eigenes Denkmal ewig mit sich herumschlep\u00adpen?<br \/>\nBei dem Rest des seltsamen Schriebes handelt es sich sowieso nur um blanken Sozialneid!<br \/>\nRecht befremdlich, wie der Schreiberling drauf ist, dass er bei den Machenschaften von Red Bull etwas erkennen will, was bei denen einmalig sein soll.<br \/>\nOb der Knabe vielleicht ein Taschengeld aus Richtung der Bayern erh\u00e4lt? Was l\u00e4uft bei den \u00d6sis denn denn anders ab, als in allen anderen Profivereinen?<br \/>\nMir sowieso vollkommen egal.<br \/>\nMich nervte es aber bereits, wenn Nachrichten in der Glotze damit aus\u00adklingen, dass die Nase, wel\u00adche die ganze Zeit neben den dortigen Moderatoren herumlungert, sich endlich zu den Allerwelts\u00advorkommnissen d\u00fcmmlich \u00e4u\u00dfern darf, die unter <i>sportlichen Ereig\u00adnis\u00adsen<\/i> firmieren.<br \/>\nIn der Regel erkenne ich in solch <i>wichtigen<\/i> Zusammenrottungen, lediglich <i>Dauer\u00adwer\u00adbesendungen<\/i>, aufgeh\u00fcbscht mit irgendwelchen Gegebenheiten, in denen sich beliebige Leute verrenken mit k\u00f6r\u00adperlichen Aktionen, zu denen sie zeitweise die unm\u00f6glichsten Hilfsmittel benut\u00adzen und alles in Kla\u00admotten vorf\u00fchren, die vollst\u00e4ndig mit entsprechenden Werbe\u00adbanner voll gepappt sind&#8230;<br \/>\nWas die Kickerei betrifft, hat ja nun alles hochgradig enthemmt Sachverhalte angenommen.<br \/>\nWitzig finde ich dabei auch die Tatsache, dass in mitteleurop\u00e4ischen <i>kalkgesichtigen<\/i> Crew\u00b4s immer mehr <a href=\"https:\/\/de.wikipedia.org\/wiki\/People_of_Color\">BPoC<\/a>\u00b4s auftauchen.<br \/>\nHabe in dem Zusammenhang, so ganz nebenbei schon Verbali\u00adsie\u00adrungen aufgeschnappt, auch von Seite plappernder <i>Wei\u00dfbrote<\/i>, die mich sofort an dieses <a href=\"https:\/\/en.wikipedia.org\/wiki\/Uncle_Tom_syndrome\"><i>Onkel Tom-Syn\u00addrom <\/i><\/a>erinnerten, recht selt\u00adsam. Auf den anderen Seite, der <i>brave Schwarze<\/i> f\u00fcr gelungene Einglie\u00adderung herhalten musste. Bei der Masse an Kohle, die solche Leute im reichen Norden uNSERER eRDEN\u00adSCHEIBE einfahren, dann mit Integration zu kokettieren &#8211; mehr als merkw\u00fcrdig&#8230;<\/p>\n","protected":false},"excerpt":{"rendered":"<p>Das eigene Denkmal in Sekunden zerst\u00f6rt. Kann ich aber nachvollziehen! Wer will schon sein eigenes Denkmal ewig mit sich herumschlep\u00adpen? Bei dem Rest des seltsamen Schriebes handelt es sich sowieso nur um blanken Sozialneid! Recht befremdlich, wie der Schreiberling drauf ist, dass er bei den Machenschaften von Red Bull etwas erkennen will, was bei denen [&hellip;]<\/p>\n","protected":false},"author":6,"featured_media":0,"comment_status":"open","ping_status":"open","sticky":false,"template":"","format":"standard","meta":{"footnotes":""},"categories":[55],"tags":[],"class_list":["post-42456","post","type-post","status-publish","format-standard","hentry","category-alltaeglicher-wahnwitz"],"_links":{"self":[{"href":"https:\/\/zonenklaus.de\/wordpress\/index.php?rest_route=\/wp\/v2\/posts\/42456","targetHints":{"allow":["GET"]}}],"collection":[{"href":"https:\/\/zonenklaus.de\/wordpress\/index.php?rest_route=\/wp\/v2\/posts"}],"about":[{"href":"https:\/\/zonenklaus.de\/wordpress\/index.php?rest_route=\/wp\/v2\/types\/post"}],"author":[{"embeddable":true,"href":"https:\/\/zonenklaus.de\/wordpress\/index.php?rest_route=\/wp\/v2\/users\/6"}],"replies":[{"embeddable":true,"href":"https:\/\/zonenklaus.de\/wordpress\/index.php?rest_route=%2Fwp%2Fv2%2Fcomments&post=42456"}],"version-history":[{"count":3,"href":"https:\/\/zonenklaus.de\/wordpress\/index.php?rest_route=\/wp\/v2\/posts\/42456\/revisions"}],"predecessor-version":[{"id":42465,"href":"https:\/\/zonenklaus.de\/wordpress\/index.php?rest_route=\/wp\/v2\/posts\/42456\/revisions\/42465"}],"wp:attachment":[{"href":"https:\/\/zonenklaus.de\/wordpress\/index.php?rest_route=%2Fwp%2Fv2%2Fmedia&parent=42456"}],"wp:term":[{"taxonomy":"category","embeddable":true,"href":"https:\/\/zonenklaus.de\/wordpress\/index.php?rest_route=%2Fwp%2Fv2%2Fcategories&post=42456"},{"taxonomy":"post_tag","embeddable":true,"href":"https:\/\/zonenklaus.de\/wordpress\/index.php?rest_route=%2Fwp%2Fv2%2Ftags&post=42456"}],"curies":[{"name":"wp","href":"https:\/\/api.w.org\/{rel}","templated":true}]}}