{"id":42476,"date":"2024-10-11T20:52:32","date_gmt":"2024-10-11T19:52:32","guid":{"rendered":"https:\/\/zonenklaus.de\/wordpress\/?p=42476"},"modified":"2024-10-11T20:52:32","modified_gmt":"2024-10-11T19:52:32","slug":"500-meter-anstehen-fuer-schnaeppchen-schluepfer","status":"publish","type":"post","link":"https:\/\/zonenklaus.de\/wordpress\/?p=42476","title":{"rendered":"500 Meter Anstehen f\u00fcr Schn\u00e4ppchen-Schl\u00fcpfer"},"content":{"rendered":"<p><a href=\"https:\/\/www.bild.de\/regional\/berlin\/berlin-xxl-schlange-fuer-hunkemoeller-lagerverkauf-6708b1672a748979b746eb59\">Sie warten auf W\u00e4sche&#8230;<\/a><br \/>\nEs gibt Orte auf uNSERER eRDENSCHEIBE, da k\u00f6nnen Frauen dem <em>lieben<\/em> gOTT, auf jene idiotischen Art nicht die Zeit stehlen!<br \/>\nDenke dabei an Kiew oder Beirut&#8230;<br \/>\nAllerdings lauert der Anschiss \u00fcberall!<br \/>\nObwohl mich solcherart Probleme gewisser Bewohner<b>*<\/b><sup><b>INNERINNEN usw. u.\u00e4. <\/b><\/sup>aus beiden genannten St\u00e4dte hier absolut nicht tangieren, h\u00e4tte sogar Zeit, mich ganz friedlich in die Weiber-Schl\u00fcpfer-Schlange ein\u00adzu\u00adreihen.<br \/>\nWeshalb komme ich aber nicht auf diese Idee?<\/p>\n","protected":false},"excerpt":{"rendered":"<p>Sie warten auf W\u00e4sche&#8230; Es gibt Orte auf uNSERER eRDENSCHEIBE, da k\u00f6nnen Frauen dem lieben gOTT, auf jene idiotischen Art nicht die Zeit stehlen! Denke dabei an Kiew oder Beirut&#8230; Allerdings lauert der Anschiss \u00fcberall! Obwohl mich solcherart Probleme gewisser Bewohner*INNERINNEN usw. u.\u00e4. aus beiden genannten St\u00e4dte hier absolut nicht tangieren, h\u00e4tte sogar Zeit, mich [&hellip;]<\/p>\n","protected":false},"author":6,"featured_media":0,"comment_status":"open","ping_status":"open","sticky":false,"template":"","format":"standard","meta":{"footnotes":""},"categories":[55,59],"tags":[],"class_list":["post-42476","post","type-post","status-publish","format-standard","hentry","category-alltaeglicher-wahnwitz","category-aufstehen-berlin-nich-noeln-aufstehen"],"_links":{"self":[{"href":"https:\/\/zonenklaus.de\/wordpress\/index.php?rest_route=\/wp\/v2\/posts\/42476","targetHints":{"allow":["GET"]}}],"collection":[{"href":"https:\/\/zonenklaus.de\/wordpress\/index.php?rest_route=\/wp\/v2\/posts"}],"about":[{"href":"https:\/\/zonenklaus.de\/wordpress\/index.php?rest_route=\/wp\/v2\/types\/post"}],"author":[{"embeddable":true,"href":"https:\/\/zonenklaus.de\/wordpress\/index.php?rest_route=\/wp\/v2\/users\/6"}],"replies":[{"embeddable":true,"href":"https:\/\/zonenklaus.de\/wordpress\/index.php?rest_route=%2Fwp%2Fv2%2Fcomments&post=42476"}],"version-history":[{"count":1,"href":"https:\/\/zonenklaus.de\/wordpress\/index.php?rest_route=\/wp\/v2\/posts\/42476\/revisions"}],"predecessor-version":[{"id":42477,"href":"https:\/\/zonenklaus.de\/wordpress\/index.php?rest_route=\/wp\/v2\/posts\/42476\/revisions\/42477"}],"wp:attachment":[{"href":"https:\/\/zonenklaus.de\/wordpress\/index.php?rest_route=%2Fwp%2Fv2%2Fmedia&parent=42476"}],"wp:term":[{"taxonomy":"category","embeddable":true,"href":"https:\/\/zonenklaus.de\/wordpress\/index.php?rest_route=%2Fwp%2Fv2%2Fcategories&post=42476"},{"taxonomy":"post_tag","embeddable":true,"href":"https:\/\/zonenklaus.de\/wordpress\/index.php?rest_route=%2Fwp%2Fv2%2Ftags&post=42476"}],"curies":[{"name":"wp","href":"https:\/\/api.w.org\/{rel}","templated":true}]}}