{"id":42588,"date":"2024-10-23T20:40:35","date_gmt":"2024-10-23T19:40:35","guid":{"rendered":"https:\/\/zonenklaus.de\/wordpress\/?p=42588"},"modified":"2024-10-24T22:34:25","modified_gmt":"2024-10-24T21:34:25","slug":"ex-senatoren-verlassen-linke-hi-hi-hi","status":"publish","type":"post","link":"https:\/\/zonenklaus.de\/wordpress\/?p=42588","title":{"rendered":"Ex-Senatoren verlassen Linke: Hi, hi &#038; hi&#8230;"},"content":{"rendered":"<p>Dies mit dem VERLASSEN, entspricht ebenso wenig den Tatsachen, wie der Hinweis des <a href=\"https:\/\/www.rbb-online.de\/abendschau\/videos\/20241023_1930\/Linke_Ex-Senatoren_parteiaustritt.html\"><i>Beitrags\u00adplapperers<\/i><\/a>, dass es sich um <i>Schwergewichte<\/i> der <i>Berliner Linken<\/i> handeln w\u00fcrde.<br \/>\nZum Schlu\u00df des Vijos hei\u00dft es dann: <a href=\"https:\/\/zonenklaus.de\/wordpress\/wp-content\/uploads\/2024\/10\/Lederer.mp3\">Bla, bla und bla<\/a><br \/>\nAlso doch <em>n\u00fcscht<\/em> mit <i>einem korrekten R\u00fccktrit<\/i>t, mehr <i>so ein R\u00fcckschritt<\/i> oder abtauchen&#8230;<br \/>\nVerwundert bin ich doch etwas, mir kam n\u00e4mlich wieder etwas <i>Zonen-Nostalgie<\/i> hoch. Eine <em>untaug\u00adliche<\/em> Definition aus alten Tagen, bei denen sich unser Staatsb\u00fcrgerkundelehrer, der Genosse <i>Ohle\u00adndorf<\/i>, sich liebend gern als Sackstand pr\u00e4sentierte. Was hatte der <i>p\u00e4dagochische<\/i> Schulideologe mit seinem Lieblingsthema damals genervt: <b>Die Negation der Negationen!<\/b><i> <\/i><br \/>\nDazu ein vollkommen witzloser Hinweis aus der abendl\u00e4ndischen Volks-Enzyklop\u00e4die, wo die ent\u00adsprechende Frage aufkommt: <b>Was ist mit der Negation der Negation gemeint?<\/b><br \/>\n<i>Das Gesetz der Negation der Negation ist eine konkrete Form des Gesetzes der Einheit der Gegen\u00ads\u00e4tze, d. h. des Gesetzes vom Kampf der Gegens\u00e4tze und der Aufl\u00f6sung ihres Widerspruchs.<\/i><br \/>\n<i>Engels* sah darin auch das Wesen des Gesetzes der Negation der Negation. <\/i><span style=\"font-size: xx-small;\">*Kann mich daran gar nicht erinnern, ob es wirklich Herr Engels war&#8230; <\/span><br \/>\nHier geht es weiter:<i> Negation ist Ablehnung, Verneinung oder Aufhebung; verneint werden k\u00f6nnen zum Beispiel Aussagen, abgelehnt werden k\u00f6nnen zum Beispiel moralische Werte, aufgehoben wer\u00adden k\u00f6nnen zum Beispiel Konventionen. <\/i><br \/>\n<span lang=\"ru-RU\">\u0418 \u0442\u0430\u043a \u0434\u0430\u043b\u0435\u0435: <\/span><span lang=\"ru-RU\"><i>\u0417\u0430\u043a\u043e\u043d \u043e\u0442\u0440\u0438\u0446\u0430\u043d\u0438\u044f \u043e\u0442\u0440\u0438\u0446\u0430\u043d\u0438\u044f <\/i><\/span> <span lang=\"de-DE\">oder <\/span><a href=\"https:\/\/www.marxistphilosophy.org\/Aizenberg.pdf\"><span lang=\"ru-RU\"><i>Law of Negation of Negation <\/i><\/span><\/a><span lang=\"de-DE\"><i>&#8211; <\/i><\/span><span lang=\"de-DE\">selbige obskure Aktion, k\u00f6nnte man sogar unter Ulk abbuchen, wenn man sie unter N. d. N. betrachten w\u00fcrde!<\/span><br \/>\n<span lang=\"de-DE\">Was garantiert noch nicht mal, in letzter Konsequenz, die zur\u00fcck getaumelten Neobolschewisten interessiert.<\/span><br \/>\n60 Jahre sind seit jenen Tagen verblichen und dieser dunkelrote Le<i>e<\/i>ramts-Idiot, konnte nach mei\u00adnem damaligen Schulabschluss, weitere 24 Jahre junge Leute nerven&#8230;<br \/>\nToll finde ich es, dass beim Aufglimmen eines Schl\u00fcsselerlebnisses, mir sofort die dumme Fresse von dem Typen wieder pr\u00e4sent ist. Kam er doch einen Tag vor Beginn der Abschlusspr\u00fcfung der 10. in unsere Klasse und appellierte an seine Sch\u00e4fchen, um alle daran zu erinnern, anl\u00e4sslich des mor\u00adgigen ganz wichtigen Tages, entsprechend gekleidet zu erscheinen.<br \/>\nH\u00e4tte der Depp nicht darauf hingewiesen, w\u00e4re mir kein Zacken aus der Krone gefallen und h\u00e4tte sogar einen Tag auf meine <i>Nietenhose<\/i> verzichtet, so ging das aber nicht!<br \/>\nZu viert wollten wir es darauf ankommen lassen.<br \/>\nLetztlich blieben nur mein alter Spezi aus Kindergartentagen und ich \u00fcbrig, wurden nach dem Er\u00ad\u00f6ffnungsbrimborium in der Aula, pers\u00f6nlich von Genossen Direktor, sofort von der anschlie\u00dfenden Deutschpr\u00fcfung ausgeschlossen.<br \/>\nAuf dem Weg in Richtung <i><a href=\"https:\/\/www.youtube.com\/watch?app=desktop&amp;v=VWYKaEUTNTw\">Klemme<\/a>\u00a0 <\/i><span style=\"font-size: large;\"><b><sup>(<\/sup>*<sup>) <\/sup><\/b><\/span><i><\/i>gaben wir <i>Rossis<\/i> Mutter Bescheid, die sich sofort zum Kreis\u00adschulrat begab.<br \/>\nEine <i>w\u00f6nzige<\/i> Kleinigkeit h\u00e4tte ich fast vergessen, war doch der staatskundige Direktor am Vortag auf die Idee gekommen, <i>der Mutter meiner Schwester<\/i>, telefonisch noch einen Wink zukommen las\u00adsen, wegen der vorgesehenen Kleiderordnung&#8230;<br \/>\nZwei entscheidende Dinge nahm ich n\u00e4chtens nicht zur Kenntnis, dieses Mistst\u00fcck hatte es fertig bekommen, meine Jeans unbemerkt aus dem Zimmer zu entfernen und sie nachts noch heimlich gewaschen. Sodass ich sie morgens total nass anziehen musste!<br \/>\nDeshalb kamen mir die n\u00e4chsten Stunden in der recht warmen Kneipe auch sehr zupass&#8230;<\/p>\n<p><span style=\"font-size: large;\"><b><sup>(<\/sup>*<sup>)<\/sup> <\/b><span style=\"font-size: medium;\">Hier noch eine Shortstory aus jener Kneipe, 6 Jahre sp\u00e4ter, mit <a href=\"https:\/\/zonenklaus.de\/wordpress\/?p=23749\">Dachdeckermeister M\u00fcller<\/a> u.a&#8230; <\/span><\/span><\/p>\n","protected":false},"excerpt":{"rendered":"<p>Dies mit dem VERLASSEN, entspricht ebenso wenig den Tatsachen, wie der Hinweis des Beitrags\u00adplapperers, dass es sich um Schwergewichte der Berliner Linken handeln w\u00fcrde. Zum Schlu\u00df des Vijos hei\u00dft es dann: Bla, bla und bla Also doch n\u00fcscht mit einem korrekten R\u00fccktritt, mehr so ein R\u00fcckschritt oder abtauchen&#8230; Verwundert bin ich doch etwas, mir kam [&hellip;]<\/p>\n","protected":false},"author":6,"featured_media":0,"comment_status":"open","ping_status":"open","sticky":false,"template":"","format":"standard","meta":{"footnotes":""},"categories":[55],"tags":[],"class_list":["post-42588","post","type-post","status-publish","format-standard","hentry","category-alltaeglicher-wahnwitz"],"_links":{"self":[{"href":"https:\/\/zonenklaus.de\/wordpress\/index.php?rest_route=\/wp\/v2\/posts\/42588","targetHints":{"allow":["GET"]}}],"collection":[{"href":"https:\/\/zonenklaus.de\/wordpress\/index.php?rest_route=\/wp\/v2\/posts"}],"about":[{"href":"https:\/\/zonenklaus.de\/wordpress\/index.php?rest_route=\/wp\/v2\/types\/post"}],"author":[{"embeddable":true,"href":"https:\/\/zonenklaus.de\/wordpress\/index.php?rest_route=\/wp\/v2\/users\/6"}],"replies":[{"embeddable":true,"href":"https:\/\/zonenklaus.de\/wordpress\/index.php?rest_route=%2Fwp%2Fv2%2Fcomments&post=42588"}],"version-history":[{"count":5,"href":"https:\/\/zonenklaus.de\/wordpress\/index.php?rest_route=\/wp\/v2\/posts\/42588\/revisions"}],"predecessor-version":[{"id":42596,"href":"https:\/\/zonenklaus.de\/wordpress\/index.php?rest_route=\/wp\/v2\/posts\/42588\/revisions\/42596"}],"wp:attachment":[{"href":"https:\/\/zonenklaus.de\/wordpress\/index.php?rest_route=%2Fwp%2Fv2%2Fmedia&parent=42588"}],"wp:term":[{"taxonomy":"category","embeddable":true,"href":"https:\/\/zonenklaus.de\/wordpress\/index.php?rest_route=%2Fwp%2Fv2%2Fcategories&post=42588"},{"taxonomy":"post_tag","embeddable":true,"href":"https:\/\/zonenklaus.de\/wordpress\/index.php?rest_route=%2Fwp%2Fv2%2Ftags&post=42588"}],"curies":[{"name":"wp","href":"https:\/\/api.w.org\/{rel}","templated":true}]}}