{"id":42597,"date":"2024-10-24T21:32:30","date_gmt":"2024-10-24T20:32:30","guid":{"rendered":"https:\/\/zonenklaus.de\/wordpress\/?p=42597"},"modified":"2024-10-25T05:57:21","modified_gmt":"2024-10-25T04:57:21","slug":"gestern-war-der-23-oktober-und-vorhin-fiel-mir-dazu-noch-etwas-ein","status":"publish","type":"post","link":"https:\/\/zonenklaus.de\/wordpress\/?p=42597","title":{"rendered":"Gestern war der 23.Oktober und vorhin fiel mir dazu noch etwas ein&#8230;"},"content":{"rendered":"<p><span style=\"font-size: large;\"><span style=\"font-size: medium;\">Es handelte sich um den Geburtstag <\/span><span style=\"font-size: medium;\">der<\/span><span style=\"font-size: medium;\"><i> Mutter meiner Schwester, <\/i><\/span><span style=\"font-size: medium;\">au\u00dferdem war da noch etwas gaz anderes&#8230;<\/span><\/span><br \/>\n<span style=\"font-size: large;\"><span style=\"font-size: medium;\">Manchmal w\u00e4re es wirklich m\u00fc\u00dfig, auch nur ansatzweise irgendwelche Gedanken zu verschwen\u00adden, wenn es um vollkommen unerkl\u00e4rliche Begebenheiten geht, die unsereins dann nachhaltig be\u00adeinflussen, sogar bis hin zur Urne&#8230;<\/span><\/span><br \/>\n<span style=\"font-size: large;\"><span style=\"font-size: medium;\">Zus\u00e4tzlich geht es im Moment auch noch um eine ganz andere Episode, am oben erw\u00e4hnten Datum! Bin aber nie auf die Idee gekommen, alles mit einem Zufall in Verbindung zubringen!<\/span><\/span><br \/>\n<span style=\"font-size: large;\"><span style=\"font-size: medium;\">Weshalb haben mich die <\/span><span style=\"font-size: medium;\"><i>beh\u00f6rdlichen Bolschewiken <\/i><\/span><span style=\"font-size: medium;\">der Zone, ausgerechnet an dem Tag (1975) in den Westen abschoben? <\/span><\/span><br \/>\n<span style=\"font-size: large;\"><span style=\"font-size: medium;\">Es kam schon vor, dass ich aus irgendwelchen Gr\u00fcnden beide Vorkommnisse mal verkn\u00fcpfte. <\/span><\/span><br \/>\n<span style=\"font-size: large;\"><span style=\"font-size: medium;\">Witzigerweise schossen dann in solchen Augenblicken, besonders von sehr alten Freunden und Be\u00adkannten, welche vorgaben sich in der damaligen Materie vollends auszukennen, idiotischste Ver\u00admutungen dazu in ungeahnte H\u00f6hen! <\/span><\/span><br \/>\n<span style=\"font-size: large;\"><span style=\"font-size: medium;\">Der Legende nach, haben meine beiden Nichten, Anfang und Mitte der 1970er geschl\u00fcpft, bis zum Mauerfall nie erfahren, dass der Bruder ihrer Mutter, lediglich ein paar Kilometer weiter wohnte&#8230;<\/span><\/span><br \/>\n<span style=\"font-size: large;\"><span style=\"font-size: medium;\">Gott sieht, Gott h\u00f6rt, Gott straft!<\/span><\/span><br \/>\n<span style=\"font-size: large;\"><span style=\"font-size: medium;\">Hinzukommt, manche Dinge sind immer ihrer DREI, da musste auch sie durch!<\/span><\/span><br \/>\n<span style=\"font-size: large;\"><span style=\"font-size: medium;\">Die einzig kurzfristig <\/span><span style=\"font-size: medium;\"><i>\u00fcbergeblieben Freundin<\/i><\/span><span style=\"font-size: medium;\"> aus alten Tagen erz\u00e4hlte mir nach der <\/span><span style=\"font-size: medium;\"><i>friedlichen Re\u00advolutionspleite<\/i><\/span><span style=\"font-size: medium;\"> eine merkw\u00fcrdige Geschichte. Alles hing wahrscheinlich damit zusammen, dass auch Ruth der Meinung war, dass es sich dabei um den ersten Schritt handelte, um mich letztlich nach dem Westen abzuschieben. Kurz vor meiner Aburteilung verk\u00fcndete mein <\/span><span style=\"font-size: medium;\"><i>Vernehmer, <\/i><\/span><span style=\"font-size: medium;\">dass die Alte einen Sprecher beantragt hatte, auf den ich allerdings verzichten wollte. Was ich dann doch nicht tat, weil das uniformierte<em> Rattengesicht<\/em> mir ansonsten <\/span><span style=\"font-size: medium;\"><i>drei mal sieben Tage<\/i><\/span><span style=\"font-size: medium;\"> schweren Arrest aufdr\u00fccken wollte. Dies war mir jenes <\/span><span style=\"font-size: medium;\"><i>Weib<\/i><\/span><span style=\"font-size: medium;\"> aber absolut nicht wert. 10 Minuten hielt diese verbale Folter an, in der sie mitteilte, dass sie zur Fr\u00fchrentnerin mutiert war. <\/span><\/span><br \/>\n<span style=\"font-size: large;\"><span style=\"font-size: medium;\">Fand die wesentlich sp\u00e4tere dazugeh\u00f6rige Aufkl\u00e4rung <\/span><span style=\"font-size: medium;\"><i>ihrer vormaligen Freundin<\/i><\/span><span style=\"font-size: medium;\"> ungemein lustig. Mich frappierte au\u00dferdem die damals aufgebotene Geschwindigkeit ihrer Abschiebung ins Renten\u00addasein, mit Anfang 50. <\/span><\/span><span style=\"font-size: large;\"><span style=\"font-size: medium;\">Genossin <em>Mutti<\/em> laborierte schon lange mit einer <\/span><em><span style=\"font-size: medium;\">Angina Pectoris<\/span><\/em><span style=\"font-size: medium;\"> herum. W\u00e4hrend einer jahrelangen Gesundheitsphase wurde Madame pl\u00f6tzlich zu einer \u00e4rztlichen Untersuchung zitiert und ihr mitge\u00adteilt, dass sie unbedingt aus ihrer <em>Funktion\u00e4rs-Existenz<\/em> ausscheiden m\u00fcsste, sonst w\u00fcrde ihr Le\u00adbenslicht bald verl\u00f6schen.<\/span><\/span><br \/>\n<span style=\"font-size: large;\"><span style=\"font-size: medium;\">Voll in Brast stand sie wenige Tage sp\u00e4ter, f\u00fcr einen vollst\u00e4ndigen Check in der Uniklinik in Halle auf der Matte. Man sagte ihr dort, dass ihr absolut nichts fehlen w\u00fcrde. Im grenzenlosen Hochge\u00adf\u00fchl lie\u00df sie sich die Diagnose nat\u00fcrlich nicht schriftlich geben. Rannte am n\u00e4chsten Tag triumphie\u00adrend gleich zu entsprechenden Stelle in der Sangerhausener Klinik, in der Folge gab es dort einen baldigen neuen Termin. Dort tauchte dann ein entsprechend schriftlicher Beleg aus Halle auf, dass sie schwer krank sei&#8230; <\/span><\/span><br \/>\n<span style=\"font-size: large;\"><span style=\"font-size: medium;\"><i>Dieses war der <\/i><\/span><span style=\"font-size: medium;\">Bolschewiken<\/span><span style=\"font-size: medium;\"><i> erste Streich &#8211; doch der zweite folgte gleich<\/i><\/span><b><span style=\"font-size: medium;\">!<\/span><\/b><\/span><br \/>\n<span style=\"font-size: large;\"><span style=\"font-size: medium;\">Als Nummer 2 muss man meine Abschiebung an ihrem Geburtstag ansehen.<\/span><\/span><br \/>\n<span style=\"font-size: large;\"><span style=\"font-size: medium;\">Nummer 3 wurde ihre \u00fcber vierzigj\u00e4hrige Strafe, die sie noch <\/span><span style=\"font-size: medium;\"><i>bundesgermanisch<\/i><\/span> <span style=\"font-size: medium;\"><i>erleiden<\/i><\/span><span style=\"font-size: medium;\"> musste. Allerdings ewig treudoof in den Nachfolgevereinen ihrer ehemaligen <\/span><span style=\"font-size: medium;\"><i>Dreigrammbewegung<\/i><\/span><span style=\"font-size: medium;\">&#8230; <\/span><\/span><\/p>\n","protected":false},"excerpt":{"rendered":"<p>Es handelte sich um den Geburtstag der Mutter meiner Schwester, au\u00dferdem war da noch etwas gaz anderes&#8230; Manchmal w\u00e4re es wirklich m\u00fc\u00dfig, auch nur ansatzweise irgendwelche Gedanken zu verschwen\u00adden, wenn es um vollkommen unerkl\u00e4rliche Begebenheiten geht, die unsereins dann nachhaltig be\u00adeinflussen, sogar bis hin zur Urne&#8230; Zus\u00e4tzlich geht es im Moment auch noch um eine [&hellip;]<\/p>\n","protected":false},"author":6,"featured_media":0,"comment_status":"open","ping_status":"open","sticky":false,"template":"","format":"standard","meta":{"footnotes":""},"categories":[1,55],"tags":[],"class_list":["post-42597","post","type-post","status-publish","format-standard","hentry","category-allgemeines","category-alltaeglicher-wahnwitz"],"_links":{"self":[{"href":"https:\/\/zonenklaus.de\/wordpress\/index.php?rest_route=\/wp\/v2\/posts\/42597","targetHints":{"allow":["GET"]}}],"collection":[{"href":"https:\/\/zonenklaus.de\/wordpress\/index.php?rest_route=\/wp\/v2\/posts"}],"about":[{"href":"https:\/\/zonenklaus.de\/wordpress\/index.php?rest_route=\/wp\/v2\/types\/post"}],"author":[{"embeddable":true,"href":"https:\/\/zonenklaus.de\/wordpress\/index.php?rest_route=\/wp\/v2\/users\/6"}],"replies":[{"embeddable":true,"href":"https:\/\/zonenklaus.de\/wordpress\/index.php?rest_route=%2Fwp%2Fv2%2Fcomments&post=42597"}],"version-history":[{"count":5,"href":"https:\/\/zonenklaus.de\/wordpress\/index.php?rest_route=\/wp\/v2\/posts\/42597\/revisions"}],"predecessor-version":[{"id":42602,"href":"https:\/\/zonenklaus.de\/wordpress\/index.php?rest_route=\/wp\/v2\/posts\/42597\/revisions\/42602"}],"wp:attachment":[{"href":"https:\/\/zonenklaus.de\/wordpress\/index.php?rest_route=%2Fwp%2Fv2%2Fmedia&parent=42597"}],"wp:term":[{"taxonomy":"category","embeddable":true,"href":"https:\/\/zonenklaus.de\/wordpress\/index.php?rest_route=%2Fwp%2Fv2%2Fcategories&post=42597"},{"taxonomy":"post_tag","embeddable":true,"href":"https:\/\/zonenklaus.de\/wordpress\/index.php?rest_route=%2Fwp%2Fv2%2Ftags&post=42597"}],"curies":[{"name":"wp","href":"https:\/\/api.w.org\/{rel}","templated":true}]}}