{"id":42603,"date":"2024-10-25T21:36:42","date_gmt":"2024-10-25T20:36:42","guid":{"rendered":"https:\/\/zonenklaus.de\/wordpress\/?p=42603"},"modified":"2024-10-26T10:45:42","modified_gmt":"2024-10-26T09:45:42","slug":"wagenknecht-dilemma-der-cdu","status":"publish","type":"post","link":"https:\/\/zonenklaus.de\/wordpress\/?p=42603","title":{"rendered":"Wagenknecht-Dilemma der CDU"},"content":{"rendered":"<p><a href=\"https:\/\/www.spiegel.de\/politik\/deutschland\/friedrich-merz-die-linkspartei-und-das-bsw-das-sahra-wagenknecht-dilemma-der-cdu-a-d0d2f3df-2271-46ad-bdd9-2c7d86a71ee9\"><span style=\"font-size: xx-small;\"><b>DER SPIEGEL 37\/2024<\/b><\/span><b> <\/b><b>&#8211; <\/b><\/a><i>Merz auf roten Socken <\/i><br \/>\n<i>Ein B\u00fcndnis mit dem Pragmatiker Ramelow ist tabu, mit Ex-Kommunistin Wagenknecht will man aber reden? Die Merz-Union kann ihre einseitige Anti-Linken-Politik kaum noch vermitteln. In den eigenen Reihen w\u00e4chst der Frust. <\/i><br \/>\n<a href=\"https:\/\/www.youtube.com\/watch?v=hQVISab5mqk\"><span style=\"font-size: xx-small;\"><b>Fr\u00fchstart | ntv<\/b><\/span> <b> &#8211;<\/b> <\/a><i>CDU-Politiker Frei <\/i><br \/>\n<i>&#8220;Wagenknechts Z\u00f6gern ist sch\u00e4big&#8221;<\/i><br \/>\n<a href=\"https:\/\/taz.de\/BSW-in-Thueringen\/!6041315\/\"><span style=\"font-size: xx-small;\"><b>taz <span style=\"font-size: medium;\">&#8211; <\/span><\/b> <span style=\"font-size: medium;\"><i>BSW in Th\u00fcringen<\/i><\/span><\/span><\/a><br \/>\n<span style=\"font-size: xx-small;\"><span style=\"font-size: medium;\"><i>Das hat Erpresserpotenzial &#8211; Sahra Wagenknecht treibt mit ihrer Partei den Preis f\u00fcr eine Zusam\u00admenarbeit mit CDU und SPD nach oben. Dabei will sie die CDU von innen heraus zerst\u00f6ren. <\/i><\/span><\/span><br \/>\n<span style=\"font-size: xx-small;\"><span style=\"font-size: medium;\">So ein Quatsch, daf\u00fcr muss doch die <em>knallrote Zecke<\/em> \u00fcberhaupt nichts tun! Schlie\u00dflich erledigt sich dies doch ganz von selbst. Daf\u00fcr sorgt doch bereits der ziellos herum wuselnde aber hochgradig machtbesessene <em>Fritze M<\/em>.<\/span><\/span><br \/>\n<span style=\"font-size: medium;\">Jetzt hoffen nat\u00fcrlich alle Beteiligten sehnlichst, dass diese absurd agierende Figur von <\/span><em><span style=\"font-size: medium;\">OberSchefffPr\u00e4sidentenWillUnbedingtKanzlerWerden<\/span><\/em><span style=\"font-size: medium;\">, beider <\/span><em><span style=\"font-size: medium;\">christlich<\/span><\/em><span style=\"font-size: medium;\"> glorifi\u00adzierten aber demokrat<\/span><span style=\"font-size: medium;\"><i>ur<\/i><\/span><span style=\"font-size: medium;\">isch verbr\u00e4mten Kleingartenvereine, ohne irgendwelche mo\u00adralischen Bedenken auf Deibel komm raus, letztendlich mit Gottes Gnaden, doch ir\u00adgendwie den Schild der Macht erklimmen kann&#8230;<\/span><br \/>\n<a href=\"https:\/\/www.sueddeutsche.de\/politik\/bsw-cdu-wagenknecht-thueringen-merz-ukraine-russland-lux.Roant5QASWUsYJWUt4BZyd?reduced=true\"><span style=\"font-size: xx-small;\"><b><i>SZ <\/i><span style=\"font-size: medium;\"><i>&#8211; <\/i><\/span><\/b><span style=\"font-size: medium;\"><i>In der Wagenknecht-Falle<\/i><\/span><\/span><\/a><br \/>\n<span style=\"font-size: xx-small;\"><span style=\"font-size: medium;\"><i>Die CDU steckt in einem Dilemma: Sie braucht das BSW in Sachsen und Th\u00fcringen zum Regieren &#8211; doch dessen Parteichefin fordert etwas, das die Christdemokraten kaum erf\u00fcllen k\u00f6nnen.<\/i><\/span><\/span><br \/>\n<span style=\"font-size: medium;\">Was dieses uns\u00e4gliche R\u00e4nkespiel betrifft, stellte ich mir letztens die Frage, auf welcher Seite befinden sich eigentlich die gr\u00f6\u00dferen und gef\u00e4hrlicheren Deppen<\/span><span style=\"font-size: medium;\"><b>*<\/b><sup><span style=\"font-size: xx-small;\"><b>INNERINNEN usw. u. \u00e4.<\/b><\/span><\/sup><\/span><span style=\"font-size: medium;\"><b> <\/b><b>?<\/b> Wesentlich undurchsichtiger wird es dann auch noch, wenn man all die Medienheinze<\/span><span style=\"font-size: medium;\"><b>*<\/b><sup><span style=\"font-size: xx-small;\"><b>INNERINNEN usw. u. \u00e4. <\/b><\/span><\/sup><\/span><span style=\"font-size: medium;\">hinzuz\u00e4hlt, wel\u00adche bedingungslos im Rahmen ihrer <i>gef\u00e4lligkeitsjournalistischen<\/i> <i>Berichterstattung<\/i> agieren und dies mit <a href=\"https:\/\/www.bmz.de\/de\/themen\/pressefreiheit\"><i>strikten pressereiheitlichen Machenschaften<\/i><\/a> begr\u00fcnden<b>!<\/b><\/span><br \/>\n<span style=\"font-size: xx-small;\"><span style=\"font-size: medium;\">\u00a0Dabei spielt sich hier doch alles in recht \u00fcberschaubaren provinziellen Gefilden ab. Will f\u00fcr den Rest der Welt, wei\u00df Gott nicht \u00fcber den Rand unserer ER\u00adDENSCHEIBE blicken! <\/span><\/span><br \/>\n<span style=\"font-size: medium;\">In solchen Momenten beneide ich immer die wenigen gl\u00fccklichen Subjekte, welche hinter fetten Mauern von s\u00e4mtlichen Unbill auf unserer Seite gesch\u00fctzt sind. Siehe <\/span><a href=\"https:\/\/de.wikipedia.org\/wiki\/Milo%C5%A1_Forman\"><span style=\"font-size: medium;\"><i>Milo\u0161 Forman\u00b4s<\/i><\/span><\/a><span style=\"font-size: medium;\">: <a href=\"https:\/\/ok.ru\/video\/2578856675980\">One Flew Over the Cuckoo&#8217;s Nest&#8230;<\/a><\/span><\/p>\n","protected":false},"excerpt":{"rendered":"<p>DER SPIEGEL 37\/2024 &#8211; Merz auf roten Socken Ein B\u00fcndnis mit dem Pragmatiker Ramelow ist tabu, mit Ex-Kommunistin Wagenknecht will man aber reden? Die Merz-Union kann ihre einseitige Anti-Linken-Politik kaum noch vermitteln. In den eigenen Reihen w\u00e4chst der Frust. Fr\u00fchstart | ntv &#8211; CDU-Politiker Frei &#8220;Wagenknechts Z\u00f6gern ist sch\u00e4big&#8221; taz &#8211; BSW in Th\u00fcringen Das [&hellip;]<\/p>\n","protected":false},"author":6,"featured_media":0,"comment_status":"open","ping_status":"open","sticky":false,"template":"","format":"standard","meta":{"footnotes":""},"categories":[1,55],"tags":[],"class_list":["post-42603","post","type-post","status-publish","format-standard","hentry","category-allgemeines","category-alltaeglicher-wahnwitz"],"_links":{"self":[{"href":"https:\/\/zonenklaus.de\/wordpress\/index.php?rest_route=\/wp\/v2\/posts\/42603","targetHints":{"allow":["GET"]}}],"collection":[{"href":"https:\/\/zonenklaus.de\/wordpress\/index.php?rest_route=\/wp\/v2\/posts"}],"about":[{"href":"https:\/\/zonenklaus.de\/wordpress\/index.php?rest_route=\/wp\/v2\/types\/post"}],"author":[{"embeddable":true,"href":"https:\/\/zonenklaus.de\/wordpress\/index.php?rest_route=\/wp\/v2\/users\/6"}],"replies":[{"embeddable":true,"href":"https:\/\/zonenklaus.de\/wordpress\/index.php?rest_route=%2Fwp%2Fv2%2Fcomments&post=42603"}],"version-history":[{"count":6,"href":"https:\/\/zonenklaus.de\/wordpress\/index.php?rest_route=\/wp\/v2\/posts\/42603\/revisions"}],"predecessor-version":[{"id":42610,"href":"https:\/\/zonenklaus.de\/wordpress\/index.php?rest_route=\/wp\/v2\/posts\/42603\/revisions\/42610"}],"wp:attachment":[{"href":"https:\/\/zonenklaus.de\/wordpress\/index.php?rest_route=%2Fwp%2Fv2%2Fmedia&parent=42603"}],"wp:term":[{"taxonomy":"category","embeddable":true,"href":"https:\/\/zonenklaus.de\/wordpress\/index.php?rest_route=%2Fwp%2Fv2%2Fcategories&post=42603"},{"taxonomy":"post_tag","embeddable":true,"href":"https:\/\/zonenklaus.de\/wordpress\/index.php?rest_route=%2Fwp%2Fv2%2Ftags&post=42603"}],"curies":[{"name":"wp","href":"https:\/\/api.w.org\/{rel}","templated":true}]}}