{"id":42669,"date":"2024-11-05T20:19:37","date_gmt":"2024-11-05T19:19:37","guid":{"rendered":"https:\/\/zonenklaus.de\/wordpress\/?p=42669"},"modified":"2024-11-07T01:44:31","modified_gmt":"2024-11-07T00:44:31","slug":"meinung-us-wahl-der-drops-ist-aber-noch-nicht-gelutscht","status":"publish","type":"post","link":"https:\/\/zonenklaus.de\/wordpress\/?p=42669","title":{"rendered":"Meinung US-Wahl &#8211; Der Drops ist aber noch nicht gelutscht&#8230;"},"content":{"rendered":"<p><i>Die Frauen entscheiden das<a href=\"https:\/\/www.capital.de\/wirtschaft-politik\/die-frauen-entscheiden-das-rennen-zwischen-harris-und-trump-35181166.html\"> Rennen zwischen Harris und Trump<\/a><br \/>\n\u263a<\/i>Das halte ich aber f\u00fcr ein sehr umtriebiges Ger\u00fccht&#8230;<i><br \/>\n<i>Kamala Harris umgarnt im Wahlkampfendspurt vor allem die weiblichen W\u00e4hler. Die Strategie ist schl\u00fcssig, denn geschlechterspezifische Fragen k\u00f6nnten den Ausschlag geben <\/i><\/i><br \/>\n\u263aWenn <a href=\"https:\/\/x.com\/RanaForoohar?ref_src=twsrc%5Egoogle%7Ctwcamp%5Eserp%7Ctwgr%5Eauthor\"><i>Rana Foroohar <\/i><\/a>eine Woche vor der <i>Wahl<\/i> Frau <i>Pr\u00e4sidentschaftskandidatin <\/i>unterstellt, dass die agile Tante, ihre <i>unbedarften Geschlechtsgenossinnen<\/i> im <i>Wahlkampfendspurt <\/i>lediglich<i> um\u00adgarnt, <\/i>so spricht jene Aussage bereits B\u00e4nde, der <i>geschlechtsspezifischen<\/i> Art, deren <i>Strategie <\/i>dann auch wirklich<i> schl\u00fcssig <\/i>ist.<i> <\/i>Da es<i> <\/i>lediglich um eine ganz gewisse Fragestellung geht, nicht um Ant\u00adworten! Nun ist es aber Usus, dass man bis zum Sanktnimmerleinstag Fragen stellen kann, auch massenhaft ganz dusselige. Wo soll man dann bittesch\u00f6n, irgendwo einen <i>Ausschlag<\/i>* erkennen?<br \/>\n*In dem Fall wirklich kein Ekzem!<br \/>\nSondern mehr eine ganz bestimmt Marschrichtungszahl mit konkret festgelegten Endergebnissen zum Schluss, ohne Wenn und Aber!<br \/>\n<a name=\"frauen-sind-liberaler\"><\/a> <i><b>Frauen sind liberaler <\/b><\/i><br \/>\n\u263aDies halte ich f\u00fcr ein ganz gro\u00dfes Ger\u00fccht<b>! <\/b>Erlebe es allerdings immer wieder, dass ein Haufen Leute ihren naturgegebenen, fast krankhaft anmutender Hang zur Harmonie, als Liberalit\u00e4t abbu\u00adchen, irgendwie ulkig.<!--more--><br \/>\n<span style=\"font-family: Times New Roman, serif;\">Jetzt wurde ein Punkt erreicht, wo pl\u00f6tzlich eine skurril lustige Komponente hinzukommt, die all\u00adseitige ideologische Kluft zwischen den Geschlechtern! Gestehe aber <\/span><i><span style=\"font-family: Times New Roman, serif;\">Rana Foroohar <\/span><\/i><span style=\"font-family: Times New Roman, serif;\">etwas zu, was ich nicht beweisen kann, nur anhand einer nicht gerade gelungenen Ablichtung ableite. Madame scheint noch sehr jung zu sein oder sie ist gerade aus einer etwas nachhaltigen Siesta-Phase aufge\u00adwacht. <\/span><br \/>\n<span style=\"font-family: Times New Roman, serif;\">Schon etwas l\u00e4nger her, aber es gab eine recht lange \u00c4ra, in der ich als Beobachter und Zuh\u00f6rer, ewig jenes Ph\u00e4nomen registrieren konnte. Allerdings bl\u00fchte es in der vergangenen Periode, w\u00fcrde meinen, 50 Jahren, sehr langsam auf. Dies geschah in der langen Zeit unter sehr diskreten Voraus\u00adsetzungen auf s\u00e4mtlichen ideologischen Ebenen. Wobei M\u00e4nnchen und Weibchen immer wieder ihre Standpunkte, je nach politischer Gro\u00dfwetterlage, geschickt wechselten, sogar in ganzen Ru\u00addeln! <\/span><br \/>\n<span style=\"font-family: Times New Roman, serif;\">Muss dazu bemerken, jene saisonbedingte Janusk\u00f6pfigkeit, besser ausgedr\u00fcckt, der Wechsel in Richtung eines Gesinnungs-Cham\u00e4leons ist auch an mir nicht spurlos entlanggeglitten. <\/span><br \/>\n<span style=\"font-family: Times New Roman, serif;\">Aber weit weg von <\/span><i><span style=\"font-family: Times New Roman, serif;\">sog. politischer Korrektheit<\/span><\/i><span style=\"font-family: Times New Roman, serif;\"> und <\/span><i><span style=\"font-family: Times New Roman, serif;\">gegenderter Verbalhurerei, <\/span><\/i><span style=\"font-family: Times New Roman, serif;\">benutze ich nun oft\u00admals Ausdr\u00fccke, welche \u00fcber 50 Jahre nicht in meinem Sprachschatz zu finden waren. W\u00e4hrend der ganzen Zeit hatte mich noch niemand auf selbigen Umstand angesprochen. Im Gegenteil, so man\u00adcher Begriff wird dann sofort benutzt. <\/span><br \/>\n<i>Die Veranstaltung beweist, wie sehr die Politik nicht nur in den USA, sondern rund um den Glo\u00adbus mittlerweile von Geschlechterfragen gepr\u00e4gt ist. In L\u00e4ndern wie Gro\u00dfbritannien, Deutschland, Polen, S\u00fcdkorea und anderswo hat sich eine ideologische Kluft zwischen jungen M\u00e4nnern und Frauen aufgetan, wobei m\u00e4nnliche W\u00e4hler eher zur politischen Rechten und weibliche W\u00e4hler zur Linken tendieren. In den USA zeigen Gallup-Umfragedaten, dass nach Jahrzehnten, in denen die Geschlechter ungef\u00e4hr gleichm\u00e4\u00dfig \u00fcber das politische Spektrum verteilt waren, Frauen im Alter von 18 bis 30 Jahren jetzt 30 Prozentpunkte liberaler eingestellt sind als ihre m\u00e4nnlichen Altersgenossen.<\/i><\/p>\n","protected":false},"excerpt":{"rendered":"<p>Die Frauen entscheiden das Rennen zwischen Harris und Trump \u263aDas halte ich aber f\u00fcr ein sehr umtriebiges Ger\u00fccht&#8230; Kamala Harris umgarnt im Wahlkampfendspurt vor allem die weiblichen W\u00e4hler. Die Strategie ist schl\u00fcssig, denn geschlechterspezifische Fragen k\u00f6nnten den Ausschlag geben \u263aWenn Rana Foroohar eine Woche vor der Wahl Frau Pr\u00e4sidentschaftskandidatin unterstellt, dass die agile Tante, ihre [&hellip;]<\/p>\n","protected":false},"author":6,"featured_media":0,"comment_status":"open","ping_status":"open","sticky":false,"template":"","format":"standard","meta":{"footnotes":""},"categories":[55],"tags":[],"class_list":["post-42669","post","type-post","status-publish","format-standard","hentry","category-alltaeglicher-wahnwitz"],"_links":{"self":[{"href":"https:\/\/zonenklaus.de\/wordpress\/index.php?rest_route=\/wp\/v2\/posts\/42669","targetHints":{"allow":["GET"]}}],"collection":[{"href":"https:\/\/zonenklaus.de\/wordpress\/index.php?rest_route=\/wp\/v2\/posts"}],"about":[{"href":"https:\/\/zonenklaus.de\/wordpress\/index.php?rest_route=\/wp\/v2\/types\/post"}],"author":[{"embeddable":true,"href":"https:\/\/zonenklaus.de\/wordpress\/index.php?rest_route=\/wp\/v2\/users\/6"}],"replies":[{"embeddable":true,"href":"https:\/\/zonenklaus.de\/wordpress\/index.php?rest_route=%2Fwp%2Fv2%2Fcomments&post=42669"}],"version-history":[{"count":3,"href":"https:\/\/zonenklaus.de\/wordpress\/index.php?rest_route=\/wp\/v2\/posts\/42669\/revisions"}],"predecessor-version":[{"id":42672,"href":"https:\/\/zonenklaus.de\/wordpress\/index.php?rest_route=\/wp\/v2\/posts\/42669\/revisions\/42672"}],"wp:attachment":[{"href":"https:\/\/zonenklaus.de\/wordpress\/index.php?rest_route=%2Fwp%2Fv2%2Fmedia&parent=42669"}],"wp:term":[{"taxonomy":"category","embeddable":true,"href":"https:\/\/zonenklaus.de\/wordpress\/index.php?rest_route=%2Fwp%2Fv2%2Fcategories&post=42669"},{"taxonomy":"post_tag","embeddable":true,"href":"https:\/\/zonenklaus.de\/wordpress\/index.php?rest_route=%2Fwp%2Fv2%2Ftags&post=42669"}],"curies":[{"name":"wp","href":"https:\/\/api.w.org\/{rel}","templated":true}]}}