{"id":42678,"date":"2024-11-07T20:26:23","date_gmt":"2024-11-07T19:26:23","guid":{"rendered":"https:\/\/zonenklaus.de\/wordpress\/?p=42678"},"modified":"2024-11-09T23:31:09","modified_gmt":"2024-11-09T22:31:09","slug":"lindenberg-zensiert-weil-er-oberindianer-singt","status":"publish","type":"post","link":"https:\/\/zonenklaus.de\/wordpress\/?p=42678","title":{"rendered":"Lindenberg zensiert, weil er &#8220;Oberindianer&#8221; singt"},"content":{"rendered":"<p>F\u00fcr mich war <a href=\"https:\/\/www.bild.de\/politik\/inland\/udo-lindenberg-zensiert-weil-er-oberindianer-singt-6720e0d563bba4448cc56b2b\"><i>Blinden<\/i>berg<\/a> immer ein hohles Brot, nicht nur wegen seiner fast erotischen Anbagge\u00adrei, was den D\u00f6del Honecker betraf. Dabei stank mir ebenso seine zus\u00e4tzliche saisonale Main\u00adstream-Dummschw\u00e4tzerei ewig an, besonders, wenn er selbstverliebt mit Sprechblasen der links\u00adlastigen Art medientr\u00e4chtig murmelte&#8230;<br \/>\nZu der jetzigen Geschichte und was ihm nun noch wesentlich behindertere geistige Tiefflieger an\u00adkreiden wollen, da muss ich ihm aber doch zur Seite springen!<br \/>\nBullshit!<br \/>\n<img loading=\"lazy\" decoding=\"async\" class=\"size-full wp-image-42680 alignleft\" src=\"https:\/\/zonenklaus.de\/wordpress\/wp-content\/uploads\/2024\/11\/focus.jpg\" alt=\"\" width=\"91\" height=\"36\" \/>hat es im <i>voraus galoppierenden<\/i> Quotengehorsam bereits erledigt, dar\u00fcber durfte sich <i>Sozialfor\u00adscher<\/i> <i>Andreas Herteux<\/i> auslassen: <i>Zensur beim \u201eSonderzug nach Pankow\u201c: <a href=\"https:\/\/www.focus.de\/experts\/sozialforscher-andreas-herteux-zensur-beim-sonderzug-nach-pankow-deutschland-wehrt-sich-gegen-erziehung_id_260451621.html\">Deutschland wehrt sich gegen Erziehung<\/a><\/i><br \/>\nAha!<br \/>\nEs wurde erkannt, dass Deutschland sich widersetzt!<br \/>\nKlar, die F\u00e4uste in den Hosentaschen vergraben und <i>wehrhaft demokrat<\/i>ur<i>isch<\/i> nebenbei lustvoll die Eier schaukeln&#8230;<br \/>\nSchon witzig, wie sich der <i>E<\/i>ksp<i>erte<\/i>in in\u00a0 seinem hausbackenen Artikel auff\u00e4llig windet, damit we\u00adnigstens bei einigen <i>m\u00fcndigen<\/i> und <i>lesekundigen Endverbrauchern<\/i> etwas h\u00e4ngenbleibt.<br \/>\nAllerdings ist das R\u00e9sum\u00e9 im allerletzten Satz des Artikels geklaut, denn dabei handelt es sich n\u00e4m\u00adlich um geistiges Eigentum vom <i>hellroten <a href=\"https:\/\/www.flickr.com\/photos\/zonenklaus\/6120954613\/in\/photolist-ajTuye\">Jenossen<\/a><\/i> <i>Pob<\/i>ereit<b>! <\/b>Der ging allerdings in einem anderen Zusammenhang damit hausieren, wenn ich mich richtig erin\u00adnere&#8230;<br \/>\n\u25baGanz wichtig ist der darunter befindliche Hinweis zum <a href=\"https:\/\/www.focus.de\/intern\/impressum\/faq-zum-focus-online-experts-circle_id_217040151.html\"><b>FOCUS online EXPERTS Circles!<\/b><\/a><span style=\"font-family: Times New Roman, serif;\"><b>\u25c4<\/b><\/span><br \/>\nGerade eben kamen mir Erinnerungen hoch, aus <i>janz ollen Taren.<\/i>..<br \/>\nDa ich sehr fr\u00fchzeitig bereits mit Opa oft \u00fcber meinen gerade eingezogenen Lesestoff diskutierte, kamen immer weiteren Erkl\u00e4rungen hinzu. Manche Literaturhinweise von <i>E<\/i>x<i>perten<\/i> gingen aller\u00addings mit Warnungen einher, sie betrafen sog. <i>Fachidioten. <\/i><br \/>\nBegann in dem Zusammenhang meine Umgebung entsprechend abzuleuchten, dies wurde anfangs fast nur auf Lehrer bezogen und der <i>Mutter meiner Schwester<\/i>.<br \/>\nEigentlich waren die Ergebnisse meiner Beobachtung gleichbleibend einfach, die meisten werkelten ausgiebig auf einem \u00fcberschaubaren Dunstkreis in ihrer Umgebung, der Rest ging ihnen aber ganz schlicht vorbei. Da hat sich auch heute nichts ge\u00e4ndert, was ihre weitere Ausdehnung und deren ge\u00adsamte Einbeziehung betrifft. Was allerdings jene damalige Definition von <i>Fachidioten<\/i> betrifft, schaut man daf\u00fcr Jahrzehnte retour, ist deren damals angeeignete vormalige Wissensmenge nebst entsprechender Weiterverbreitung, in heutiger Zeit sogar m\u00e4chtig geschrumpft.<br \/>\nWird wohl der Grund sein, weshalb ewig mit der grenzenlosen Entwicklung von <b>K<\/b><i>\u00fcnstlicher <\/i><b>I<\/b><i>ntel\u00adligenz <\/i>herumgehurt wird&#8230;<br \/>\nDaf\u00fcr wird w\u00e4hrend der Vermittlung brandneuer Erkenntnisse zwingend sehr viel Wert auf <i>politi\u00adsche Korrektheit<\/i> gelegt und nat\u00fcrlich auf <i>grenzenlose Kapriolen <\/i>der <i>Genderei<\/i>!<\/p>\n<p><!--more--><br \/>\n<img loading=\"lazy\" decoding=\"async\" class=\"size-medium wp-image-42684 alignleft\" src=\"https:\/\/zonenklaus.de\/wordpress\/wp-content\/uploads\/2024\/11\/I-N-N-E-N-2-300x212.jpg\" alt=\"\" width=\"300\" height=\"212\" srcset=\"https:\/\/zonenklaus.de\/wordpress\/wp-content\/uploads\/2024\/11\/I-N-N-E-N-2-300x212.jpg 300w, https:\/\/zonenklaus.de\/wordpress\/wp-content\/uploads\/2024\/11\/I-N-N-E-N-2-150x106.jpg 150w, https:\/\/zonenklaus.de\/wordpress\/wp-content\/uploads\/2024\/11\/I-N-N-E-N-2.jpg 424w\" sizes=\"auto, (max-width: 300px) 100vw, 300px\" \/>Dabei entpuppte sich <i>Adolf der G\u00fctige,<\/i> w\u00e4hrend seiner ellenlangen Ansprachen, als sehr gro\u00dfer Fan jener ausgiebigen Verwendungen. <i> <\/i><br \/>\nAllerdings ist bisher noch nie jemand aus der <i>kleingeistige Riege s\u00e4mtlicher Sprachbereiniger<\/i> zur Schlussfolgerung gelangt, dass es sich bei den cleveren Anwendern, folglich um latente Nazis han\u00addeln m\u00fcsste!<br \/>\nMal retour zum iNDIANISCHEN!<br \/>\nSeit vielen Jahren benutze ich etwas in selbige Richtung, wenn es irgendwo um Bezahlung geht. Wird registriert, dass man mir f\u00fcr die Restgeldmenge auch uns\u00e4gliche kupferfarbenen Centm\u00fcnzen andrehen will, kommt sofort im Vorfeld: <i>Leute, das Indianergeld will ich aber nicht<\/i><b>!<\/b><br \/>\nSelbiger Spruch wird in der Regel mit Lachen quittiert&#8230;<\/p>\n<p>Allerdings verzichte ich nie auf den <i>Heckcent<\/i> in der Geldkatze!<br \/>\nBei WIKI wird hecken, wie folgt erkl\u00e4rt: <i>Der Begriff leitet sich ab vom althochdeutschen hecken <\/i><b>(<\/b><i>\u201avermehren\u2018, \u201afortpflanzen\u2018<\/i><b>) <\/b>Was nat\u00fcrlich auch identisch mit verklemmter Bereinigung ist, denn dabei handelt es sich eigentlich um die T\u00e4tigkeit, welche immer wieder mit sCHLAFEN gleichge\u00adsetzt wird, n\u00e4mlich: f I C K E n<b>!<\/b><br \/>\nLetztens kam bei der bERLINER fEINB\u00c4CKEREI &#8211; tHOBEN, eins dieser Rudel vorbei und je\u00admand meinte ungef\u00e4hr so: <i>Denen jehts jut, hecken wie Karnickel und holen sich daf\u00fcr die <\/i>Beloh\u00adnung<i> vom Amt ab&#8230;<\/i><br \/>\nPrompt fielen mir dazu die entsprechenden <a href=\"https:\/\/zonenklaus.de\/wordpress\/?s=Jihad\">K\u00f6lner Originale<\/a> ein!<br \/>\nSchaute eben in der Volks-Enzyklop\u00e4die rein, was dort zu iNDIANER vermerkt wurde, war \u00fcblicherweise f\u00fcr jeden etwas dabei!<br \/>\nMal sehen was sie zu <i>Indigene V\u00f6lker <\/i>meinen, dort wurde etwas aus lateinisch <span lang=\"la-VA\"><i>indigenus<\/i><\/span> \u201eeingebo\u00adren\u201c, abgeleitet. Ausgezeichnete <i>Gutmenschelei<\/i>, also <i>indianisch<\/i> ist nicht <i>rassistisch<\/i>, sondern von den R\u00f6mern erfunden!<br \/>\nDa bin ich aber sehr froh, auch f\u00fcr s\u00e4mtliche tr\u00e4llernden Deppen, die mir wirklich sehr leid tuen, wo es bei f o c u s hie\u00df:<i> Auf Nachfrage von \u201ewelt.de\u201c hie\u00df es, dass sich einige S\u00e4ngerinnen und S\u00e4nger der teils international und multikulturell aufgestellten Ch\u00f6re \u201enicht wohlgef\u00fchlt\u201c haben sollen, da sie den Begriff Indianer als abwertend empfinden w\u00fcrden.<\/i><br \/>\nWie m\u00f6gen eigentlich die Symptome des <i>Unwohlseins<\/i> in Erscheinung getreten sein?<br \/>\nBin jetzt auch schon bekloppt?<\/p>\n<p>Wenn mir solche Fragen einfallen&#8230;<\/p>\n","protected":false},"excerpt":{"rendered":"<p>F\u00fcr mich war Blindenberg immer ein hohles Brot, nicht nur wegen seiner fast erotischen Anbagge\u00adrei, was den D\u00f6del Honecker betraf. Dabei stank mir ebenso seine zus\u00e4tzliche saisonale Main\u00adstream-Dummschw\u00e4tzerei ewig an, besonders, wenn er selbstverliebt mit Sprechblasen der links\u00adlastigen Art medientr\u00e4chtig murmelte&#8230; Zu der jetzigen Geschichte und was ihm nun noch wesentlich behindertere geistige Tiefflieger an\u00adkreiden [&hellip;]<\/p>\n","protected":false},"author":6,"featured_media":0,"comment_status":"open","ping_status":"open","sticky":false,"template":"","format":"standard","meta":{"footnotes":""},"categories":[55],"tags":[],"class_list":["post-42678","post","type-post","status-publish","format-standard","hentry","category-alltaeglicher-wahnwitz"],"_links":{"self":[{"href":"https:\/\/zonenklaus.de\/wordpress\/index.php?rest_route=\/wp\/v2\/posts\/42678","targetHints":{"allow":["GET"]}}],"collection":[{"href":"https:\/\/zonenklaus.de\/wordpress\/index.php?rest_route=\/wp\/v2\/posts"}],"about":[{"href":"https:\/\/zonenklaus.de\/wordpress\/index.php?rest_route=\/wp\/v2\/types\/post"}],"author":[{"embeddable":true,"href":"https:\/\/zonenklaus.de\/wordpress\/index.php?rest_route=\/wp\/v2\/users\/6"}],"replies":[{"embeddable":true,"href":"https:\/\/zonenklaus.de\/wordpress\/index.php?rest_route=%2Fwp%2Fv2%2Fcomments&post=42678"}],"version-history":[{"count":8,"href":"https:\/\/zonenklaus.de\/wordpress\/index.php?rest_route=\/wp\/v2\/posts\/42678\/revisions"}],"predecessor-version":[{"id":42691,"href":"https:\/\/zonenklaus.de\/wordpress\/index.php?rest_route=\/wp\/v2\/posts\/42678\/revisions\/42691"}],"wp:attachment":[{"href":"https:\/\/zonenklaus.de\/wordpress\/index.php?rest_route=%2Fwp%2Fv2%2Fmedia&parent=42678"}],"wp:term":[{"taxonomy":"category","embeddable":true,"href":"https:\/\/zonenklaus.de\/wordpress\/index.php?rest_route=%2Fwp%2Fv2%2Fcategories&post=42678"},{"taxonomy":"post_tag","embeddable":true,"href":"https:\/\/zonenklaus.de\/wordpress\/index.php?rest_route=%2Fwp%2Fv2%2Ftags&post=42678"}],"curies":[{"name":"wp","href":"https:\/\/api.w.org\/{rel}","templated":true}]}}