{"id":427,"date":"2008-07-22T10:01:09","date_gmt":"2008-07-22T09:01:09","guid":{"rendered":"http:\/\/12decode.de\/zonenklaus\/wordpress\/?p=427"},"modified":"2020-10-06T08:17:37","modified_gmt":"2020-10-06T07:17:37","slug":"von-mit-und-uber-amiland","status":"publish","type":"post","link":"https:\/\/zonenklaus.de\/wordpress\/?p=427","title":{"rendered":"von, mit und \u00fcber amilanD"},"content":{"rendered":"<p><a href=\"https:\/\/de.wikipedia.org\/wiki\/Neil_Postman\">Neil Postman<\/a><br \/>\nLeider auch schon verblichen. &#8220;Wir am\u00fcsieren uns zu Tode&#8221; wurde damals bel\u00e4chelt, ist aber immer noch aktuell, eigentlich \u00fcberholt, da es hat sich wesentlich schlimmer entwickelt hat.<\/p>\n<p><a href=\"http:\/\/12decode.de\/zonenklaus\/wordpress\/wp-content\/uploads\/2008\/07\/po1.jpg\"><img loading=\"lazy\" decoding=\"async\" class=\"alignnone size-medium wp-image-434\" title=\"po1\" src=\"http:\/\/12decode.de\/zonenklaus\/wordpress\/wp-content\/uploads\/2008\/07\/po1-192x300.jpg\" alt=\"\" width=\"192\" height=\"300\" \/><\/a><a href=\"http:\/\/12decode.de\/zonenklaus\/wordpress\/wp-content\/uploads\/2008\/07\/po2.jpg\"><img loading=\"lazy\" decoding=\"async\" class=\"alignnone size-medium wp-image-435\" title=\"po2\" src=\"http:\/\/12decode.de\/zonenklaus\/wordpress\/wp-content\/uploads\/2008\/07\/po2-197x300.jpg\" alt=\"\" width=\"197\" height=\"300\" \/><!--more--><\/a><\/p>\n<p><a href=\"http:\/\/12decode.de\/zonenklaus\/wordpress\/wp-content\/uploads\/2008\/07\/po3.jpg\"><img loading=\"lazy\" decoding=\"async\" class=\"alignnone size-medium wp-image-436\" title=\"po3\" src=\"http:\/\/12decode.de\/zonenklaus\/wordpress\/wp-content\/uploads\/2008\/07\/po3-179x300.jpg\" alt=\"\" width=\"179\" height=\"300\" \/><\/a><a href=\"http:\/\/12decode.de\/zonenklaus\/wordpress\/wp-content\/uploads\/2008\/07\/po4.jpg\"><img loading=\"lazy\" decoding=\"async\" class=\"alignnone size-medium wp-image-437\" title=\"po4\" src=\"http:\/\/12decode.de\/zonenklaus\/wordpress\/wp-content\/uploads\/2008\/07\/po4-186x300.jpg\" alt=\"\" width=\"186\" height=\"300\" \/><\/a><\/p>\n<p><a href=\"https:\/\/de.wikipedia.org\/wiki\/Gore_Vidal\">Gore Vidal<\/a><br \/>\nViel halten ihn ja f\u00fcr einen Nestbeschmutzer, dieses Teil ist schon etwas \u00e4lter&#8230;<\/p>\n<p><a href=\"http:\/\/12decode.de\/zonenklaus\/wordpress\/wp-content\/uploads\/2008\/08\/gor1.jpg\"><img loading=\"lazy\" decoding=\"async\" class=\"alignnone size-medium wp-image-544\" title=\"gor1\" src=\"http:\/\/12decode.de\/zonenklaus\/wordpress\/wp-content\/uploads\/2008\/08\/gor1-189x300.jpg\" alt=\"\" width=\"189\" height=\"300\" \/><\/a><a href=\"http:\/\/12decode.de\/zonenklaus\/wordpress\/wp-content\/uploads\/2008\/08\/gor2.jpg\"><img loading=\"lazy\" decoding=\"async\" class=\"alignnone size-medium wp-image-545\" title=\"gor2\" src=\"http:\/\/12decode.de\/zonenklaus\/wordpress\/wp-content\/uploads\/2008\/08\/gor2-192x300.jpg\" alt=\"\" width=\"192\" height=\"300\" \/><\/a><\/p>\n<p><a href=\"https:\/\/de.wikipedia.org\/wiki\/Tariq_Ali\">Tariq Ali<\/a><br \/>\n<a href=\"http:\/\/12decode.de\/zonenklaus\/wordpress\/wp-content\/uploads\/2008\/07\/tariq1.jpg\"><img loading=\"lazy\" decoding=\"async\" class=\"alignnone size-medium wp-image-438\" title=\"tariq1\" src=\"http:\/\/12decode.de\/zonenklaus\/wordpress\/wp-content\/uploads\/2008\/07\/tariq1-193x300.jpg\" alt=\"\" width=\"193\" height=\"300\" \/><\/a><a href=\"http:\/\/12decode.de\/zonenklaus\/wordpress\/wp-content\/uploads\/2008\/07\/tariq21.jpg\"><img loading=\"lazy\" decoding=\"async\" class=\"alignnone size-medium wp-image-440\" title=\"tariq21\" src=\"http:\/\/12decode.de\/zonenklaus\/wordpress\/wp-content\/uploads\/2008\/07\/tariq21-198x300.jpg\" alt=\"\" width=\"198\" height=\"300\" \/><\/a><\/p>\n<p><a href=\"https:\/\/de.wikipedia.org\/wiki\/Mark_Hertsgaard\">Mark Hertsgaard<\/a><br \/>\n<a href=\"http:\/\/12decode.de\/zonenklaus\/wordpress\/wp-content\/uploads\/2008\/07\/hertsgaard1.jpg\"><img loading=\"lazy\" decoding=\"async\" class=\"alignnone size-medium wp-image-441\" title=\"hertsgaard1\" src=\"http:\/\/12decode.de\/zonenklaus\/wordpress\/wp-content\/uploads\/2008\/07\/hertsgaard1-196x300.jpg\" alt=\"\" width=\"196\" height=\"300\" \/><\/a><a href=\"http:\/\/12decode.de\/zonenklaus\/wordpress\/wp-content\/uploads\/2008\/07\/hertsgaard2.jpg\"><img loading=\"lazy\" decoding=\"async\" class=\"alignnone size-medium wp-image-442\" title=\"hertsgaard2\" src=\"http:\/\/12decode.de\/zonenklaus\/wordpress\/wp-content\/uploads\/2008\/07\/hertsgaard2-203x300.jpg\" alt=\"\" width=\"203\" height=\"300\" \/><\/a><\/p>\n","protected":false},"excerpt":{"rendered":"<p>Neil Postman Leider auch schon verblichen. &#8220;Wir am\u00fcsieren uns zu Tode&#8221; wurde damals bel\u00e4chelt, ist aber immer noch aktuell, eigentlich \u00fcberholt, da es hat sich wesentlich schlimmer entwickelt hat.<\/p>\n","protected":false},"author":6,"featured_media":0,"comment_status":"open","ping_status":"closed","sticky":false,"template":"","format":"standard","meta":{"footnotes":""},"categories":[9],"tags":[],"class_list":["post-427","post","type-post","status-publish","format-standard","hentry","category-bucher"],"_links":{"self":[{"href":"https:\/\/zonenklaus.de\/wordpress\/index.php?rest_route=\/wp\/v2\/posts\/427","targetHints":{"allow":["GET"]}}],"collection":[{"href":"https:\/\/zonenklaus.de\/wordpress\/index.php?rest_route=\/wp\/v2\/posts"}],"about":[{"href":"https:\/\/zonenklaus.de\/wordpress\/index.php?rest_route=\/wp\/v2\/types\/post"}],"author":[{"embeddable":true,"href":"https:\/\/zonenklaus.de\/wordpress\/index.php?rest_route=\/wp\/v2\/users\/6"}],"replies":[{"embeddable":true,"href":"https:\/\/zonenklaus.de\/wordpress\/index.php?rest_route=%2Fwp%2Fv2%2Fcomments&post=427"}],"version-history":[{"count":3,"href":"https:\/\/zonenklaus.de\/wordpress\/index.php?rest_route=\/wp\/v2\/posts\/427\/revisions"}],"predecessor-version":[{"id":35247,"href":"https:\/\/zonenklaus.de\/wordpress\/index.php?rest_route=\/wp\/v2\/posts\/427\/revisions\/35247"}],"wp:attachment":[{"href":"https:\/\/zonenklaus.de\/wordpress\/index.php?rest_route=%2Fwp%2Fv2%2Fmedia&parent=427"}],"wp:term":[{"taxonomy":"category","embeddable":true,"href":"https:\/\/zonenklaus.de\/wordpress\/index.php?rest_route=%2Fwp%2Fv2%2Fcategories&post=427"},{"taxonomy":"post_tag","embeddable":true,"href":"https:\/\/zonenklaus.de\/wordpress\/index.php?rest_route=%2Fwp%2Fv2%2Ftags&post=427"}],"curies":[{"name":"wp","href":"https:\/\/api.w.org\/{rel}","templated":true}]}}