{"id":42707,"date":"2024-11-09T21:05:16","date_gmt":"2024-11-09T20:05:16","guid":{"rendered":"https:\/\/zonenklaus.de\/wordpress\/?p=42707"},"modified":"2024-11-10T23:37:56","modified_gmt":"2024-11-10T22:37:56","slug":"wahrscheinlich-gab-es-aus-sparsamkeitsgruenden-heute-kein-gigantomanisches-trauerevent-irgendwo-auf-dem-entsprechenden-areal-einer-beliebigen-kranzabwurfstelle","status":"publish","type":"post","link":"https:\/\/zonenklaus.de\/wordpress\/?p=42707","title":{"rendered":"Wahrscheinlich gab es aus Sparsamkeitsgr\u00fcnden heute kein \u201egigantomanisches Trauerevent\u201c ir\u00adgendwo auf dem entsprechenden Areal einer beliebigen Kranzabwurfstelle&#8230;"},"content":{"rendered":"<p>Wer hat dies \u00fcberhaupt ausgeknautscht, dass lediglich <a href=\"https:\/\/www.tagesschau.de\/inland\/regional\/brandenburg\/mauerfall-gedenken-104.html\">ein wei\u00dfer <i>Rosenstrunk <\/i><\/a>in eine Mauerfuge gefummelt wurde?<br \/>\nMit gro\u00dfen medialen Aufwand justament von jenem <a href=\"https:\/\/www.zeit.de\/gesellschaft\/zeitgeschehen\/2024-08\/frank-walter-steinmeier-paneuropaeisches-picknick-ungarn-eiserner-vorhang\"><em>Politcham\u00e4leon<\/em><\/a>, f\u00fcr den es Jahre gab, in denen er die Zone als den besseren deutschen Saat hielt!<br \/>\nEtwas zu meinem <em>heutigen Volkstrauertag<\/em>!<br \/>\nDenn auch nach 35 Jahren kotzt mich jene damalige Zonenpleite immer noch an, die von<i> Demo\u00adkratieromantikern<\/i> ewig als <i>friedliche Revolution<\/i> tituliert wird! Schlie\u00dflich hat mir die Mauer all jene Leute vom Hals gehalten, wegen denen ich, w\u00e4hrend eines l\u00e4ngeren Heimaufenthaltes, bereits mit 14 Jahren, erstmalig einen Trip gen Westen probierte, der allerdings von Anbeginn bereits scheiterte&#8230;<br \/>\nSchon damals war es mir klar, wenn das schief ging, ist mein ganzes weiteres Leben in der Zone total verpfuscht.<br \/>\nSo kam es dann auch.<br \/>\nHabe als <i>PM12er<\/i> allerdings weiterhin etwas daf\u00fcr getan, damit aus mir ein gro\u00dfer Pickel am Arsch der dortigen Gesellschaft wurde&#8230;<br \/>\nZum Bildchen des rbb-Link\u00b4s f\u00e4llt mir etwas ganz anderes noch ein.<br \/>\nDenn keine 100 Meter hinter den R\u00fccken beider Politiker, <a href=\"https:\/\/zonenklaus.de\/wordpress\/?p=16960\">ruht schon l\u00e4nger ein Mann auf dem<\/a><em>\u00a0 <a href=\"https:\/\/evfbs.de\/index.php?id=73\">Sophienfriedhof<\/a><\/em>, der sich Zeit seines Lebens treu blieb!<\/p>\n<p><!--more--><br \/>\nFinde ich nicht sehr witzig, dass mir schon l\u00e4nger kein Politiker mehr einfallen will, auch weltweit nicht, der im Verlauf seines beginnenden Lebens die Grundeinstellung von Geradlinigkeit vermittel bekam und sich auch immer daran hielt!<br \/>\nHeute gab es mal wieder jemand, <a href=\"https:\/\/www.bild.de\/politik\/inland\/wutentbrannt-stuermte-er-auf-mich-zu-nach-dieser-rede-rastet-steinmeier-aus-672dde7debdb8724738ec195\">Marko Martin<\/a>, der den <i>H\u00fc<\/i> und <i>Hott-Demokraten<\/i> an gewisse <a href=\"https:\/\/www.spiegel.de\/kultur\/frank-walter-steinmeier-soll-auf-rede-von-marko-martin-wutentbrannt-reagiert-haben-a-d8e5dd3b-df51-4f99-a86d-58a0cf00cd74\">Spielregeln erinnerte<\/a>. Welche ihm scheinbar abhanden kamen oder nie verinnerlicht waren, obwohl er ja irgendetwas gegabelt hatte, irgendwie in diese Richtung: \u201e<span style=\"font-family: DaRib;\"><span lang=\"de-DE\">Ich schw\u00f6re, dass ich meine Kraft dem Wohle des deutschen Volkes widmen, seinen Nutzen mehren, Schaden von ihm wenden&#8230;<\/span><\/span><br \/>\nEs betraf die \u00c4ra, als sich der <a href=\"https:\/\/zonenklaus.de\/wordpress\/?p=42148\"><i>hellrote<\/i> <i>Jenosse <\/i><\/a>in der Rolle eines deutscher Au\u00dfenministers versu\u00adchen durfte. Dazu geh\u00f6rte auch der jahrelange SPD-Schmusekurs mit Kreml-Chef \u0412\u043b\u0430\u0434\u0438\u043c\u0438\u0440 \u0412\u043b\u0430\u0434\u0438\u043c\u0438\u0440\u043e\u0432\u0438\u0447 \u041f\u0443\u0442\u0438\u043d, vornweg nat\u00fcrlich <i>Steini<\/i>&#8230;<br \/>\nNun ist wieder ein <i>dualer<\/i> <i>9. November<\/i> verblichen, sah zu der anderen Geschichte, Rosen und Grablichter auf den sog. Stolpersteinen. Diesmal wurden, vor der ehemaligen W\u00e4rmestube von SPD-Tante F. B., die metallenen Br\u00f6sel des j\u00e4hrlichen schlechten Gewissen\u00b4s, schlicht vergessen! Zu ihren Wilmersdorfen Zeiten drapierte die <i>Jenossin <\/i>Rosenst\u00e4ngel immer mit entsprechenden Brimborium&#8230;<i> <\/i><br \/>\nZum 9. November geh\u00f6rte ebenso die <a href=\"https:\/\/www.youtube.com\/watch?v=1zOglQ0oA2c\">doppelte Ausrufung<\/a> der Weimarer Republik!<br \/>\nWelcher in diesem Jahr nirgends erw\u00e4hnt wurde, weshalb eigentlich?<br \/>\nWeil es sich letztlich um die Proklamation eines totgeborenen Kindes handelte..?<br \/>\nZu seiner Ehrenrettung muss man allerdings noch erw\u00e4hnen, Es handelte sich um die Gr\u00fcndung ei\u00adner scheintoten Republik, die sich letztlich doch etwas Zeit lie\u00df, bis sie durch gezielten demokra\u00adt<i>ur<\/i>ischen Unbill, letztlich ganz sch\u00e4ndlich einging, allerdings vornweg immer die SPD dabei&#8230;<br \/>\nSelbige chaotische Best\u00e4ndigkeit hat die letzten 100 Jahre sogar \u00fcberlebt. Besser gesagt, ihre wan\u00adkenden Schritte gen vorw\u00e4rts hat der Verein sogar modifiziert, bis hin zur Demontage &#8211; Quod erat demonstrandum!<br \/>\nEin Bekannter meinte zu mir, die paar Minuten der Rede vom Scheffchen sollte ich unbedingt ein\u00adziehen. Was gar nicht so einfach erschien. Letztlich klappte es aber doch, dabei kamen zwei Fragen auf. Wer hat eigentlich den <a href=\"https:\/\/www.youtube.com\/watch?v=oC11uGIz3Q4\">Inhalt des Vortrages<\/a> verzapft? Vom Duktus her, schien es sich wohl um den gleichen Schreiberling zu handeln, welcher auch die Sprechblasen vom FDP-Fuzzi gef\u00fcllt hatte.<br \/>\nScholzens Auftritt am Prompter fand ich auch sehr merkw\u00fcrdig, in seiner ganzen Art, was Mimik und Gestik betrafen.<br \/>\nHandelte es sich m\u00f6glicherweise um einen Doppelg\u00e4nger oder einem Klon, erschaffen von einem Team neuzeitlicher Alchimisten und Bit-Knechten, die ihn mit Hilfe von <b>KI <\/b>erschufen?<\/p>\n","protected":false},"excerpt":{"rendered":"<p>Wer hat dies \u00fcberhaupt ausgeknautscht, dass lediglich ein wei\u00dfer Rosenstrunk in eine Mauerfuge gefummelt wurde? Mit gro\u00dfen medialen Aufwand justament von jenem Politcham\u00e4leon, f\u00fcr den es Jahre gab, in denen er die Zone als den besseren deutschen Saat hielt! Etwas zu meinem heutigen Volkstrauertag! Denn auch nach 35 Jahren kotzt mich jene damalige Zonenpleite immer [&hellip;]<\/p>\n","protected":false},"author":6,"featured_media":0,"comment_status":"open","ping_status":"open","sticky":false,"template":"","format":"standard","meta":{"footnotes":""},"categories":[55],"tags":[],"class_list":["post-42707","post","type-post","status-publish","format-standard","hentry","category-alltaeglicher-wahnwitz"],"_links":{"self":[{"href":"https:\/\/zonenklaus.de\/wordpress\/index.php?rest_route=\/wp\/v2\/posts\/42707","targetHints":{"allow":["GET"]}}],"collection":[{"href":"https:\/\/zonenklaus.de\/wordpress\/index.php?rest_route=\/wp\/v2\/posts"}],"about":[{"href":"https:\/\/zonenklaus.de\/wordpress\/index.php?rest_route=\/wp\/v2\/types\/post"}],"author":[{"embeddable":true,"href":"https:\/\/zonenklaus.de\/wordpress\/index.php?rest_route=\/wp\/v2\/users\/6"}],"replies":[{"embeddable":true,"href":"https:\/\/zonenklaus.de\/wordpress\/index.php?rest_route=%2Fwp%2Fv2%2Fcomments&post=42707"}],"version-history":[{"count":3,"href":"https:\/\/zonenklaus.de\/wordpress\/index.php?rest_route=\/wp\/v2\/posts\/42707\/revisions"}],"predecessor-version":[{"id":42710,"href":"https:\/\/zonenklaus.de\/wordpress\/index.php?rest_route=\/wp\/v2\/posts\/42707\/revisions\/42710"}],"wp:attachment":[{"href":"https:\/\/zonenklaus.de\/wordpress\/index.php?rest_route=%2Fwp%2Fv2%2Fmedia&parent=42707"}],"wp:term":[{"taxonomy":"category","embeddable":true,"href":"https:\/\/zonenklaus.de\/wordpress\/index.php?rest_route=%2Fwp%2Fv2%2Fcategories&post=42707"},{"taxonomy":"post_tag","embeddable":true,"href":"https:\/\/zonenklaus.de\/wordpress\/index.php?rest_route=%2Fwp%2Fv2%2Ftags&post=42707"}],"curies":[{"name":"wp","href":"https:\/\/api.w.org\/{rel}","templated":true}]}}