{"id":42714,"date":"2024-11-11T20:46:30","date_gmt":"2024-11-11T19:46:30","guid":{"rendered":"https:\/\/zonenklaus.de\/wordpress\/?p=42714"},"modified":"2024-11-12T04:40:00","modified_gmt":"2024-11-12T03:40:00","slug":"das-scholzige-schlitzohr-will-ein-misstivesum-konstruktrauensvot-versuchen-und-sich-dabei-koestlich-amuesieren","status":"publish","type":"post","link":"https:\/\/zonenklaus.de\/wordpress\/?p=42714","title":{"rendered":"(-: das Scholzige Schlitzohr will ein mISSTIVESUM kONSTRUKTRAUENSVOT(*) versuchen und sich dabei k\u00f6stlich am\u00fcsieren&#8230; :-)"},"content":{"rendered":"<p><span style=\"font-size: medium;\"><span style=\"font-family: Times New Roman, serif;\"><b>[\u2e28<\/b><\/span>Hier ein Wink <sup><b>(<\/b><\/sup><b>*<\/b><sup><b>) <\/b><\/sup>mit einem x-beliebigen <i>Vollpfosten <\/i>f\u00fcr recht unwissende politdemokrat<i>ur<\/i>ische Zeitgenossen &amp; Zeitgenossinnerinnen<b> <\/b><sup><b>usw. u.\u00e4.<\/b><\/sup>!!! Die beiden seltsam ausgequetschten Wortpaare nennt man eigentlich: <a href=\"https:\/\/www.bundestag.de\/services\/glossar\/glossar\/K\/konst_misstrau-245482\"><i><b>Konstruktives Misstrauensvotum<\/b><\/i><\/a>! wIRKLICH<b>!<\/b><span style=\"font-family: Times New Roman, serif;\"><b>\u2e29<\/b><\/span><span style=\"font-family: Times New Roman, serif;\"><b>]<\/b><\/span><\/span><br \/>\n<span style=\"font-size: medium;\">&#8230;um sich recht lange \u00fcber den machtgeilen Fritze Merz zu am\u00fcsieren!<\/span><br \/>\n<span style=\"font-size: medium;\"><span style=\"font-family: Times New Roman, serif;\">Da bin ich mit ihm gleicher Meinung!\u263a\u263a\u263a<\/span><\/span><br \/>\n<span style=\"font-size: medium;\">Wie will eigentlich das Fritzchen mit seiner traurigen Riege von Mannen &amp; M\u00e4nninen der <b>cDu\/Christsozialistischen uNION<\/b>, der <b>fDp<\/b>, der <b>liNKEN <\/b><\/span><span style=\"font-size: xx-small;\"><b>(<\/b>Das Streifchen in der Weibermischfarbe, ganz links unten!<b>) <\/b><\/span><span style=\"font-size: medium;\">und dem k\u00e4mpferischen Geschwader der <b>aFd<\/b>, den hellroten Genossen Kanzler am Kragen packen? <\/span><\/p>\n<p><!--more--><br \/>\n<span style=\"font-size: medium;\"><img loading=\"lazy\" decoding=\"async\" class=\"size-medium wp-image-42715 alignleft\" src=\"https:\/\/zonenklaus.de\/wordpress\/wp-content\/uploads\/2024\/11\/B-U-N-D-E-S-T-A-G--251x300.jpg\" alt=\"\" width=\"251\" height=\"300\" srcset=\"https:\/\/zonenklaus.de\/wordpress\/wp-content\/uploads\/2024\/11\/B-U-N-D-E-S-T-A-G--251x300.jpg 251w, https:\/\/zonenklaus.de\/wordpress\/wp-content\/uploads\/2024\/11\/B-U-N-D-E-S-T-A-G--126x150.jpg 126w, https:\/\/zonenklaus.de\/wordpress\/wp-content\/uploads\/2024\/11\/B-U-N-D-E-S-T-A-G-.jpg 284w\" sizes=\"auto, (max-width: 251px) 100vw, 251px\" \/>Bei jenem kommenden <i>Ringelpiez<\/i> ohne <i>Anfassen<\/i> handelt es sich sowieso nur um eine \u00dcbung! Den eigentlichen Knackpunkt wird man erst hinterher irgendwie mauscheln, wenn das sCHWARZ-bLAU-rOTE Bundestagsh\u00e4ufchen <em>konstruktiv<\/em> gebastelt wird &#8211; eine <i><b>Ostfriesische Koalition<\/b><\/i><strong>!<\/strong> <img loading=\"lazy\" decoding=\"async\" class=\"size-full wp-image-42718 alignleft\" src=\"https:\/\/zonenklaus.de\/wordpress\/wp-content\/uploads\/2024\/11\/O-S-T-F-R-I-E-S-L-A-N-D.jpg\" alt=\"\" width=\"158\" height=\"112\" srcset=\"https:\/\/zonenklaus.de\/wordpress\/wp-content\/uploads\/2024\/11\/O-S-T-F-R-I-E-S-L-A-N-D.jpg 158w, https:\/\/zonenklaus.de\/wordpress\/wp-content\/uploads\/2024\/11\/O-S-T-F-R-I-E-S-L-A-N-D-150x106.jpg 150w\" sizes=\"auto, (max-width: 158px) 100vw, 158px\" \/>meinetwegen auch die nach \u201e\u0414\u041e\u041d\u0415\u0426\u041a\u0410\u042f \u0420\u0415\u0421\u041f\u0423\u0411\u041b\u0418\u041a\u0410\u201c benannte! Friesisch benannt ist aber besser, da man im momentanen Wappen anschlie\u00dfend die entsprechenden <em>Larven<\/em> montieren kann &#8211; zwischen <a href=\"https:\/\/eulenspiegel-zeitschrift.de\/2022\/03\/das-boese-in-ihr\/\"><em>Wagenknecht<\/em><\/a> und <a href=\"https:\/\/blog.campact.de\/2023\/09\/ich-bin-nicht-queer\/\"><em>Weidel<\/em> <\/a>prangt dann das <a href=\"https:\/\/eulenspiegel-zeitschrift.de\/2022\/06\/der-interessenkonfliktloeser\/\"><em>Christenkind<\/em> <\/a>als <em>Quotenm\u00e4nnchen<\/em>&#8230; <\/span><br \/>\n<span style=\"font-size: medium;\">Zum weiteren Heckmeck schmei\u00dfe ich die Bartwickelmaschine an, die dazu summt: <b>Wenn Wahlen etwas \u00e4ndern w\u00fcrden, w\u00e4ren sie verboten! <\/b><\/span><br \/>\n<span style=\"font-size: medium;\">Immer wieder hei\u00dft es, jenes Zitat stammt von <a href=\"https:\/\/www.google.com\/search?client=firefox-b-d&amp;q=Kurt+Tucholsky#fpstate=ive&amp;vld=cid:e7557aca,vid:Mz60AScx2kM,st:0\">Kurt Tucholsky<\/a> und den Herren Kaspar Hauser, Peter Panter, Theobald Tiger oder Ignaz Wrobel&#8230; <\/span><br \/>\n<span style=\"font-size: medium;\">Glaube ich pers\u00f6nlich aber nicht, weil es so mit einem leichten Hauch von <i>geschlechtsspezifischer Harmoniesucht<\/i> einhergeht, wegen des verwendeten Konjunktivs. <\/span><br \/>\n<span style=\"font-size: medium;\">Ist halt nETT gemeint! Wobei <i>nett,<\/i> f\u00fcr mich der kleine Bruder oder das l\u00fctte Schwesterchen u.\u00e4., von Schei\u00dfe ist!<\/span><br \/>\n<span style=\"font-size: medium;\">Ganz so fest bin ich ja nicht der Meinung, mit dem leichten Hang zur Harmonie, weil zum Zitat auch immer wieder die amerikanisierte feministische Anarchistin <a href=\"https:\/\/www.deutschlandfunkkultur.de\/emma-goldman-ein-leben-fuer-die-freiheit-100.html\">Emma Goldmann<\/a> erw\u00e4hnt wird! <\/span><br \/>\n<span style=\"font-size: medium;\">Tja, solch gestandenes k\u00e4mpferisches <\/span><span style=\"font-size: medium;\"><i>Weibsbild<\/i><\/span><span style=\"font-size: medium;\"> fehlte gerade gegen Trump!<\/span><\/p>\n<p><span style=\"font-size: medium;\">War doch logisch, dass mit <a href=\"https:\/\/x.com\/KamalaHarris\/status\/1854267444321284184?ref_src=twsrc%5Egoogle%7Ctwcamp%5Eserp%7Ctwgr%5Etweet%7Ctwtr%5Etrue\">Kamala Harris<\/a> kein Blumentopf zu gewinne war. <\/span><br \/>\n<span style=\"font-size: medium;\">Versuchte sie doch nur, sich ausgiebig im Schatten der <em>Mumie<\/em> Biden zu sonnen&#8230; <\/span><\/p>\n","protected":false},"excerpt":{"rendered":"<p>[\u2e28Hier ein Wink (*) mit einem x-beliebigen Vollpfosten f\u00fcr recht unwissende politdemokraturische Zeitgenossen &amp; Zeitgenossinnerinnen usw. u.\u00e4.!!! Die beiden seltsam ausgequetschten Wortpaare nennt man eigentlich: Konstruktives Misstrauensvotum! wIRKLICH!\u2e29] &#8230;um sich recht lange \u00fcber den machtgeilen Fritze Merz zu am\u00fcsieren! Da bin ich mit ihm gleicher Meinung!\u263a\u263a\u263a Wie will eigentlich das Fritzchen mit seiner traurigen Riege [&hellip;]<\/p>\n","protected":false},"author":6,"featured_media":0,"comment_status":"open","ping_status":"open","sticky":false,"template":"","format":"standard","meta":{"footnotes":""},"categories":[55],"tags":[],"class_list":["post-42714","post","type-post","status-publish","format-standard","hentry","category-alltaeglicher-wahnwitz"],"_links":{"self":[{"href":"https:\/\/zonenklaus.de\/wordpress\/index.php?rest_route=\/wp\/v2\/posts\/42714","targetHints":{"allow":["GET"]}}],"collection":[{"href":"https:\/\/zonenklaus.de\/wordpress\/index.php?rest_route=\/wp\/v2\/posts"}],"about":[{"href":"https:\/\/zonenklaus.de\/wordpress\/index.php?rest_route=\/wp\/v2\/types\/post"}],"author":[{"embeddable":true,"href":"https:\/\/zonenklaus.de\/wordpress\/index.php?rest_route=\/wp\/v2\/users\/6"}],"replies":[{"embeddable":true,"href":"https:\/\/zonenklaus.de\/wordpress\/index.php?rest_route=%2Fwp%2Fv2%2Fcomments&post=42714"}],"version-history":[{"count":7,"href":"https:\/\/zonenklaus.de\/wordpress\/index.php?rest_route=\/wp\/v2\/posts\/42714\/revisions"}],"predecessor-version":[{"id":42726,"href":"https:\/\/zonenklaus.de\/wordpress\/index.php?rest_route=\/wp\/v2\/posts\/42714\/revisions\/42726"}],"wp:attachment":[{"href":"https:\/\/zonenklaus.de\/wordpress\/index.php?rest_route=%2Fwp%2Fv2%2Fmedia&parent=42714"}],"wp:term":[{"taxonomy":"category","embeddable":true,"href":"https:\/\/zonenklaus.de\/wordpress\/index.php?rest_route=%2Fwp%2Fv2%2Fcategories&post=42714"},{"taxonomy":"post_tag","embeddable":true,"href":"https:\/\/zonenklaus.de\/wordpress\/index.php?rest_route=%2Fwp%2Fv2%2Ftags&post=42714"}],"curies":[{"name":"wp","href":"https:\/\/api.w.org\/{rel}","templated":true}]}}