{"id":43120,"date":"2025-01-01T21:00:03","date_gmt":"2025-01-01T20:00:03","guid":{"rendered":"https:\/\/zonenklaus.de\/wordpress\/?p=43120"},"modified":"2025-01-03T01:21:27","modified_gmt":"2025-01-03T00:21:27","slug":"die-oeffentlich-rechtlichen-stationen-sahen-bestimmt-nur-deshalb-nicht-vollends-mau-aus-weile-sie-immerwaehrend-auf-exklusive-erkenntnisse-des-neuerlichen-amamoes-in-new-orleans-aufmerks","status":"publish","type":"post","link":"https:\/\/zonenklaus.de\/wordpress\/?p=43120","title":{"rendered":"Die \u00f6ffentlich\/rechtlichen Stationen sahen bestimmt nur deshalb nicht vollends Mau aus, weile sie immerw\u00e4hrend auf exklusive ERKENNTNISSe des neuerlichen AMaM\u00f6\u00b4s* in New Orleans auf\u00admerksam machen durften&#8230;"},"content":{"rendered":"<p><i>\u00b4<\/i>\u2e28<b>* <i>A<\/i><\/b>utomobiler <b><i>Ma<\/i><\/b>ssen<b><i>m\u00f6<\/i><\/b>rder<span style=\"font-family: Times New Roman, serif;\">\u2e29<\/span><br \/>\nWobei sich der <a href=\"https:\/\/www.tagesschau.de\/eilmeldung\/new-orleans-auto-terroranschlag-100.html\">Informationsgehalt<\/a>, welche den eigentlichen Tathergang betreffen sollte, durch w\u00fcs\u00adte Spekulationen aus allen Richtungen und dazugeh\u00f6rigen irrwitzigen Blickwinkeln der wichtigtu\u00aderischen <i>Plapper-E<\/i><b>ks<\/b><i>perten<\/i> vor Ort, recht schnell in Richtung <i>NULL <\/i>abdriftete.<br \/>\nAllerdings<i> <\/i>dann sogar noch mit wesentlich weniger Inhaltslosigkeit, aber brandneuen geistigen Be\u00adwusstseinstr\u00fcbungen, aus Richtung der <i>plebejischen <\/i>Berufs<i>zeugenschaft<\/i> <span style=\"font-size: xx-small;\"><b>(<\/b><\/span><span style=\"font-size: xx-small;\">Ich bin Zeuge, um was geht es hier eigentlich?<\/span><span style=\"font-size: xx-small;\"><b>) <\/b><\/span>au\u00dferordentlich <i>kraftvoll <\/i>aufgepeppt wurde.<br \/>\nWelche man anschlie\u00dfend fast mit einer v\u00f6llig intergalaktischen Leere gleichsetzen konnte&#8230;<br \/>\n\u00dcbrigblieben Reste von nachgeplapperten Versatzst\u00fccken, <i>selbstverfreilich<\/i> wichtigtuerisch darge\u00adboten mit Hilfe von optimal ausgekl\u00fcgelten sprachlichen Pirouetten konjunktivischer Drechseleien, in <i>w\u00fcrde- &amp; t\u00e4t(e)-Formen<\/i>! <i> <\/i><br \/>\nHinzu kam obendrein, dass die <i>Verbalseuche<\/i> der <i>politischen Korrektheit <\/i>und jener <em>zwingend aufge\u00adsetzte Missstand<\/em> der <i>bemitleidenswerten<\/i> <i>Genderei<\/i>, w\u00e4hrend des gesamten Beitrages, als <i>sprachli\u00adche Gew\u00fcrzmischung<\/i> herhalten musste!<\/p>\n","protected":false},"excerpt":{"rendered":"<p>\u00b4\u2e28* Automobiler Massenm\u00f6rder\u2e29 Wobei sich der Informationsgehalt, welche den eigentlichen Tathergang betreffen sollte, durch w\u00fcs\u00adte Spekulationen aus allen Richtungen und dazugeh\u00f6rigen irrwitzigen Blickwinkeln der wichtigtu\u00aderischen Plapper-Eksperten vor Ort, recht schnell in Richtung NULL abdriftete. Allerdings dann sogar noch mit wesentlich weniger Inhaltslosigkeit, aber brandneuen geistigen Be\u00adwusstseinstr\u00fcbungen, aus Richtung der plebejischen Berufszeugenschaft (Ich bin Zeuge, um [&hellip;]<\/p>\n","protected":false},"author":6,"featured_media":0,"comment_status":"open","ping_status":"open","sticky":false,"template":"","format":"standard","meta":{"footnotes":""},"categories":[1],"tags":[],"class_list":["post-43120","post","type-post","status-publish","format-standard","hentry","category-allgemeines"],"_links":{"self":[{"href":"https:\/\/zonenklaus.de\/wordpress\/index.php?rest_route=\/wp\/v2\/posts\/43120","targetHints":{"allow":["GET"]}}],"collection":[{"href":"https:\/\/zonenklaus.de\/wordpress\/index.php?rest_route=\/wp\/v2\/posts"}],"about":[{"href":"https:\/\/zonenklaus.de\/wordpress\/index.php?rest_route=\/wp\/v2\/types\/post"}],"author":[{"embeddable":true,"href":"https:\/\/zonenklaus.de\/wordpress\/index.php?rest_route=\/wp\/v2\/users\/6"}],"replies":[{"embeddable":true,"href":"https:\/\/zonenklaus.de\/wordpress\/index.php?rest_route=%2Fwp%2Fv2%2Fcomments&post=43120"}],"version-history":[{"count":3,"href":"https:\/\/zonenklaus.de\/wordpress\/index.php?rest_route=\/wp\/v2\/posts\/43120\/revisions"}],"predecessor-version":[{"id":43123,"href":"https:\/\/zonenklaus.de\/wordpress\/index.php?rest_route=\/wp\/v2\/posts\/43120\/revisions\/43123"}],"wp:attachment":[{"href":"https:\/\/zonenklaus.de\/wordpress\/index.php?rest_route=%2Fwp%2Fv2%2Fmedia&parent=43120"}],"wp:term":[{"taxonomy":"category","embeddable":true,"href":"https:\/\/zonenklaus.de\/wordpress\/index.php?rest_route=%2Fwp%2Fv2%2Fcategories&post=43120"},{"taxonomy":"post_tag","embeddable":true,"href":"https:\/\/zonenklaus.de\/wordpress\/index.php?rest_route=%2Fwp%2Fv2%2Ftags&post=43120"}],"curies":[{"name":"wp","href":"https:\/\/api.w.org\/{rel}","templated":true}]}}