{"id":43136,"date":"2025-01-09T20:57:06","date_gmt":"2025-01-09T19:57:06","guid":{"rendered":"https:\/\/zonenklaus.de\/wordpress\/?p=43136"},"modified":"2025-01-10T02:30:18","modified_gmt":"2025-01-10T01:30:18","slug":"demokratie-ist-wenn-alle-doof-sind-eine-exkursion-nach-einsiedeln-zu-andreas-thiels-film","status":"publish","type":"post","link":"https:\/\/zonenklaus.de\/wordpress\/?p=43136","title":{"rendered":"Demokratie ist, wenn alle doof sind. Eine Exkursion nach Einsiedeln zu Andreas Thiels Film"},"content":{"rendered":"<p>Es w\u00e4re einfach zu billig, dem alten <i>Thiel Eulenspiegel <\/i>nur recht zugeben!<br \/>\nH\u00e4nge n\u00e4mlich auch schon lange jener Erkenntnis an und muss sogar noch einen drauf geben!<br \/>\nDa ich immer wieder feststellen k\u00f6nnte, wenn ich es wollte, dass man nur eine gezielte pande\u00admische Ausbreitung der Volksverbl\u00f6dung, als eigentliche Grundvoraussetzung f\u00fcr jene eigent\u00fcm\u00adliche Gesellschaftsform ansehen muss.<br \/>\nNur so ein <i>w\u00f6nziges <\/i>Beispiel daf\u00fcr, wie man permanent mit dem Begriff DEMOKRATIE eine fort\u00adlaufend Verbalhurerei betreibt.<br \/>\nWenn z. B. Politike<i>ks<\/i>perten<strong>*<\/strong><sup><b>INNERINNEN usw. u.\u00e4. <\/b><\/sup>und ihre gef\u00e4lligkeitsjournalistischen Hofschranzen, nichts unversucht lassen und den indischen Vielv\u00f6lkerstaat als die gr\u00f6\u00dfte <span style=\"font-size: xx-small;\"><b>Demokratie<\/b><\/span> UNSERER Erde bezeichnen&#8230;<br \/>\nDrehbuchautor und Filmproduzent Andreas Thiel will mit \u00ab<a href=\"https:\/\/www.movies.ch\/de\/film\/kalbermatten\/media_scen_6.html\">KALBERMATTEN<\/a>\u00bb ganz gross durchstarten. Ist das gr\u00f6ssenwahnsinnig oder realistisch?<br \/>\nHatte vor ein paar Tagen ein digitales Rauchzeichen erhalten, es betraf Kalbermatten&#8230;<br \/>\nWollte nach dem \u00f6ffentlich\/rechtlichen D\u00fcnnschiss aus vielen Ecken UNSEREr ERDENSCHEIBE, mich kundig machen, was es mit dem eidgen\u00f6ssischen Streifen auf sich hat. Wurde allerdings im Vorfeld bereits gewarnt, weil noch keine, vielleicht <i>gegenderte neuhochdeutsche <\/i>Synchronisation auf dem Markt sei!<\/p>\n<p><!--more-->Schaltete irgendwann die Glotze an und bl\u00e4tterte nebenbei noch die Reste vom TAGESSPITZEL durch. Konnte morgens beim Doc aber bereits etwas feststellen: Obwohl sich massenhaft Dreck vor der eigenen Haust\u00fcre stapelt, wird ellenlang \u00fcber irgendwelche <i>f\u00fchrenden Superdeppen<\/i> geplappert, nat\u00fcrlich vollkommen nichtssagend.<br \/>\nIdentische Schei\u00dfe tropfte dann ebenso aus dem Fratzenradio, konnte aber wieder etwas positives abgewinnen, was den <i>Schaumanschlag auf den h\u00f6chsten FDP-Fuzzi <\/i>betraf! Hatte doch das <i>gelbe Scheffchen<\/i> irgendwie banniges Gl\u00fcck gehabt, denn bei der <i>Schlafm\u00fctzigkeit<\/i> der <i>Securityknechte<\/i>, w\u00e4re es ein leichtes gewesen mit einem entsprechenden Schneidwerkzeug, der ganz wichtigen <i>Polit-Plappertasche<\/i> entsprechend optimale Perforierungen seiner Pelle angedeihen zulassen&#8230;<br \/>\nGabe es noch etwas erw\u00e4hnenswertes?<br \/>\nLos Angeles, deren viele Feuerchen und einem anschlie\u00dfenden <a href=\"https:\/\/zonenklaus.de\/wordpress\/wp-content\/uploads\/2025\/01\/Brennp.mp3\">BRENNPUNKT<\/a>!<br \/>\n<img loading=\"lazy\" decoding=\"async\" class=\"size-thumbnail wp-image-43143 alignleft\" src=\"https:\/\/zonenklaus.de\/wordpress\/wp-content\/uploads\/2025\/01\/weidel-150x125.jpg\" alt=\"\" width=\"150\" height=\"125\" srcset=\"https:\/\/zonenklaus.de\/wordpress\/wp-content\/uploads\/2025\/01\/weidel-150x125.jpg 150w, https:\/\/zonenklaus.de\/wordpress\/wp-content\/uploads\/2025\/01\/weidel-300x250.jpg 300w, https:\/\/zonenklaus.de\/wordpress\/wp-content\/uploads\/2025\/01\/weidel.jpg 435w\" sizes=\"auto, (max-width: 150px) 100vw, 150px\" \/>Ach so, irgendwann erw\u00e4hnte man auch noch <a href=\"https:\/\/zonenklaus.de\/wordpress\/wp-content\/uploads\/2025\/01\/Weidel.mp3\">Musk und Weidel,<\/a> man vernahm dabei kein <em>Baerbock<\/em>t\u00f6ne&#8230;<br \/>\n<img loading=\"lazy\" decoding=\"async\" class=\"size-thumbnail wp-image-43139 alignleft\" src=\"https:\/\/zonenklaus.de\/wordpress\/wp-content\/uploads\/2025\/01\/Olaf-150x73.png\" alt=\"\" width=\"150\" height=\"73\" srcset=\"https:\/\/zonenklaus.de\/wordpress\/wp-content\/uploads\/2025\/01\/Olaf-150x73.png 150w, https:\/\/zonenklaus.de\/wordpress\/wp-content\/uploads\/2025\/01\/Olaf-300x145.png 300w, https:\/\/zonenklaus.de\/wordpress\/wp-content\/uploads\/2025\/01\/Olaf.png 530w\" sizes=\"auto, (max-width: 150px) 100vw, 150px\" \/>Es wurde ebenso auf einen Beleidigung von <i>Locke SCHOLZ <\/i>hingewiesen!<br \/>\nBei n\u00e4herer Betrachtung finde ich jene Klassifizierung allerdings nicht als Schm\u00e4hung!<br \/>\nIm Gegenteil, denn der Begriff NARR besa\u00df mal eine sehr wichtige Bedeutung!<br \/>\nHeutzutage etwas in jene Richtung zu streuen, ist allerdings bereits von <i>Musk<\/i> eine sehr schwache Leistung!<br \/>\nFinde n\u00e4mlich, dass es im Moment einer ungeahnten und nicht gerechtfertigten Erh\u00f6hung seiner selbst gleichk\u00e4me!<br \/>\n<img loading=\"lazy\" decoding=\"async\" class=\"size-thumbnail wp-image-43140 alignleft\" src=\"https:\/\/zonenklaus.de\/wordpress\/wp-content\/uploads\/2025\/01\/Mutter-150x101.jpg\" alt=\"\" width=\"150\" height=\"101\" srcset=\"https:\/\/zonenklaus.de\/wordpress\/wp-content\/uploads\/2025\/01\/Mutter-150x101.jpg 150w, https:\/\/zonenklaus.de\/wordpress\/wp-content\/uploads\/2025\/01\/Mutter-300x202.jpg 300w, https:\/\/zonenklaus.de\/wordpress\/wp-content\/uploads\/2025\/01\/Mutter.jpg 523w\" sizes=\"auto, (max-width: 150px) 100vw, 150px\" \/>Auch merkw\u00fcrdig, was <em>Mutter M\u00f6ller<\/em> da ablie\u00df, in solch seltsamen <a href=\"https:\/\/zonenklaus.de\/wordpress\/wp-content\/uploads\/2025\/01\/Exp.mp3\">Oberlehrert\u00f6nen<\/a>&#8230;<\/p>\n<p>&nbsp;<\/p>\n<p>&nbsp;<\/p>\n<p>Landete schlie\u00dflich bei <a href=\"https:\/\/www.watson.ch\/leben\/schweiz\/102480484-kalbermatten-von-andreas-thiel-demokratie-ist-wenn-alle-doof-sind\"><b>wats<\/b><u><b>on<\/b><\/u><\/a>, einem seltsamen Bl\u00e4ttchen. Musste aber beim angesagten <i>Schwy\u00adzerd\u00fctsch <\/i>schlicht passen<b>&#8230;<\/b><\/p>\n","protected":false},"excerpt":{"rendered":"<p>Es w\u00e4re einfach zu billig, dem alten Thiel Eulenspiegel nur recht zugeben! H\u00e4nge n\u00e4mlich auch schon lange jener Erkenntnis an und muss sogar noch einen drauf geben! Da ich immer wieder feststellen k\u00f6nnte, wenn ich es wollte, dass man nur eine gezielte pande\u00admische Ausbreitung der Volksverbl\u00f6dung, als eigentliche Grundvoraussetzung f\u00fcr jene eigent\u00fcm\u00adliche Gesellschaftsform ansehen muss. [&hellip;]<\/p>\n","protected":false},"author":6,"featured_media":0,"comment_status":"open","ping_status":"open","sticky":false,"template":"","format":"standard","meta":{"footnotes":""},"categories":[1,55],"tags":[],"class_list":["post-43136","post","type-post","status-publish","format-standard","hentry","category-allgemeines","category-alltaeglicher-wahnwitz"],"_links":{"self":[{"href":"https:\/\/zonenklaus.de\/wordpress\/index.php?rest_route=\/wp\/v2\/posts\/43136","targetHints":{"allow":["GET"]}}],"collection":[{"href":"https:\/\/zonenklaus.de\/wordpress\/index.php?rest_route=\/wp\/v2\/posts"}],"about":[{"href":"https:\/\/zonenklaus.de\/wordpress\/index.php?rest_route=\/wp\/v2\/types\/post"}],"author":[{"embeddable":true,"href":"https:\/\/zonenklaus.de\/wordpress\/index.php?rest_route=\/wp\/v2\/users\/6"}],"replies":[{"embeddable":true,"href":"https:\/\/zonenklaus.de\/wordpress\/index.php?rest_route=%2Fwp%2Fv2%2Fcomments&post=43136"}],"version-history":[{"count":9,"href":"https:\/\/zonenklaus.de\/wordpress\/index.php?rest_route=\/wp\/v2\/posts\/43136\/revisions"}],"predecessor-version":[{"id":43151,"href":"https:\/\/zonenklaus.de\/wordpress\/index.php?rest_route=\/wp\/v2\/posts\/43136\/revisions\/43151"}],"wp:attachment":[{"href":"https:\/\/zonenklaus.de\/wordpress\/index.php?rest_route=%2Fwp%2Fv2%2Fmedia&parent=43136"}],"wp:term":[{"taxonomy":"category","embeddable":true,"href":"https:\/\/zonenklaus.de\/wordpress\/index.php?rest_route=%2Fwp%2Fv2%2Fcategories&post=43136"},{"taxonomy":"post_tag","embeddable":true,"href":"https:\/\/zonenklaus.de\/wordpress\/index.php?rest_route=%2Fwp%2Fv2%2Ftags&post=43136"}],"curies":[{"name":"wp","href":"https:\/\/api.w.org\/{rel}","templated":true}]}}