{"id":43212,"date":"2025-01-17T20:01:14","date_gmt":"2025-01-17T19:01:14","guid":{"rendered":"https:\/\/zonenklaus.de\/wordpress\/?p=43212"},"modified":"2025-01-19T19:56:48","modified_gmt":"2025-01-19T18:56:48","slug":"der-druntere-text-endet-mit-einer-betrachtung-von-nadar-gaspard-felix-tournachon","status":"publish","type":"post","link":"https:\/\/zonenklaus.de\/wordpress\/?p=43212","title":{"rendered":"Der druntere Text endet mit einer Betrachtung von Nadar &#8211; Gaspard F\u00e9lix Tournachon\u2026"},"content":{"rendered":"<p><a href=\"https:\/\/zonenklaus.de\/wordpress\/?p=32648\">\u201cWahlkrampf\u201d vorm ehemaligen \u201cFeinkost-Reichelt\u201d in \u201cWilmersburg\u201d<\/a><br \/>\nDer franz\u00f6sischer Schriftsteller, Karikaturist und Fotograf lie\u00df sich vor weit 100 Jahren allerdings nur \u00fcber die <i>Fressen<\/i><b>* (*<\/b><span style=\"font-family: Times New Roman, serif;\"><b>\u00a9Pofalla <\/b><\/span><span style=\"font-family: Times New Roman, serif;\">raunzte Bosbach an: &#8220;Ich kann deine Fresse nicht mehr sehen.&#8221;<\/span><span style=\"font-family: Times New Roman, serif;\"><b>)<\/b><\/span><span style=\"font-family: Times New Roman, serif;\"> von beliebigen Politikern aus.<\/span><br \/>\n<span style=\"font-family: Times New Roman, serif;\">Nun gen\u00fcgt es den Politikern schon lange nicht mehr, dass die Plebse lediglich ihre Konterfeis be\u00adstaunen k\u00f6nnen. Wenn <\/span><span style=\"font-family: Times New Roman, serif;\"><i><b>Nadar <\/b><\/i><\/span><span style=\"font-family: Times New Roman, serif;\">dies w\u00fcsste, der Knabe w\u00fcrde sich heutzutage in seinem Grab we\u00adsentlich schneller drehen, als ein Windrad<\/span><span style=\"font-family: Times New Roman, serif;\"><b>!<\/b><\/span><br \/>\n<span style=\"font-family: Times New Roman, serif;\">Was alles f\u00fcr ein Schei\u00df dort noch zus\u00e4tzlich drauf geschmiert wird, nicht zu fassen! <\/span><br \/>\n<span style=\"font-family: Times New Roman, serif;\">Man k\u00f6nnte annehmen, darunter sind <a href=\"https:\/\/www.flickr.com\/photos\/zonenklaus\/albums\/72157627446173759\">Erg\u00fcsse von Abg\u00e4ngern diverser Schwachstromkollegs.<\/a><\/span><br \/>\n<span style=\"font-family: Times New Roman, serif;\">Vielleicht lasse ich demn\u00e4chst mal eine Aktion von mir Revue passieren, als ich f\u00fcr einen <a href=\"https:\/\/www.flickr.com\/photos\/zonenklaus\/46355217405\/in\/album-72157627446173759\">chloro\u00adphyllmarxistischen <\/a><\/span><span style=\"font-family: Times New Roman, serif;\"><i>Grottenolm<\/i><\/span><span style=\"font-family: Times New Roman, serif;\"> eine Schlagagitation verzapfte&#8230;<\/span><br \/>\n<span style=\"font-family: Times New Roman, serif;\">Ein etwas \u00e4lterer Schrieb: <a href=\"https:\/\/zonenklaus.de\/wordpress\/?p=22261\">Das rot-gr\u00fcne Versagen ist hausgemacht<\/a><\/span><\/p>\n","protected":false},"excerpt":{"rendered":"<p>\u201cWahlkrampf\u201d vorm ehemaligen \u201cFeinkost-Reichelt\u201d in \u201cWilmersburg\u201d Der franz\u00f6sischer Schriftsteller, Karikaturist und Fotograf lie\u00df sich vor weit 100 Jahren allerdings nur \u00fcber die Fressen* (*\u00a9Pofalla raunzte Bosbach an: &#8220;Ich kann deine Fresse nicht mehr sehen.&#8221;) von beliebigen Politikern aus. Nun gen\u00fcgt es den Politikern schon lange nicht mehr, dass die Plebse lediglich ihre Konterfeis be\u00adstaunen k\u00f6nnen. [&hellip;]<\/p>\n","protected":false},"author":6,"featured_media":0,"comment_status":"open","ping_status":"open","sticky":false,"template":"","format":"standard","meta":{"footnotes":""},"categories":[55],"tags":[],"class_list":["post-43212","post","type-post","status-publish","format-standard","hentry","category-alltaeglicher-wahnwitz"],"_links":{"self":[{"href":"https:\/\/zonenklaus.de\/wordpress\/index.php?rest_route=\/wp\/v2\/posts\/43212","targetHints":{"allow":["GET"]}}],"collection":[{"href":"https:\/\/zonenklaus.de\/wordpress\/index.php?rest_route=\/wp\/v2\/posts"}],"about":[{"href":"https:\/\/zonenklaus.de\/wordpress\/index.php?rest_route=\/wp\/v2\/types\/post"}],"author":[{"embeddable":true,"href":"https:\/\/zonenklaus.de\/wordpress\/index.php?rest_route=\/wp\/v2\/users\/6"}],"replies":[{"embeddable":true,"href":"https:\/\/zonenklaus.de\/wordpress\/index.php?rest_route=%2Fwp%2Fv2%2Fcomments&post=43212"}],"version-history":[{"count":5,"href":"https:\/\/zonenklaus.de\/wordpress\/index.php?rest_route=\/wp\/v2\/posts\/43212\/revisions"}],"predecessor-version":[{"id":43222,"href":"https:\/\/zonenklaus.de\/wordpress\/index.php?rest_route=\/wp\/v2\/posts\/43212\/revisions\/43222"}],"wp:attachment":[{"href":"https:\/\/zonenklaus.de\/wordpress\/index.php?rest_route=%2Fwp%2Fv2%2Fmedia&parent=43212"}],"wp:term":[{"taxonomy":"category","embeddable":true,"href":"https:\/\/zonenklaus.de\/wordpress\/index.php?rest_route=%2Fwp%2Fv2%2Fcategories&post=43212"},{"taxonomy":"post_tag","embeddable":true,"href":"https:\/\/zonenklaus.de\/wordpress\/index.php?rest_route=%2Fwp%2Fv2%2Ftags&post=43212"}],"curies":[{"name":"wp","href":"https:\/\/api.w.org\/{rel}","templated":true}]}}