{"id":43520,"date":"2025-03-06T23:06:32","date_gmt":"2025-03-06T22:06:32","guid":{"rendered":"https:\/\/zonenklaus.de\/wordpress\/?p=43520"},"modified":"2025-03-08T18:26:07","modified_gmt":"2025-03-08T17:26:07","slug":"asier-sanz-gewann-den-preis-beim-brasilianischen-saleo-medplan-de-humor","status":"publish","type":"post","link":"https:\/\/zonenklaus.de\/wordpress\/?p=43520","title":{"rendered":"Asier Sanz gewann den Preis beim brasilianischen \u201eSal\u00e9o Medplan de Humor\u201c"},"content":{"rendered":"<p>Wir k\u00f6nnen hier gerade eine identische Entwicklung verfolgen, welche bei Donald T. vor \u00fcber 8 Jah\u00adren begann. Da momentan jemand gleicher Preislage, wie Ph\u00f6nix irgendwo aufstieg, n\u00e4mlich aus der undurchsichtigen gesellschaftlichen Mixtur des Schn\u00e4ppchentisches f\u00fcr demokrat<i><b>ur<\/b><\/i>ische Be\u00adlanglosigkeiten, in hiesiger Bananerepublik, nun der tr\u00fcgerischen Meinung anh\u00e4ngt, von den Massen aller ehemaligen\u00a0Kanzlerkandidaten<b>*<\/b><sup><b>INNERINNEN usw. u.\u00e4. <\/b><\/sup><span style=\"font-size: xx-small;\"><b>(<\/b>Genderei finde ich zum Kotzen abgrundtief geil!<b>)<\/b><\/span>, sich mit Hilfe von denkunm\u00f6glichen Tricks, endlich auf den Schild der Macht hie\u00adven zu k\u00f6nnen.<br \/>\nScheinbar auch noch der Illusion aufsitzt, es zu probieren, wie weiland es <i>Hieronymus Carl Frie\u00addrich Freiherr von M\u00fcnchhausen, <\/i>der sich am eigenen Schopf aus dem Sumpf zerrte.<a href=\"https:\/\/de.wikipedia.org\/wiki\/Hieronymus_Carl_Friedrich_von_M%C3%BCnchhausen\"> Weit ab vom Format des erlauchten Baron\u00b4s<\/a>, ben\u00f6tigt der recht gro\u00dfm\u00e4ulige Augur, allerdings jede Menge Hel\u00adfershelfer, weil er vorher auf ein ganz falsches Pferd gesetzt hatte. Aber eigentlich weiter den Gaul an seiner Trense zur Schau stellt, weil er n\u00e4mlich immer noch nicht wei\u00df, wie es weitergehen soll&#8230;<\/p>\n<p>Bin noch damit besch\u00e4ftigt, jenes phantastische Objekt vom spanischen Humoristen und Illustrator <a href=\"https:\/\/www.google.com\/search?num=10&amp;newwindow=1&amp;client=firefox-b-d&amp;sca_esv=78e08cdea5a5087c&amp;sxsrf=AHTn8zrhayRn4U91ksHsDvbpnG1mstbUZw:1741297951401&amp;q=asier+sanz+caricatura&amp;udm=2&amp;fbs=ABzOT_DDfJxgmsKFIwrWKcoyw2Rf7ED7CYyDAoRz3agYVnoe8UVw8adpCRzSzq6xx654mB8SrwXfVVO-7Tv6OBhK4S8C3f-Zbgt3_KWeEqX-sQ3aLUU3Ua62XuTpxcz1JM1IZergwPbLrAzN2MJhkqeOzLLh8dwDF-2ltDhwsYnHhtW1AGQDkG8gsII3tg2tvhWGmA6v8SOO&amp;sa=X&amp;ved=2ahUKEwjHm92uuPaLAxXSR_EDHRjkBrMQtKgLegQIEhAB&amp;biw=1280&amp;bih=539&amp;dpr=1.5\">Asier Sanz<\/a>, entsprechend umzumodeln&#8230;<br \/>\nHier erst mal das Original:<br \/>\n<img loading=\"lazy\" decoding=\"async\" class=\"alignnone size-large wp-image-43521\" src=\"https:\/\/zonenklaus.de\/wordpress\/wp-content\/uploads\/2025\/03\/T-R-U-M-P-ori-621x1024.jpg\" alt=\"\" width=\"621\" height=\"1024\" srcset=\"https:\/\/zonenklaus.de\/wordpress\/wp-content\/uploads\/2025\/03\/T-R-U-M-P-ori-621x1024.jpg 621w, https:\/\/zonenklaus.de\/wordpress\/wp-content\/uploads\/2025\/03\/T-R-U-M-P-ori-182x300.jpg 182w, https:\/\/zonenklaus.de\/wordpress\/wp-content\/uploads\/2025\/03\/T-R-U-M-P-ori-91x150.jpg 91w, https:\/\/zonenklaus.de\/wordpress\/wp-content\/uploads\/2025\/03\/T-R-U-M-P-ori-768x1266.jpg 768w, https:\/\/zonenklaus.de\/wordpress\/wp-content\/uploads\/2025\/03\/T-R-U-M-P-ori-932x1536.jpg 932w, https:\/\/zonenklaus.de\/wordpress\/wp-content\/uploads\/2025\/03\/T-R-U-M-P-ori-624x1028.jpg 624w, https:\/\/zonenklaus.de\/wordpress\/wp-content\/uploads\/2025\/03\/T-R-U-M-P-ori.jpg 1136w\" sizes=\"auto, (max-width: 621px) 100vw, 621px\" \/><\/p>\n","protected":false},"excerpt":{"rendered":"<p>Wir k\u00f6nnen hier gerade eine identische Entwicklung verfolgen, welche bei Donald T. vor \u00fcber 8 Jah\u00adren begann. Da momentan jemand gleicher Preislage, wie Ph\u00f6nix irgendwo aufstieg, n\u00e4mlich aus der undurchsichtigen gesellschaftlichen Mixtur des Schn\u00e4ppchentisches f\u00fcr demokraturische Be\u00adlanglosigkeiten, in hiesiger Bananerepublik, nun der tr\u00fcgerischen Meinung anh\u00e4ngt, von den Massen aller ehemaligen\u00a0Kanzlerkandidaten*INNERINNEN usw. u.\u00e4. (Genderei finde ich [&hellip;]<\/p>\n","protected":false},"author":6,"featured_media":0,"comment_status":"open","ping_status":"open","sticky":false,"template":"","format":"standard","meta":{"footnotes":""},"categories":[55],"tags":[],"class_list":["post-43520","post","type-post","status-publish","format-standard","hentry","category-alltaeglicher-wahnwitz"],"_links":{"self":[{"href":"https:\/\/zonenklaus.de\/wordpress\/index.php?rest_route=\/wp\/v2\/posts\/43520","targetHints":{"allow":["GET"]}}],"collection":[{"href":"https:\/\/zonenklaus.de\/wordpress\/index.php?rest_route=\/wp\/v2\/posts"}],"about":[{"href":"https:\/\/zonenklaus.de\/wordpress\/index.php?rest_route=\/wp\/v2\/types\/post"}],"author":[{"embeddable":true,"href":"https:\/\/zonenklaus.de\/wordpress\/index.php?rest_route=\/wp\/v2\/users\/6"}],"replies":[{"embeddable":true,"href":"https:\/\/zonenklaus.de\/wordpress\/index.php?rest_route=%2Fwp%2Fv2%2Fcomments&post=43520"}],"version-history":[{"count":6,"href":"https:\/\/zonenklaus.de\/wordpress\/index.php?rest_route=\/wp\/v2\/posts\/43520\/revisions"}],"predecessor-version":[{"id":43529,"href":"https:\/\/zonenklaus.de\/wordpress\/index.php?rest_route=\/wp\/v2\/posts\/43520\/revisions\/43529"}],"wp:attachment":[{"href":"https:\/\/zonenklaus.de\/wordpress\/index.php?rest_route=%2Fwp%2Fv2%2Fmedia&parent=43520"}],"wp:term":[{"taxonomy":"category","embeddable":true,"href":"https:\/\/zonenklaus.de\/wordpress\/index.php?rest_route=%2Fwp%2Fv2%2Fcategories&post=43520"},{"taxonomy":"post_tag","embeddable":true,"href":"https:\/\/zonenklaus.de\/wordpress\/index.php?rest_route=%2Fwp%2Fv2%2Ftags&post=43520"}],"curies":[{"name":"wp","href":"https:\/\/api.w.org\/{rel}","templated":true}]}}