{"id":44050,"date":"2025-08-18T00:00:32","date_gmt":"2025-08-17T23:00:32","guid":{"rendered":"https:\/\/zonenklaus.de\/wordpress\/?p=44050"},"modified":"2025-08-19T11:37:26","modified_gmt":"2025-08-19T10:37:26","slug":"oller-gammeliger-wein-in-neuen-schlaeuchen","status":"publish","type":"post","link":"https:\/\/zonenklaus.de\/wordpress\/?p=44050","title":{"rendered":"Oller gammeliger Wein in neuen Schl\u00e4uchen&#8230;"},"content":{"rendered":"<p>Bei der neuerlichen <i>Assemblage <\/i>handelt es sich lediglich um einen obskuren <i>Polit-Verschnitt, <\/i>den ein H\u00e4ufchen\u00a0<em>gro\u00dfkotziger <\/em><i>europ\u00e4ischer Egomanen<\/i>, dem Rest der Welt wiedermal als <a href=\"https:\/\/de.wikipedia.org\/wiki\/Koalition_der_Willigen\"><i>Koalition der Willigen<\/i><\/a> unterschieben wollen<i>&#8230;\u00a0<\/i><br \/>\n<i>Wat <\/i>soll eigentlich jene seltsam bescheuerte <i>Fach<\/i>(<span style=\"font-family: Times New Roman, serif;\">\u2048<\/span><span style=\"font-family: Times New Roman, serif;\">)<\/span><i>terminologie<\/i><span style=\"font-family: Times New Roman, serif;\"><i>\u2047<\/i><\/span><span style=\"font-family: Times New Roman, serif;\"> Die Nasen tun ja gerade so, als ob sie unter gro\u00dfen Schwierigkeiten gerade dabei sind, das Rad neu zu erfinden. <\/span><br \/>\nIm Rudel befinden sich, vornweg nach <i>inoffizieller Rangfolge <\/i>uNSERER bundesgermanischen Gefilde, die Nummer (III), <em>das<\/em> Bundeskanzler Herr <i>Fritze Merz <\/i><span style=\"font-size: xx-small;\"><b>(<\/b><\/span><span style=\"font-size: xx-small;\">CDU<\/span><span style=\"font-size: xx-small;\"><b>)<\/b><\/span><i>,<\/i> unter ferner liefen weitere europ\u00e4ische<em> Spitzen<\/em>politiker, selbstverst\u00e4ndlich mit Quotenfrau<em>ch<\/em>en<em>s<\/em>!<br \/>\nWeiterhin der <i>franz\u00f6sische <\/i>Monsieur le pr\u00e9sident<i> Emmanuel Macron<\/i>, die <i>italienische Ministerpr\u00e4sidentin Georgia Meloni<\/i>, der <i>britische Premierminister Keir Starmer<\/i> und der <i>finnische Pr\u00e4sident Alexander Stubb<\/i>, ebenso <i>NATO-Generalsekret\u00e4r Rutte<\/i>&#8230;<br \/>\nEs werden sich bestimmt noch ein paar zus\u00e4tzliche E<i>ks<\/i>perten auftreiben lassen, damit sie <span lang=\"uk-UA\"><em>\u0412\u043e\u043b\u043e\u0434\u0438\u043c\u0438\u0440 \u041e\u043b\u0435\u043a\u0441\u0430\u043d\u0434\u0440\u043e\u0432\u0438\u0447 \u0417\u0435\u043b\u0435\u043d\u0441\u044c\u043a\u0438\u0439<\/em>, <\/span><span lang=\"de-DE\">unter Zeugen, <\/span>auch wirklich im Wei\u00dfen Haus abliefern k\u00f6nnen.<br \/>\nFrage mich allerdings, wozu jener m\u00c4CHTIG gEWALTIGE Aufwand<strong>?<\/strong><br \/>\nKann es sein, dass es lediglich darum geht, noch geschwind auf der Pisse von <em>\u0412\u043b\u0430\u0434\u0438\u043c\u0438\u0440 \u0412\u043b\u0430\u0434\u0438\u043c\u0438\u0440\u043e\u0432\u0438\u0447 \u041f\u0443\u0442\u0438\u043d<\/em> Kahn zufahren, ehe sie wieder versiegt, damit weltweit werkelnde <i>gef\u00e4lligkeitsjournalistische Medienmeuten<\/i> noch etwas aufschnappen k\u00f6nnen.<!--more--><br \/>\nDenn so schnell wird es garantiert nicht wieder vorkommen, dass solch untert\u00e4nig agierende Masse aus der <i>alten Welt<\/i>, den <em>m\u00e4chtigsten<\/em> aller Pr\u00e4sidenten uNSERER eRDENSCHEIBE, mit Hilfe von vollkommen undurchsichtigen und niemals zu verwirklichenden Treueschw\u00fcren, dringend f\u00fcr ihrer Tour als <em>Lotse<\/em> und <em>F\u00e4hrmann<\/em> anflehen wollen&#8230;<br \/>\nMuss abschlie\u00dfend noch eine Nebens\u00e4chlichkeit ablassen.<br \/>\nSelbige Aussage hat aber nichts damit zu tun, nur weil ich mir nach der <em>dritten Impfung<\/em> eine Macke einfing. Denn die damit verbundene Lethargie hat noch andere Gr\u00fcnde. Da es mich obendrein m\u00e4chtig ankotzt, dass sich vor Jahrzehnten der gesamte Westen, w\u00e4hrend der <em>Gorbatschow-\u00c4ra<\/em>, mehr um die Frisur seiner Gattin k\u00fcmmerte, als den m\u00f6glichen Wandel irgendwie zu begreifen, mit dem der <i>ehemalige Genosse<\/i> hausieren ging. Man lie\u00df ihn doch auf Schritt und Tritt, nur als l\u00e4stigen Bittsteller auflaufen&#8230;<br \/>\nBin aber jetzt wirklich gespannt, wer von Auguren<b>*<\/b><sup><b>INNERINNEN usw. u.\u00e4. <\/b><\/sup>, am Schluss der angedachten <i>Masturbationsperformance<\/i>, nach seinen dortigen <i>Verbalwi<\/i>x<i>ereien<\/i>, am ehesten der witzigen Figur des italienischen Kinderbuchautors <a href=\"https:\/\/de.wikipedia.org\/wiki\/Carlo_Collodi\">Carlo Collodi<\/a> gleichen wird.<br \/>\nBesonders diese Leute, vor denen<em> Gro\u00dfmutter m\u00fctterlicherseits<\/em> \u00f6fters warnte &#8211; sie meinte damit Fluten von\u00a0 <a href=\"https:\/\/www.flickr.com\/photos\/zonenklaus\/7494234060\/in\/photolist-2i2yKqa-2i2yQKo-2i2CiVZ-2hZz6BN-2i2Bg1w-2hZAfWo-2hZz6Dm-2hZwDce-2hZwDJG-2i2yKAk-2i2yMU8-2i2Cgvi-2hZAiR6-2hZwDnE-2hZAiPT-2i2CghN-2hZAg2J-2hZz6R5-2hZz91f-2hZwF3d-2hZwDEd-2i2yMWH-2hZAhpo-2hZAgcP-2i2CgoK-2i2yMSj-2i2Bdmy-2hZwEXy-2i2yNdz-2hZAg5K-2hZwEUn-2i2Ciws-2hZz7UN-2i2CgjM-2hZAg97-2hZwEQj-2i2yKRR-2i2BaT7-2i2yMFs-2i2BfWt-2i2yQJB-2i2Bg5e-2i2CmjB-2i2BfV6-2i2Bg2d-2i2yQPX-2i2CmwW-2i2Bg7d-wVFxrp-cqeUG5\"><i>Empork\u00f6mmlinge<\/i><\/a>: <i>Gott sch\u00fctze uns vor Sturm und Wind &#8211; und Proleten, die was geworden sind<\/i><b>!<\/b><br \/>\nSchnappte als fr\u00fchreifes B\u00fcrschchen, in dem Zusammenhang eine Erg\u00e4nzung vom Opa auf, besonders wenn seine <em>Tochter, <\/em>dieses <em>widerlich rote Mistst\u00fcck<\/em> anwesend war!<br \/>\n\u2026 <i>&#8211; und Proleten die vorgeben, dass sie etwas geworden sind<\/i><b>!<\/b><\/p>\n<p>Dazu noch etwas von einem ganz gewissen Dichter, meine im Moment aber keinen <i>GasWasserSchei\u00dfeMonteur<\/i>!<br \/>\nJener Herr packte es damals in folgende zeitlose Worte, denen sich Myriaden von <i>arrivierten Proletenablegern<\/i> bereits l\u00e4nger und in allen Lebenslagen, wichtiger denn je, sehr anheimelnd und forsch hingeben, weil ihnen nichts anderes \u00fcbrig bleibt. Da sie nun <i>entsprechend privilegiert<\/i>, alle pr\u00e4genden Tage als <em>Heranwachsende<\/em>, zwanghaft in Vergessenheit bringen wollen.<br \/>\nAlldieweil ihrer Kinderstuben, teilweise sogar unter saum\u00e4\u00dfigen Umst\u00e4nden, lediglich aus Ecken in dunklen Flure bestanden&#8230;<\/p>\n<p><strong> &#8211; <\/strong>Mit<i> seltsamen Geb\u00e4rden<\/i><br \/>\n<i>Gibt man sich viele Pein,<\/i><br \/>\n<i>Kein Mensch will etwas werden,<\/i><br \/>\n<i>Ein jeder will schon was sein.<\/i><\/p>\n<p>Ach so!<br \/>\nMan muss sich nicht nur an den immer wiederkehrenden <i>Donquichotterien<\/i> der Stare erg\u00f6tzen, denn eigentlich gen\u00fcgt auch ein kurzer Blick auf das Agieren der <i>Herr<\/i>&#8211; und <i>Dam<\/i>schaften in unmittelbarer Umgebung!<\/p>\n<p>Was hatte ich in den absolut jungen Jahren alles f\u00fcr Spr\u00fcche gebunkert. dessen ungeachtet kam in den Tagen dazu, dass ich mit Radiobasteleien begann und gleichzeitig ein gro\u00dfer <a href=\"https:\/\/de.wikipedia.org\/wiki\/RIAS\">RIAS<\/a>-Fan wurde.<\/p>\n<p>Hier noch etwas zum Amiland:\u00a0<a href=\"https:\/\/zonenklaus.de\/wordpress\/?s=Amerikafibel\">Mehrere \u00e4ltere Schriebe von mir..<\/a>.<\/p>\n","protected":false},"excerpt":{"rendered":"<p>Bei der neuerlichen Assemblage handelt es sich lediglich um einen obskuren Polit-Verschnitt, den ein H\u00e4ufchen\u00a0gro\u00dfkotziger europ\u00e4ischer Egomanen, dem Rest der Welt wiedermal als Koalition der Willigen unterschieben wollen&#8230;\u00a0 Wat soll eigentlich jene seltsam bescheuerte Fach(\u2048)terminologie\u2047 Die Nasen tun ja gerade so, als ob sie unter gro\u00dfen Schwierigkeiten gerade dabei sind, das Rad neu zu erfinden. [&hellip;]<\/p>\n","protected":false},"author":6,"featured_media":0,"comment_status":"open","ping_status":"open","sticky":false,"template":"","format":"standard","meta":{"footnotes":""},"categories":[55],"tags":[],"class_list":["post-44050","post","type-post","status-publish","format-standard","hentry","category-alltaeglicher-wahnwitz"],"_links":{"self":[{"href":"https:\/\/zonenklaus.de\/wordpress\/index.php?rest_route=\/wp\/v2\/posts\/44050","targetHints":{"allow":["GET"]}}],"collection":[{"href":"https:\/\/zonenklaus.de\/wordpress\/index.php?rest_route=\/wp\/v2\/posts"}],"about":[{"href":"https:\/\/zonenklaus.de\/wordpress\/index.php?rest_route=\/wp\/v2\/types\/post"}],"author":[{"embeddable":true,"href":"https:\/\/zonenklaus.de\/wordpress\/index.php?rest_route=\/wp\/v2\/users\/6"}],"replies":[{"embeddable":true,"href":"https:\/\/zonenklaus.de\/wordpress\/index.php?rest_route=%2Fwp%2Fv2%2Fcomments&post=44050"}],"version-history":[{"count":7,"href":"https:\/\/zonenklaus.de\/wordpress\/index.php?rest_route=\/wp\/v2\/posts\/44050\/revisions"}],"predecessor-version":[{"id":44059,"href":"https:\/\/zonenklaus.de\/wordpress\/index.php?rest_route=\/wp\/v2\/posts\/44050\/revisions\/44059"}],"wp:attachment":[{"href":"https:\/\/zonenklaus.de\/wordpress\/index.php?rest_route=%2Fwp%2Fv2%2Fmedia&parent=44050"}],"wp:term":[{"taxonomy":"category","embeddable":true,"href":"https:\/\/zonenklaus.de\/wordpress\/index.php?rest_route=%2Fwp%2Fv2%2Fcategories&post=44050"},{"taxonomy":"post_tag","embeddable":true,"href":"https:\/\/zonenklaus.de\/wordpress\/index.php?rest_route=%2Fwp%2Fv2%2Ftags&post=44050"}],"curies":[{"name":"wp","href":"https:\/\/api.w.org\/{rel}","templated":true}]}}