{"id":44092,"date":"2025-08-21T21:51:05","date_gmt":"2025-08-21T20:51:05","guid":{"rendered":"https:\/\/zonenklaus.de\/wordpress\/?p=44092"},"modified":"2025-08-21T23:56:57","modified_gmt":"2025-08-21T22:56:57","slug":"selbstverfreilich-sehe-ich-es-ebenso-dagobert-trump-muss-zwingend-irgendwie-den-friedensnobelpreis-erhalten","status":"publish","type":"post","link":"https:\/\/zonenklaus.de\/wordpress\/?p=44092","title":{"rendered":"Selbstverfreilich sehe ich es ebenso, Dagobert Trump muss zwingend irgendwie den Friedensnobelpreis erhalten!"},"content":{"rendered":"<p>Schon deshalb, damit der fortw\u00e4hrende<a href=\"https:\/\/www.nzz.ch\/feuilleton\/donald-trump-traeumt-vom-nobelpreis-ld.1897774\"> schr\u00e4ge Sinn<\/a> des metallenen <i>Friedens-Br\u00f6sels<\/i> sich nun endlich vollkommen aufl\u00f6sen kann.<br \/>\nNebenher h\u00e4tte ich noch zwei andere Aspiranten f\u00fcr jenen Geck in der Trickkiste: \u0412\u043b\u0430\u0434\u0438\u043c\u0438\u0440 \u0412\u043b\u0430\u0434\u0438\u043c\u0438\u0440\u043e\u0432\u0438\u0447 \u041f\u0443\u0442\u0438\u043d und Benjamin \u201eBibi\u201c Netanjahu <span style=\"font-family: Tahoma;\">\u05d1\u05e0\u05d9\u05de\u05d9\u05df <\/span>(<span style=\"font-family: Tahoma;\">\u05d1\u05d9\u05d1\u05d9<\/span>) <span style=\"font-family: Tahoma;\">\u05e0\u05ea\u05e0\u05d9\u05d4\u05d5<\/span>!<br \/>\nW\u00e4re mittlerweile bestimmt auch im Sinn von <i><a href=\"https:\/\/de.wikipedia.org\/wiki\/Bertha_von_Suttner\">Bertha Sophia Felicita Freifrau von Suttner<\/a>, geborene Gr\u00e4fin Kinsky von Wchinitz und Tettau. <\/i><br \/>\nWenn es letztlich nur um den <i>Ami-Pr\u00e4sidenten<\/i> ginge, sollte der \u201ePreis\u201c allerdings entsprechend umgemodelt werden &#8211; verziert mit <i>Eichenlaub, Schwertern<\/i> und <i>Diamanten<\/i>!<br \/>\nGleichzeitig sollte man f\u00fcr <span lang=\"uk-UA\"><i>\u0412\u043e\u043b\u043e\u0434\u0438\u043c\u0438\u0440 \u041e\u043b\u0435\u043a\u0441\u0430\u043d\u0434\u0440\u043e\u0432\u0438\u0447 \u0417\u0435\u043b\u0435\u043d\u0441\u044c\u043a\u0438\u0439<\/i><\/span> eine entsprechende Ansteckplakette kreieren, von der Gr\u00f6\u00dfe eines Waschkesseldeckels, in Erinnerung an den Helden <span lang=\"ru-RU\"><a href=\"https:\/\/www.youtube.com\/watch?v=O4JXnt4tO-4\">\u0418\u043b\u044c\u044f \u041c\u0443\u0440\u043e\u043c\u0435\u0446<\/a>, <\/span><span lang=\"de-DE\">der damals auch Fremdlinge aus seinem Heimatland scheuchte.<\/span><br \/>\n<span lang=\"de-DE\">Jenen Orden k\u00f6nnte dann das UN-Scheffchen <\/span><span lang=\"de-DE\"><i>Ant\u00f3nio Guterres, <\/i><\/span><span lang=\"de-DE\">im EastRiver-Palaverhaus,<\/span><i> <\/i><span lang=\"de-DE\">ihm am gleichen Tag der Trumpschen Auszeichnung, an sein Revers heften.<\/span><br \/>\n<span lang=\"de-DE\">Alles sollte aber auch mit der Besiegelung eines gr\u00f6\u00dferen, sehr friedvollen Gebietsaustausches verbunden sein! <\/span><br \/>\n<span lang=\"de-DE\">Der wie folgt ablaufen muss: Russland bekommt Alaska zur\u00fcck, die Krim geht an D\u00e4nemark und Gr\u00f6nland wird 51ster Bundesstaat des Amilandes&#8230;<\/span><\/p>\n","protected":false},"excerpt":{"rendered":"<p>Schon deshalb, damit der fortw\u00e4hrende schr\u00e4ge Sinn des metallenen Friedens-Br\u00f6sels sich nun endlich vollkommen aufl\u00f6sen kann. Nebenher h\u00e4tte ich noch zwei andere Aspiranten f\u00fcr jenen Geck in der Trickkiste: \u0412\u043b\u0430\u0434\u0438\u043c\u0438\u0440 \u0412\u043b\u0430\u0434\u0438\u043c\u0438\u0440\u043e\u0432\u0438\u0447 \u041f\u0443\u0442\u0438\u043d und Benjamin \u201eBibi\u201c Netanjahu \u05d1\u05e0\u05d9\u05de\u05d9\u05df (\u05d1\u05d9\u05d1\u05d9) \u05e0\u05ea\u05e0\u05d9\u05d4\u05d5! W\u00e4re mittlerweile bestimmt auch im Sinn von Bertha Sophia Felicita Freifrau von Suttner, geborene Gr\u00e4fin Kinsky [&hellip;]<\/p>\n","protected":false},"author":6,"featured_media":0,"comment_status":"open","ping_status":"open","sticky":false,"template":"","format":"standard","meta":{"footnotes":""},"categories":[55],"tags":[],"class_list":["post-44092","post","type-post","status-publish","format-standard","hentry","category-alltaeglicher-wahnwitz"],"_links":{"self":[{"href":"https:\/\/zonenklaus.de\/wordpress\/index.php?rest_route=\/wp\/v2\/posts\/44092","targetHints":{"allow":["GET"]}}],"collection":[{"href":"https:\/\/zonenklaus.de\/wordpress\/index.php?rest_route=\/wp\/v2\/posts"}],"about":[{"href":"https:\/\/zonenklaus.de\/wordpress\/index.php?rest_route=\/wp\/v2\/types\/post"}],"author":[{"embeddable":true,"href":"https:\/\/zonenklaus.de\/wordpress\/index.php?rest_route=\/wp\/v2\/users\/6"}],"replies":[{"embeddable":true,"href":"https:\/\/zonenklaus.de\/wordpress\/index.php?rest_route=%2Fwp%2Fv2%2Fcomments&post=44092"}],"version-history":[{"count":1,"href":"https:\/\/zonenklaus.de\/wordpress\/index.php?rest_route=\/wp\/v2\/posts\/44092\/revisions"}],"predecessor-version":[{"id":44093,"href":"https:\/\/zonenklaus.de\/wordpress\/index.php?rest_route=\/wp\/v2\/posts\/44092\/revisions\/44093"}],"wp:attachment":[{"href":"https:\/\/zonenklaus.de\/wordpress\/index.php?rest_route=%2Fwp%2Fv2%2Fmedia&parent=44092"}],"wp:term":[{"taxonomy":"category","embeddable":true,"href":"https:\/\/zonenklaus.de\/wordpress\/index.php?rest_route=%2Fwp%2Fv2%2Fcategories&post=44092"},{"taxonomy":"post_tag","embeddable":true,"href":"https:\/\/zonenklaus.de\/wordpress\/index.php?rest_route=%2Fwp%2Fv2%2Ftags&post=44092"}],"curies":[{"name":"wp","href":"https:\/\/api.w.org\/{rel}","templated":true}]}}