{"id":44102,"date":"2025-08-23T11:54:52","date_gmt":"2025-08-23T10:54:52","guid":{"rendered":"https:\/\/zonenklaus.de\/wordpress\/?p=44102"},"modified":"2025-08-26T11:15:24","modified_gmt":"2025-08-26T10:15:24","slug":"44102","status":"publish","type":"post","link":"https:\/\/zonenklaus.de\/wordpress\/?p=44102","title":{"rendered":"Die Berliner &#8220;Mohrenstra\u00dfe&#8221; darf am Samstag nun doch umbenannt werden"},"content":{"rendered":"<p>Aha, nun sind die wichtigen <a href=\"https:\/\/www.rbb24.de\/panorama\/beitrag\/2025\/08\/berlin-mohrenstrasse-darf-umbenannt-werden-oberverwaltungsgericht.html\"><i>\u00a7\u00a7-Heinze<\/i><b>*<\/b><sup><b>INNERINNEN usw. u.\u00e4.<\/b><\/sup><\/a> des Oberverwaltungsgerichtes am Freitag\u00adabend doch eingeknickt, vor dem witzlosen Begehren der <i>w\u00f6nzigen <\/i>Minderheit einer dortigen B\u00fcr\u00adger(?)initiative. Deren <i>Mit<\/i>&#8211; und ohne &#8230;<i>glieder<\/i> behafteten Gruppenangeh\u00f6rigen<b>*<\/b><sup><b>INNERINNEN usw. u.\u00e4<\/b><\/sup> sich nun fr\u00f6hlich ein zweites Loch in ihre Sitzwangen freuen k\u00f6nnen. F\u00fcr jene sehr gelungene und <i>nach\u00adhaltig<\/i> ausufernde Trottligkeit freue ich mich nat\u00fcrlich leicht minder euphorisch mit ihnen, auch ohne bewusstseinserweiternden Drogengenuss und weit entfernt von jeglicher KI!<\/p>\n<p>Hier noch einige Schriebe zu \u00e4hnlich aufgebauschten Prachtfeuerwerken und deren implodierten Sprechblasen:<br \/>\n<a href=\"https:\/\/zonenklaus.de\/wordpress\/?s=Lebkuchenm%C3%A4nn\">Lebkuchenm\u00e4nn\/weibchenchenmord<\/a><br \/>\n<a href=\"https:\/\/zonenklaus.de\/wordpress\/?s=Kriminaltheater\">Kriminaltheater spielt \u201eZehn kleine Negerlein\u201c<\/a><br \/>\n<a href=\"https:\/\/zonenklaus.de\/wordpress\/?p=42902\">Frankfurter Weihnachtsmarkt: \u201eLumumba\u201c wird wegen rassistischer Konnotation (*) umbenannt<\/a><br \/>\n<a href=\"https:\/\/zonenklaus.de\/wordpress\/?p=42895\">Es geht um einen Weihnachtsmarkt-Klassiker: Rassismus-Diskussion um \u201eLumumba\u201c<\/a><\/p>\n","protected":false},"excerpt":{"rendered":"<p>Aha, nun sind die wichtigen \u00a7\u00a7-Heinze*INNERINNEN usw. u.\u00e4. des Oberverwaltungsgerichtes am Freitag\u00adabend doch eingeknickt, vor dem witzlosen Begehren der w\u00f6nzigen Minderheit einer dortigen B\u00fcr\u00adger(?)initiative. Deren Mit&#8211; und ohne &#8230;glieder behafteten Gruppenangeh\u00f6rigen*INNERINNEN usw. u.\u00e4 sich nun fr\u00f6hlich ein zweites Loch in ihre Sitzwangen freuen k\u00f6nnen. F\u00fcr jene sehr gelungene und nach\u00adhaltig ausufernde Trottligkeit freue ich mich [&hellip;]<\/p>\n","protected":false},"author":6,"featured_media":0,"comment_status":"open","ping_status":"open","sticky":false,"template":"","format":"standard","meta":{"footnotes":""},"categories":[1,55],"tags":[],"class_list":["post-44102","post","type-post","status-publish","format-standard","hentry","category-allgemeines","category-alltaeglicher-wahnwitz"],"_links":{"self":[{"href":"https:\/\/zonenklaus.de\/wordpress\/index.php?rest_route=\/wp\/v2\/posts\/44102","targetHints":{"allow":["GET"]}}],"collection":[{"href":"https:\/\/zonenklaus.de\/wordpress\/index.php?rest_route=\/wp\/v2\/posts"}],"about":[{"href":"https:\/\/zonenklaus.de\/wordpress\/index.php?rest_route=\/wp\/v2\/types\/post"}],"author":[{"embeddable":true,"href":"https:\/\/zonenklaus.de\/wordpress\/index.php?rest_route=\/wp\/v2\/users\/6"}],"replies":[{"embeddable":true,"href":"https:\/\/zonenklaus.de\/wordpress\/index.php?rest_route=%2Fwp%2Fv2%2Fcomments&post=44102"}],"version-history":[{"count":5,"href":"https:\/\/zonenklaus.de\/wordpress\/index.php?rest_route=\/wp\/v2\/posts\/44102\/revisions"}],"predecessor-version":[{"id":44129,"href":"https:\/\/zonenklaus.de\/wordpress\/index.php?rest_route=\/wp\/v2\/posts\/44102\/revisions\/44129"}],"wp:attachment":[{"href":"https:\/\/zonenklaus.de\/wordpress\/index.php?rest_route=%2Fwp%2Fv2%2Fmedia&parent=44102"}],"wp:term":[{"taxonomy":"category","embeddable":true,"href":"https:\/\/zonenklaus.de\/wordpress\/index.php?rest_route=%2Fwp%2Fv2%2Fcategories&post=44102"},{"taxonomy":"post_tag","embeddable":true,"href":"https:\/\/zonenklaus.de\/wordpress\/index.php?rest_route=%2Fwp%2Fv2%2Ftags&post=44102"}],"curies":[{"name":"wp","href":"https:\/\/api.w.org\/{rel}","templated":true}]}}