{"id":44250,"date":"2025-09-26T20:23:44","date_gmt":"2025-09-26T19:23:44","guid":{"rendered":"https:\/\/zonenklaus.de\/wordpress\/?p=44250"},"modified":"2025-09-27T10:28:35","modified_gmt":"2025-09-27T09:28:35","slug":"himmelhoch-lebe-die-nachhaltige-verprollung-von-den-weltweit-agierenden-vollpfosten-der-moechtegern-eliten","status":"publish","type":"post","link":"https:\/\/zonenklaus.de\/wordpress\/?p=44250","title":{"rendered":"Himmelhoch lebe die nachhaltige Verprollung von weltweit agierenden Vollpfosten der M\u00f6chtegern-Eliten oder&#8230;!"},"content":{"rendered":"<p>Sie sind mittlerweile auch die Vorbilder f\u00fcr den P\u00f6bel <a href=\"https:\/\/www.flickr.com\/photos\/zonenklaus\/albums\/72157691162796593\">ganz unten<\/a>!<br \/>\nSehr schnell haben ebenso die <i>invasiven Schwarzk\u00f6pfe<\/i> in unseren Gefilden selbige Verhaltenswei\u00adsen verinnerlicht&#8230;<br \/>\nJene Headline, meine Prognose von MORGEN, get\u00e4tigt vor 18 Jahren, in Form jenes nackten <i>Pleitegeiers,<\/i> ist nun schon lange HEUTE! Da wird sich auch nichts mehr zum Guten wenden, denn die Zukunft ist schon lange nicht mehr so, wie sie sich fr\u00fcher zeitweise pr\u00e4sentierte!<br \/>\n<a href=\"https:\/\/zonenklaus.de\/wordpress\/wp-content\/uploads\/2025\/09\/00001a.jpg\"><img loading=\"lazy\" decoding=\"async\" class=\"size-medium wp-image-44257 aligncenter\" src=\"https:\/\/zonenklaus.de\/wordpress\/wp-content\/uploads\/2025\/09\/00001a-300x205.jpg\" alt=\"\" width=\"300\" height=\"205\" srcset=\"https:\/\/zonenklaus.de\/wordpress\/wp-content\/uploads\/2025\/09\/00001a-300x205.jpg 300w, https:\/\/zonenklaus.de\/wordpress\/wp-content\/uploads\/2025\/09\/00001a-1024x699.jpg 1024w, https:\/\/zonenklaus.de\/wordpress\/wp-content\/uploads\/2025\/09\/00001a-150x102.jpg 150w, https:\/\/zonenklaus.de\/wordpress\/wp-content\/uploads\/2025\/09\/00001a-768x524.jpg 768w, https:\/\/zonenklaus.de\/wordpress\/wp-content\/uploads\/2025\/09\/00001a-624x426.jpg 624w, https:\/\/zonenklaus.de\/wordpress\/wp-content\/uploads\/2025\/09\/00001a.jpg 1196w\" sizes=\"auto, (max-width: 300px) 100vw, 300px\" \/><\/a><\/p>\n","protected":false},"excerpt":{"rendered":"<p>Sie sind mittlerweile auch die Vorbilder f\u00fcr den P\u00f6bel ganz unten! Sehr schnell haben ebenso die invasiven Schwarzk\u00f6pfe in unseren Gefilden selbige Verhaltenswei\u00adsen verinnerlicht&#8230; Jene Headline, meine Prognose von MORGEN, get\u00e4tigt vor 18 Jahren, in Form jenes nackten Pleitegeiers, ist nun schon lange HEUTE! Da wird sich auch nichts mehr zum Guten wenden, denn die [&hellip;]<\/p>\n","protected":false},"author":6,"featured_media":0,"comment_status":"open","ping_status":"open","sticky":false,"template":"","format":"standard","meta":{"footnotes":""},"categories":[55],"tags":[],"class_list":["post-44250","post","type-post","status-publish","format-standard","hentry","category-alltaeglicher-wahnwitz"],"_links":{"self":[{"href":"https:\/\/zonenklaus.de\/wordpress\/index.php?rest_route=\/wp\/v2\/posts\/44250","targetHints":{"allow":["GET"]}}],"collection":[{"href":"https:\/\/zonenklaus.de\/wordpress\/index.php?rest_route=\/wp\/v2\/posts"}],"about":[{"href":"https:\/\/zonenklaus.de\/wordpress\/index.php?rest_route=\/wp\/v2\/types\/post"}],"author":[{"embeddable":true,"href":"https:\/\/zonenklaus.de\/wordpress\/index.php?rest_route=\/wp\/v2\/users\/6"}],"replies":[{"embeddable":true,"href":"https:\/\/zonenklaus.de\/wordpress\/index.php?rest_route=%2Fwp%2Fv2%2Fcomments&post=44250"}],"version-history":[{"count":4,"href":"https:\/\/zonenklaus.de\/wordpress\/index.php?rest_route=\/wp\/v2\/posts\/44250\/revisions"}],"predecessor-version":[{"id":44258,"href":"https:\/\/zonenklaus.de\/wordpress\/index.php?rest_route=\/wp\/v2\/posts\/44250\/revisions\/44258"}],"wp:attachment":[{"href":"https:\/\/zonenklaus.de\/wordpress\/index.php?rest_route=%2Fwp%2Fv2%2Fmedia&parent=44250"}],"wp:term":[{"taxonomy":"category","embeddable":true,"href":"https:\/\/zonenklaus.de\/wordpress\/index.php?rest_route=%2Fwp%2Fv2%2Fcategories&post=44250"},{"taxonomy":"post_tag","embeddable":true,"href":"https:\/\/zonenklaus.de\/wordpress\/index.php?rest_route=%2Fwp%2Fv2%2Ftags&post=44250"}],"curies":[{"name":"wp","href":"https:\/\/api.w.org\/{rel}","templated":true}]}}