{"id":44326,"date":"2025-10-09T20:44:22","date_gmt":"2025-10-09T19:44:22","guid":{"rendered":"https:\/\/zonenklaus.de\/wordpress\/?p=44326"},"modified":"2025-10-10T10:02:13","modified_gmt":"2025-10-10T09:02:13","slug":"deutsche-welle-natur-und-umwelt-%e2%94%82deutschland","status":"publish","type":"post","link":"https:\/\/zonenklaus.de\/wordpress\/?p=44326","title":{"rendered":"DEUTSCHE WELLE &#8211; Natur und Umwelt \u2502Deutschland"},"content":{"rendered":"<p>Steht die &#8220;Zu Verschenken&#8221;-Kultur in Berlin vor dem Aus?<br \/>\n&#8211;<a href=\"https:\/\/www.dw.com\/de\/steht-die-zu-verschenken-kultur-in-berlin-vor-dem-aus-illegaler-muell-bu%C3%9Fgelder-recycling-v3\/a-74214265\"> Josh Axelrod &#8211; 07.10.20257. Oktober 2025<\/a><br \/>\n<i>Beliebte Praxis in Berlin: Viele Leute stellen noch brauchbare Dinge vor das Haus und die kann jeder bei Bedarf mitnehmen. Jetzt drohen hohe Bu\u00dfgelder, weil zu viel illegaler M\u00fcll entsorgt werden muss. Bringt das was?<\/i><br \/>\n\u25ba <span style=\"font-family: Times New Roman, serif;\">Zum Artikel h\u00e4nge ich hier nur die Erkl\u00e4rung rein, welche in meinem FLICKR-Album unter folgendem Namen zu finden ist: \u201e<a href=\"https:\/\/www.flickr.com\/photos\/zonenklaus\/albums\/72157691162796593\/\">M\u00dcLLti-K\u00fclti oder nicht<\/a>?\u201c <\/span><\/p>\n<p>Werde \u00f6fters darauf angesprochen, weshalb ich jene Bilder unter \u201eM\u00dcLLti-K\u00fclti\u201c abbuche.<br \/>\nIst eigentlich kein korrektes Thema, denn andersherum wird ein Schuh draus!<br \/>\nHandelt es sich vielleicht um einen stillen Protest der <i>zufriedenen Sklaven <\/i>UNSERER hiesigen Re\u00adpublik \u00fcber die Schei\u00dfpolitik der <i>sog. Polit-Stare<\/i> von oben? Oder muss man alles umgekehrt be\u00adtrachten, nach der Devise: <b>\u201e<\/b>Wie der Herre, so\u00b4s Gescherre!<b>\u201c<\/b> \u263a?<br \/>\nEs hat folgende Bewandtnis&#8230;<br \/>\nAls ich Ende 1975 in Westberlin aufschlug, war ich total platt, wie sauber sich die <i>Coca-Cola-Sek\u00adtoren<\/i> pr\u00e4sentierten. Gut, es gab schon gewisse Unterschiede zwischen den ehemaligen <i>brit.<\/i>, <i>franz.<\/i> <i>Sektoren<\/i> und der <i>amerik. Einflusssph\u00e4re<\/i> in <i><b>+<\/b><\/i><i>Berg und Neuk\u00f6lln<\/i>&#8230;<br \/>\nWobei die letztgenannten Stadtteile damals trotzdem noch nicht so weit vermistet waren, was Dreck und M\u00fcll in ganzen Stra\u00dfenz\u00fcgen vom <i>Prenzelgebirge,<\/i> <i>Friedrichshain<\/i> und <i>Mitte<\/i> betrafen, in jener <i>Hauptstadt<\/i> der <i>Deutschn Demokratschen Replik<\/i>.<br \/>\nHeutzutage haben das verschlafen<b>\/<\/b>beschauliche <i>Wilmersdorf<\/i> und <i>Charlottenburg <\/i>aber die drei vor\u00adherig erw\u00e4hnten Stadtteile des ehemaligen <i>sowj. Sektors<\/i> sogar weit \u00fcberrundet!<br \/>\nMittlerweile schwappt der M\u00fcll auf den Stra\u00dfen selbst in jedwede ehemaligen gro\u00dfb\u00fcrgerlichen Ge\u00adfilde \u00fcber&#8230;<br \/>\nAb 1977 lebte ich <a href=\"https:\/\/zonenklaus.de\/wordpress\/?s=n%C3%A4chtliche+Entsorgung\">fast f\u00fcnf Jahre im <i>G\u00fcntzel-Kiez<\/i><\/a>. In dieser Zeit befanden sich an jeder zweiten La\u00adterne Papierk\u00f6rbe ohne diese idiotischen Spr\u00fcche, welche regelm\u00e4\u00dfig geleert wurden &#8211; jede Woche. Rudel von <i>Halbkreis-Ingenieuren <\/i>waren ewig als <i>Besengeschwader<\/i> t\u00e4tig. Zweimal im Jahr sp\u00fclte man die Regenwasserkan\u00e4le durch und es gab mehrfache Sperrm\u00fcllaktionen.<br \/>\nMassenhaft existierten Kneipen, wo man, angefangen vom <i>Proll<\/i>, \u00fcber <i>Akademiker<\/i> und <i>K\u00fcnstlern<\/i>, den gesamten repr\u00e4sentativen Querschnitt UNSERER westlichen Halbstadt treffen konnte.<br \/>\n\u00dcberall gab es Bankfilialen, Post\u00e4mter mit vielmehr Beamten, die unsereins mit recht angenehmen Dienstleistungen begl\u00fcckten.<br \/>\nS\u00e4mtliche Zeitungsl\u00e4den hatten auch noch sonnt\u00e4gliche \u00d6ffnungszeiten&#8230;<br \/>\nBeende hier meine kurz angeschnittenen nostalgischen Betrachtungen!<br \/>\nDa junge Leute, mit ihrer <i>Gnade der sp\u00e4teren Geburt<\/i>, die bereits angeklungenen Begebenheiten von lange erloschener Lebensqualit\u00e4t mir sowieso nicht mehr glauben w\u00fcrden&#8230;<br \/>\nFast s\u00e4mtliche Ablichtungen stammen aus dem hiesigen Kiez, mehrere 100 Meter entfernt, im Umkreis von unserer Wohnung!<!--more--><\/p>\n<p>Muss in dem Zusammenhang noch mal <a href=\"https:\/\/zonenklaus.de\/wordpress\/?p=43989\">zu gesagtem Briefchen<\/a> kommen, denn es fehlen immer noch einige Erg\u00e4nzungen&#8230;<br \/>\n\u263a <em>Da Sie sich jeder Begr\u00fc\u00dfung und dem Gespr\u00e4ch mit uns verweigern, m\u00fcssen wir lhnen auf die\u00adsem Weg schreiben.<\/em>\u00a0\u263a<br \/>\nWarum soll ich eigentlich jede Nase welche mir begegnet gr\u00fc\u00dfen? Monatelang irrten auf dem Grundst\u00fcck Massen von irgendwelche Leuten herum, haufenweise <i>Schwarzk\u00f6ppe <\/i>darunter, die nie auf beliebige zwischenmenschliche Formeln reagierten. Bei jemand der hier im Haus einzog, h\u00e4tte sich diese normale Art von Kommunikation von Anbeginn erledigt gehabt. Einer Geste, eigentlich billigster erzieherischer Fasson, welche es nicht voraussetzt, sich mit <i>Immanuel <\/i>Cu<i>nt\u00b4s<\/i> <b>K<\/b><i>ategori\u00adschem <\/i><b>I<\/b><i>mperativ<\/i> besch\u00e4ftigt zuhaben!<br \/>\nAuf der anderen Seite, fand ich jene Aussage sehr witzig, dass ich mich eines <i>Gespr\u00e4ches verwei\u00adgern w\u00fcrde.<\/i> Darauf kann man doch eigentlich nur irgendwie reagieren, wenn jener dumme Fall Bestand h\u00e4tte, angesprochen zu werden. An ein solches <i>Vorkommnis<\/i> kann ich mich absolut nicht erinnern.<br \/>\nSehr seltsam ist auch jene Formulierung:\u00a0\u263a\u00a0&#8230;<i>m\u00fcssen wir lhnen auf diesem Weg schreiben.\u00a0<\/i>\u263a<br \/>\nZeit meines Lebens konnte ich immer wieder registrieren, dass die wenigsten Zeitgenossen<b>*<\/b><sup><b>INNERIN\u00adNEN usw. u\u00e4. <\/b><\/sup>, nie vermittelt bekamen, Bed\u00fcrfnisse korrekt anzumelden. Wenn ich die <i>stalinistischen<\/i> Erziehungsversuchen der M<i>utter meiner Schwester <\/i>folgsam verinnerlicht h\u00e4tte, w\u00e4re aus mir auch nur ein beliebiger <a href=\"https:\/\/de.wiktionary.org\/wiki\/Stino\"><i>Stino<\/i><\/a> geworden. Gl\u00fccklicherweise kamen die Einfl\u00fcsse ihrer Eltern hinzu, den anderen brauchbaren Rest lernte ich auf der Stra\u00dfe kennen, angefangen beim Bodensatz der Zonen\u00adgesellschaft bis hoch zu Akademikern und K\u00fcnstlern mit antikommunistischen Durchblick. Nicht zu vergessen meine dauerhaft aufkeimende Verachtung dem dortigen System gegen\u00fcber. Beginnend mit 11 Jahren, w\u00e4hrend meiner Radiobastelei und der beginnenden totalen Abwendung von dem ganzen roten Frohsinn.<br \/>\nEntwickelte mich dabei zu einer Art Eulenspiegel, der immer gleich seine Bed\u00fcrfnisse entsprechend anmeldete und wer mir dabei vern\u00fcnftige entgegen kam, denjenigen behandelte ich ebenso. Flach\u00adzangen, in denen ich Idioten erkenne, werden nat\u00fcrlich entsprechend angegangen!<br \/>\nAllerdings f\u00e4llt es mir auch nicht schwer, nach meiner 62j\u00e4hrigen Erkenntnis zu handeln, als mir ein <i>antisozialistisches Individuum<\/i> beibrachte, beginnend mit der Wiederholung einer wichtigen Lebens\u00adweisheit vom Gro\u00dfvater, immer mit offenen Augen und Ohren die Umgebung wahrzunehmen! Hinzu kam damals noch, die Klassifizierung s\u00e4mtlicher Individuen. <i>Dass es wenig Menschen gibt, aber viel Leute, doch die meisten sind lediglich Blablas<\/i>!<br \/>\nMit selbiger Erkenntnis bin ich immer sehr gut gefahren!<br \/>\nDies wurde mir gleich zu Beginn der Korona-Phase wieder klar und da wurde ganz billig gegen gehalten.<br \/>\nHatte zu Beginn jener <a href=\"https:\/\/www.flickr.com\/photos\/zonenklaus\/albums\/72157713516105566\/\"><i>faschistoiden Periode<\/i><\/a> noch ungef\u00e4hr 50 meiner <i><a href=\"https:\/\/www.flickr.com\/photos\/zonenklaus\/54406026093\/in\/album-72157713516105566\">Visitenkarten<\/a>, <\/i>ein halbes Jahr sp\u00e4ter stellte ich mir noch weiter 200 St\u00fcck her, bis heute blieben nur 16 \u00fcbrig&#8230;<\/p>\n<p>Bin aber immer noch nicht ganz fertig,<\/p>\n","protected":false},"excerpt":{"rendered":"<p>Steht die &#8220;Zu Verschenken&#8221;-Kultur in Berlin vor dem Aus? &#8211; Josh Axelrod &#8211; 07.10.20257. Oktober 2025 Beliebte Praxis in Berlin: Viele Leute stellen noch brauchbare Dinge vor das Haus und die kann jeder bei Bedarf mitnehmen. Jetzt drohen hohe Bu\u00dfgelder, weil zu viel illegaler M\u00fcll entsorgt werden muss. Bringt das was? \u25ba Zum Artikel h\u00e4nge [&hellip;]<\/p>\n","protected":false},"author":6,"featured_media":0,"comment_status":"open","ping_status":"open","sticky":false,"template":"","format":"standard","meta":{"footnotes":""},"categories":[55],"tags":[],"class_list":["post-44326","post","type-post","status-publish","format-standard","hentry","category-alltaeglicher-wahnwitz"],"_links":{"self":[{"href":"https:\/\/zonenklaus.de\/wordpress\/index.php?rest_route=\/wp\/v2\/posts\/44326","targetHints":{"allow":["GET"]}}],"collection":[{"href":"https:\/\/zonenklaus.de\/wordpress\/index.php?rest_route=\/wp\/v2\/posts"}],"about":[{"href":"https:\/\/zonenklaus.de\/wordpress\/index.php?rest_route=\/wp\/v2\/types\/post"}],"author":[{"embeddable":true,"href":"https:\/\/zonenklaus.de\/wordpress\/index.php?rest_route=\/wp\/v2\/users\/6"}],"replies":[{"embeddable":true,"href":"https:\/\/zonenklaus.de\/wordpress\/index.php?rest_route=%2Fwp%2Fv2%2Fcomments&post=44326"}],"version-history":[{"count":6,"href":"https:\/\/zonenklaus.de\/wordpress\/index.php?rest_route=\/wp\/v2\/posts\/44326\/revisions"}],"predecessor-version":[{"id":44332,"href":"https:\/\/zonenklaus.de\/wordpress\/index.php?rest_route=\/wp\/v2\/posts\/44326\/revisions\/44332"}],"wp:attachment":[{"href":"https:\/\/zonenklaus.de\/wordpress\/index.php?rest_route=%2Fwp%2Fv2%2Fmedia&parent=44326"}],"wp:term":[{"taxonomy":"category","embeddable":true,"href":"https:\/\/zonenklaus.de\/wordpress\/index.php?rest_route=%2Fwp%2Fv2%2Fcategories&post=44326"},{"taxonomy":"post_tag","embeddable":true,"href":"https:\/\/zonenklaus.de\/wordpress\/index.php?rest_route=%2Fwp%2Fv2%2Ftags&post=44326"}],"curies":[{"name":"wp","href":"https:\/\/api.w.org\/{rel}","templated":true}]}}