{"id":44374,"date":"2025-10-18T22:16:18","date_gmt":"2025-10-18T21:16:18","guid":{"rendered":"https:\/\/zonenklaus.de\/wordpress\/?p=44374"},"modified":"2025-10-19T00:35:23","modified_gmt":"2025-10-18T23:35:23","slug":"antisemitismus-an-saemtlichen-ecken-und-enden-auf-unserer-erdenscheibe","status":"publish","type":"post","link":"https:\/\/zonenklaus.de\/wordpress\/?p=44374","title":{"rendered":"Antisemitismus an s\u00e4mtlichen Ecken und Enden auf UNSERER ERDENSCHEIBE&#8230;"},"content":{"rendered":"<p>\u201eAus euren Haaren haben wir Teppiche gemacht\u201c, habe ein Mann auf dem Campus gerufen<br \/>\nEs handelt sich wirklich nicht um das Gelbe vom Ei, wenn man gegen den allgegenw\u00e4rtigen Antise\u00admitismus heutzutage mit seltsamen Ausw\u00fcchsen von<a href=\"https:\/\/www.deutschlandfunkkultur.de\/philosemitismus-einer-zweifelhaften-zuneigung-auf-der-spur-100.html\"><i> Philosemitismus<\/i><\/a> kontinuierlich Front macht&#8230;<br \/>\n<img loading=\"lazy\" decoding=\"async\" class=\"size-thumbnail wp-image-44375 alignleft\" src=\"https:\/\/zonenklaus.de\/wordpress\/wp-content\/uploads\/2025\/10\/Screenshot-2000-150x70.png\" alt=\"\" width=\"150\" height=\"70\" srcset=\"https:\/\/zonenklaus.de\/wordpress\/wp-content\/uploads\/2025\/10\/Screenshot-2000-150x70.png 150w, https:\/\/zonenklaus.de\/wordpress\/wp-content\/uploads\/2025\/10\/Screenshot-2000-300x140.png 300w, https:\/\/zonenklaus.de\/wordpress\/wp-content\/uploads\/2025\/10\/Screenshot-2000-624x292.png 624w, https:\/\/zonenklaus.de\/wordpress\/wp-content\/uploads\/2025\/10\/Screenshot-2000.png 759w\" sizes=\"auto, (max-width: 150px) 100vw, 150px\" \/>Als ich bei GOOGLE landen wollte, rutschte ich zuf\u00e4llig in jenen Seite von WELT. Verachte jegli\u00adche Art von Werbeeinspielungen, prompt glotzte mich daraufhin auch unverz\u00fcglich ein COMMER\u00adZBANK-Blondinchen an. Gleich darunter fand ich die eigentliche <a href=\"https:\/\/www.welt.de\/politik\/deutschland\/article68f0c22506329773ec6741e0\/aus-euren-haaren-haben-wir-teppiche-gemacht-habe-ein-mann-auf-dem-campus-gerufen.html\">Headline<\/a>, um deren Artikel es eigentlich gehen sollte.<br \/>\nWahrscheinlich ist Reklame doch wichtiger als der folgende Inhalt!<br \/>\nDa fiel mir etwas ein. Erinnerte mich daran, im Zusammenhang mit dem Kopfschmuck, dass ich in meinem damaligen recht gro\u00dfen Rudel in der Zone, der einzige war, der sich freiwillig und tief\u00adgr\u00fcndiger mit den massenhaft vorhandenen Ausw\u00fcchsen des <i>Dritten Reiches<\/i> befasste. So landete ich 1971, bei meiner ersten l\u00e4ngeren Tour durch Polen, auch in Auschwitz. Der Blick in das <i><a href=\"https:\/\/www.theauschwitztours.com\/de\/inside-auschwitz\/\">Zimmer der Haare<\/a>, <\/i>einer etwas gr\u00f6\u00dfere R\u00e4umlichkeit, geh\u00f6rte ebenso dazu&#8230;<br \/>\nWollte \u00fcberhaupt nicht weiter im Netz herumst\u00f6bern, stie\u00df dann doch auf diese <a href=\"https:\/\/www.rbb24.de\/politik\/beitrag\/2025\/10\/berlin-steglitz-strassenumbenennung-antisemitismus.html\">merkw\u00fcrdige Schil\u00adderung,<\/a> welche irgendwie leicht identisch ablief, wie bei jener Umbenennung der <a href=\"https:\/\/www.rbb24.de\/panorama\/beitrag\/2025\/08\/berlin-mohrenstrasse-anton-wilhelm-amo-strasse-umbenennung-fest.html\">M<i><b>\u00f6<\/b><\/i>hrenstra\u00dfe<\/a>. Allerdings ging es dort um die neuerliche Namensumbenennung in Richtung des sehr lange verbli\u00adchenen PoC\u00b4s (People of Color), eines <i>Ebony-man\u00b4s<\/i>, nicht um jemanden mit j\u00fcdischen Wurzeln&#8230;<!--more--><br \/>\nFaszinierend finde ich immer wieder, wo man heutzutage \u00fcberall Antisemitismus hervorkramt oder nach Belieben versucht sich mit rassistischen Anwandlungen auseinanderzusetzen.<br \/>\nZu beiden Themen noch etwas, dazu etwas von UNO\u00b4s <i>Allgemeiner Erkl\u00e4rung der Menschenrech\u00adte.<\/i><br \/>\nIn deren PR\u00c4AMBEL kann man etwas in <i>Sure 2 nachlesen, <\/i>sie nennen es allerdings <b>Artikel<\/b> <b>2:<\/b><br \/>\n<i>Jeder hat Anspruch auf alle in dieser Erkl\u00e4rung verk\u00fcndeten Rechte und Freiheiten, ohne irgendei\u00adnen Unterschied, etwa nach <b>Rasse<\/b>, Hautfarbe, Geschlecht, Sprache, Religion, politischer oder sonstiger Anschauung, nationaler oder sozialer Herkunft, Verm\u00f6gen, Geburt oder sonstigem Stand.<\/i><br \/>\nSeit Jahrzehnten erinnern mich ewig irgendwelche Flachzangen daran, dass es zwar bei den <em>Karni\u00adckeln<\/em> und <em>Teppichratte Rassen<\/em> gibt, aber nicht unter dem <i>homo sapiens<\/i>! Wenn unter menschlichen Zeitgenossen<b>*<\/b><sup><b>INNERINNEN usw. u.\u00e4.<\/b><\/sup> keine Rassen existieren, kann es folglich auch keine Rassisten geben.<br \/>\nWesentlich lustiger finde ich eine ganz andere Situation, welche etwas mit Israelis <em>j<\/em><i>\u00fcdischen Glau\u00adbens<\/i> zu tun hat.<br \/>\nEigentlich geh\u00f6rt doch der <i>reformierte evangelische Glauben<\/i> verboten, zumindest sollte er zwingend umbe\u00adnannt werden! Schlie\u00dflich wurde doch selbiger <em>Appendix<\/em> der <i>r\u00f6misch\/katholischen \u00dcberzeugung<\/i>, vom gr\u00f6\u00dften und \u00fcberzeugendsten Antisemiten seiner Zeit geschaffen, dem <a href=\"https:\/\/www.luther2017.de\/neuigkeiten\/vogelfrei-und-unerkannt-auf-der-wartburg\/index.html\"><em>Junker J\u00f6rg<\/em><\/a>,..<\/p>\n","protected":false},"excerpt":{"rendered":"<p>\u201eAus euren Haaren haben wir Teppiche gemacht\u201c, habe ein Mann auf dem Campus gerufen Es handelt sich wirklich nicht um das Gelbe vom Ei, wenn man gegen den allgegenw\u00e4rtigen Antise\u00admitismus heutzutage mit seltsamen Ausw\u00fcchsen von Philosemitismus kontinuierlich Front macht&#8230; Als ich bei GOOGLE landen wollte, rutschte ich zuf\u00e4llig in jenen Seite von WELT. Verachte jegli\u00adche [&hellip;]<\/p>\n","protected":false},"author":6,"featured_media":0,"comment_status":"open","ping_status":"open","sticky":false,"template":"","format":"standard","meta":{"footnotes":""},"categories":[55],"tags":[],"class_list":["post-44374","post","type-post","status-publish","format-standard","hentry","category-alltaeglicher-wahnwitz"],"_links":{"self":[{"href":"https:\/\/zonenklaus.de\/wordpress\/index.php?rest_route=\/wp\/v2\/posts\/44374","targetHints":{"allow":["GET"]}}],"collection":[{"href":"https:\/\/zonenklaus.de\/wordpress\/index.php?rest_route=\/wp\/v2\/posts"}],"about":[{"href":"https:\/\/zonenklaus.de\/wordpress\/index.php?rest_route=\/wp\/v2\/types\/post"}],"author":[{"embeddable":true,"href":"https:\/\/zonenklaus.de\/wordpress\/index.php?rest_route=\/wp\/v2\/users\/6"}],"replies":[{"embeddable":true,"href":"https:\/\/zonenklaus.de\/wordpress\/index.php?rest_route=%2Fwp%2Fv2%2Fcomments&post=44374"}],"version-history":[{"count":5,"href":"https:\/\/zonenklaus.de\/wordpress\/index.php?rest_route=\/wp\/v2\/posts\/44374\/revisions"}],"predecessor-version":[{"id":44380,"href":"https:\/\/zonenklaus.de\/wordpress\/index.php?rest_route=\/wp\/v2\/posts\/44374\/revisions\/44380"}],"wp:attachment":[{"href":"https:\/\/zonenklaus.de\/wordpress\/index.php?rest_route=%2Fwp%2Fv2%2Fmedia&parent=44374"}],"wp:term":[{"taxonomy":"category","embeddable":true,"href":"https:\/\/zonenklaus.de\/wordpress\/index.php?rest_route=%2Fwp%2Fv2%2Fcategories&post=44374"},{"taxonomy":"post_tag","embeddable":true,"href":"https:\/\/zonenklaus.de\/wordpress\/index.php?rest_route=%2Fwp%2Fv2%2Ftags&post=44374"}],"curies":[{"name":"wp","href":"https:\/\/api.w.org\/{rel}","templated":true}]}}