{"id":44381,"date":"2025-10-14T22:45:52","date_gmt":"2025-10-14T21:45:52","guid":{"rendered":"https:\/\/zonenklaus.de\/wordpress\/?p=44381"},"modified":"2025-10-19T23:10:36","modified_gmt":"2025-10-19T22:10:36","slug":"kann-es-kaum-glauben-habe-mir-vorhin-wirklich-etwas-vollstaendig-im-fratzenradio-eingezogen","status":"publish","type":"post","link":"https:\/\/zonenklaus.de\/wordpress\/?p=44381","title":{"rendered":"Kann es kaum glauben, habe mir vorhin wirklich etwas vollst\u00e4ndig im Fratzenradio eingezogen&#8230;"},"content":{"rendered":"<p>Die Scheffin registrierte, dass ich heimkam und lie\u00df zur Begr\u00fc\u00dfung noch ab: <i>Gebe jetzt den Fern\u00adseher frei, du kannst weiter schauen! <\/i><br \/>\nHolte mir aus der K\u00fcche noch zwei leckere Birnen und glotze weiter &#8211; <a href=\"https:\/\/www.ardmediathek.de\/video\/tagesthemen\/tagesthemen-22-30-uhr-14-10-2025\/das-erste\/Y3JpZDovL3RhZ2Vzc2NoYXUuZGUvMGY2OWUwZmEtZGMyMi00MjZlLWJhYzYtNTNiODRlNzIxN2Y5LVNFTkRVTkdTVklERU8\">tages<b>themen<\/b><\/a>,<b> <\/b>st\u00f6berte ne\u00adbenbei auch noch im Programmschm\u00f6ker herum.<br \/>\nMuss mir aber sehr viel M\u00fche geben, um mich jetzt noch an irgendetwas zu erinnern, meine damit allerdings nur lebensnotwendige Wichtigkeiten. Wei\u00df nicht so recht, weshalb mir immer wieder die Plappereien der Moderatoren<b>*<\/b><sup><b>INNERINNEN usw. u.\u00e4.<\/b><\/sup> so auf den Docht gehen.<br \/>\n&#8211; Alles begann mit anstehenden <a href=\"https:\/\/zonenklaus.de\/wordpress\/wp-content\/uploads\/2025\/10\/01-Losverfahren.mp3\">Problemen<\/a> bei <a href=\"https:\/\/www.facebook.com\/gemeinsamstarkmitunserensoldaten\/posts\/y-tours-ist-das-reiseunternehmen-des-deutschen-staateskommt-gut-in-die-neue-woch\/3064399290334857\/\">Y-Tours<\/a>&#8230;<br \/>\n&#8211; Da kriegen die <i>ganz wichtigen Kompetenzsimulanten<\/i> nichts auf die Reihe, sei es nur ein Kompro\u00admisschen und t\u00e4tigen den zweiten Schritt vor dem ersten, dann: &#8220;<i>Au\u00dfer Spesen n\u00fcscht jewesen<\/i>!&#8221;<br \/>\nSofort durfte dann ein gewisser <a href=\"https:\/\/www.was-war-wann.de\/steckbrief\/stephan-stuchlik.html\"><i>Stephan Stuchlik <\/i><\/a>in der vollendeten Luftnummer weiter herumsto\u00adchern&#8230;<!--more--><br \/>\n&#8211; Weiter ging es mit <i><a href=\"https:\/\/zonenklaus.de\/wordpress\/wp-content\/uploads\/2025\/10\/03-Gaza.mp3\">Gaza<\/a> <\/i>und dem gerade entz\u00fcndeten <em>Friedensstrohfeuerwerk<\/em>&#8230; Irgendwann gab es darin eine Ablichtung, so weit das Auge reichte, nur <i>korrekt zerbombte Ruinen<\/i>, wobei im Kommentar dazu, lediglich von <a href=\"https:\/\/zonenklaus.de\/wordpress\/wp-content\/uploads\/2025\/10\/02-beschaedigt.mp3\">Besch\u00e4digungen<\/a> geplappert wurde.<br \/>\n&#8211; Nat\u00fcrlich durfte Trump nicht fehlen&#8230;<br \/>\n&#8211; Dann wurde\u00a0<a href=\"https:\/\/zonenklaus.de\/wordpress\/wp-content\/uploads\/2025\/10\/04-Genf.mp3\">Frau Pr\u00e4sident Egger<\/a> aus Genf zu geschaltet. Das ist der Verein mit wei\u00dfer <a href=\"https:\/\/zonenklaus.de\/wordpress\/wp-content\/uploads\/2025\/10\/05-Katastrophe.mp3\">Kampf\u00adflagge<\/a> und wei\u00dfem Kreuz drinnen, was manchmal rot aussieht. &#8211;<br \/>\n&#8211; \u00dcber <i>Ren\u00e9 Benko<\/i> <strong>(&#8230; <\/strong><em>war ein ehemaliger \u00f6sterreichischer Immobilieninvestor und Gr\u00fcnder der insolventen Signa Holding, dessen steiler Aufstieg mit einem abrupten Fall endete. Im Oktober 2025 wurde er wegen betr\u00fcgerischer Krida zu einer zweij\u00e4hrigen Haftstrafe<\/em> verurteilt<strong>.<\/strong><strong> ) <\/strong>ist \u00fcberhaupt nichts bekannt, wie viel Milliarden er eigentlich irgendwo in den Sand setzte und heute ging es nur um ein <a href=\"https:\/\/zonenklaus.de\/wordpress\/wp-content\/uploads\/2025\/10\/08-600-000.mp3\">paar Fick-Sechser<\/a>. Was seine Mentalit\u00e4t betrifft, erinnert mich der erhabene Ren\u00e9 allerdings sofort an Hernn Kanzler Merz!<br \/>\n&#8211; Der Ringelpiez ohne anfassen von <em>Monsieur le Pr\u00e9sident<\/em> Macron kam nat\u00fcrlich auch ins Ge\u00adspr\u00e4ch.<br \/>\n<span lang=\"de-DE\">Vermute mal, <\/span><span lang=\"de-DE\"><i>Emmanuel<\/i><\/span><span lang=\"de-DE\"> benutzt seine<\/span><span lang=\"de-DE\"><i> Premi\u00e8re dame<\/i><\/span><span lang=\"de-DE\"> Brigitte Marie-Claude als ewige Souffleurin, wegen ihrer \u00fcber <\/span><span lang=\"de-DE\"><i>20j\u00e4hrigen Lebenserfahrung,<\/i><\/span><span lang=\"de-DE\"> die sie mehr auf ihrem Buckel hat. <\/span><br \/>\n<span lang=\"de-DE\">&#8211; Der Beitrag \u00fcber Leipziger Studies und entsprechend Kommentare von <\/span><span lang=\"de-DE\"><i>Betroffenen<\/i><\/span><span lang=\"de-DE\">, weil heutzuta\u00adge etwa ein Dreiviertel der Immatrikulierten Leutchen aus <a href=\"https:\/\/zonenklaus.de\/wordpress\/wp-content\/uploads\/2025\/10\/Studium.mp3\">Akademikerfamilien<\/a> <strong>(<\/strong>Ha, ha, ha\u00a0<\/span>\u263a<span style=\"font-family: Times New Roman, serif;\"><span lang=\"de-DE\">\u00a0<\/span><\/span>\u263a\u00a0\u263a<span style=\"font-family: Times New Roman, serif;\"><span lang=\"de-DE\"><strong>)\u00a0<\/strong><\/span><\/span><sup><span style=\"font-size: large;\"><b><span style=\"font-family: Times New Roman, serif;\"><span lang=\"de-DE\">(*)\u00a0<\/span><\/span><\/b><\/span><\/sup><span lang=\"de-DE\">stammen, war ja alles sehr merkw\u00fcrdig von den dazugeh\u00f6rigen Interpretationen.<br \/>\n<span lang=\"de-DE\">Also <\/span><span lang=\"de-DE\"><i>Josephine<\/i><\/span><span lang=\"de-DE\"> hat nach dem Abi erst eine Ausbildung zur Pflegefachkraft begonnen, aber wieder abgebrochen zu Gunsten des Lehramtsstu\u00addiums. Kann es da nicht sein, dass andersherum ein Schuh draus wird? Madame aber einen Schul\u00adabschluss hinlegte, der von den erreichten Zensuren nicht zum sofortigen Studium reichte, sie des\u00adhalb eine gewisse Wartezeit \u00fcberbr\u00fccken musste. Daf\u00fcr eine beliebige Lehre begann und sie dann abbrach, weil nun irgendwann der Tag ihrer Immatrikulation anstand&#8230;<\/span><br \/>\n<span lang=\"de-DE\">Kenne jene seltsamen Wartezeit\u00fcberbr\u00fcckungen von einem guten Bekannten, welcher eine h\u00f6here Funktion in der Bauspardose inne hatte. Der ewig versuchte, den oberen Staren klarzumachen, kei\u00adne Abiturienten einzustellen, weil keiner die anstehende Ausbildung abschloss. Da alle nur die \u00dcbergangspause f\u00fcr die Uni auf einem etwas h\u00f6heren Niveau \u00fcberbr\u00fccken wollten, ohne sich dabei dreckige Pf\u00f6tchen zu holen<\/span><span style=\"font-family: Times New Roman, serif;\"><span lang=\"de-DE\">\u263a&#8230;<\/span><\/span><br \/>\n<span lang=\"de-DE\">&#8211; Abschlie\u00dfend noch etwas \u00fcber Kirchenglockenbimmelei in UK&#8230;<\/span><br \/>\n<span lang=\"de-DE\">Wollte die Glotze weiterlaufen lassen, aber <\/span><a href=\"https:\/\/www.daserste.de\/information\/talk\/maischberger\/videos\/index.html\"><span lang=\"de-DE\"><b>maischberger <\/b><\/span><\/a><span lang=\"de-DE\">zwang mich zum sofortigen umschalten. Nach dem anschlie\u00dfenden Versuch in Richtung <\/span><span lang=\"de-DE\"><b>zdf <\/b><\/span><span lang=\"de-DE\">kam alles <a href=\"https:\/\/zonenklaus.de\/wordpress\/wp-content\/uploads\/2025\/10\/Schramm.mp3\">noch schlimmer r\u00fcber<\/a>, dort lief <\/span><a href=\"https:\/\/www.zdf.de\/video\/talk\/markus-lanz-114\/markus-lanz-vom-14-oktober-2025-100\"><span lang=\"de-DE\"><b>Lanz.<\/b><\/span><\/a><br \/>\n<span lang=\"de-DE\">Schlimmer konnte es nicht mehr kommen, also wurde der Monitor verdunkelt.<\/span><br \/>\n<span lang=\"de-DE\">Stellte mir hinterher allerdings nicht die Frage, was mir die gerade eingezogene <\/span><span lang=\"de-DE\"><i>Info<\/i><\/span><span lang=\"de-DE\"><b>(?)<\/b><\/span><span lang=\"de-DE\"><i>Verbalhure\u00adrei <\/i><\/span><span lang=\"de-DE\">und die dazugeh\u00f6rigen netten Bildchen eigentlich sagen sollten&#8230;<\/span><\/span><\/p>\n<p><sup><span style=\"font-size: large;\"><b><span style=\"font-family: Times New Roman, serif;\"><span lang=\"de-DE\">(*)<\/span><\/span><\/b><\/span><\/sup><strong>&#8230;<\/strong><\/p>\n","protected":false},"excerpt":{"rendered":"<p>Die Scheffin registrierte, dass ich heimkam und lie\u00df zur Begr\u00fc\u00dfung noch ab: Gebe jetzt den Fern\u00adseher frei, du kannst weiter schauen! Holte mir aus der K\u00fcche noch zwei leckere Birnen und glotze weiter &#8211; tagesthemen, st\u00f6berte ne\u00adbenbei auch noch im Programmschm\u00f6ker herum. Muss mir aber sehr viel M\u00fche geben, um mich jetzt noch an irgendetwas [&hellip;]<\/p>\n","protected":false},"author":6,"featured_media":0,"comment_status":"open","ping_status":"open","sticky":false,"template":"","format":"standard","meta":{"footnotes":""},"categories":[1,55],"tags":[],"class_list":["post-44381","post","type-post","status-publish","format-standard","hentry","category-allgemeines","category-alltaeglicher-wahnwitz"],"_links":{"self":[{"href":"https:\/\/zonenklaus.de\/wordpress\/index.php?rest_route=\/wp\/v2\/posts\/44381","targetHints":{"allow":["GET"]}}],"collection":[{"href":"https:\/\/zonenklaus.de\/wordpress\/index.php?rest_route=\/wp\/v2\/posts"}],"about":[{"href":"https:\/\/zonenklaus.de\/wordpress\/index.php?rest_route=\/wp\/v2\/types\/post"}],"author":[{"embeddable":true,"href":"https:\/\/zonenklaus.de\/wordpress\/index.php?rest_route=\/wp\/v2\/users\/6"}],"replies":[{"embeddable":true,"href":"https:\/\/zonenklaus.de\/wordpress\/index.php?rest_route=%2Fwp%2Fv2%2Fcomments&post=44381"}],"version-history":[{"count":4,"href":"https:\/\/zonenklaus.de\/wordpress\/index.php?rest_route=\/wp\/v2\/posts\/44381\/revisions"}],"predecessor-version":[{"id":44393,"href":"https:\/\/zonenklaus.de\/wordpress\/index.php?rest_route=\/wp\/v2\/posts\/44381\/revisions\/44393"}],"wp:attachment":[{"href":"https:\/\/zonenklaus.de\/wordpress\/index.php?rest_route=%2Fwp%2Fv2%2Fmedia&parent=44381"}],"wp:term":[{"taxonomy":"category","embeddable":true,"href":"https:\/\/zonenklaus.de\/wordpress\/index.php?rest_route=%2Fwp%2Fv2%2Fcategories&post=44381"},{"taxonomy":"post_tag","embeddable":true,"href":"https:\/\/zonenklaus.de\/wordpress\/index.php?rest_route=%2Fwp%2Fv2%2Ftags&post=44381"}],"curies":[{"name":"wp","href":"https:\/\/api.w.org\/{rel}","templated":true}]}}