{"id":44394,"date":"2025-10-20T21:45:15","date_gmt":"2025-10-20T20:45:15","guid":{"rendered":"https:\/\/zonenklaus.de\/wordpress\/?p=44394"},"modified":"2025-10-21T05:27:07","modified_gmt":"2025-10-21T04:27:07","slug":"bundesamt-fuer-bevoelkerungsschutz-veroeffentlicht-ratgeber-krieg-nicht-mehr-ausgeschlossen","status":"publish","type":"post","link":"https:\/\/zonenklaus.de\/wordpress\/?p=44394","title":{"rendered":"&#8220;Bundesamt f\u00fcr Bev\u00f6lkerungsschutz&#8221; ver\u00f6ffentlicht Ratgeber: &#8220;Krieg nicht mehr ausgeschlossen&#8221;"},"content":{"rendered":"<p>Fand <a href=\"https:\/\/de.euronews.com\/2025\/10\/19\/bbk-krieg-russland-warnung\">jene Headline<\/a> sehr lustig und nat\u00fcrlich auch vollendet beruhigend<strong>!<\/strong><br \/>\nDenn wer sich gezwungenerma\u00dfen auf den Schutz einer solchen <em>Institution<\/em> verl\u00e4sst, muss wirklich keine Feinde f\u00fcrchten<b>!<\/b><br \/>\nNun befindet sich jenes <i>Bundesamt <\/i>letztlich unter den Fittichen UNSERES <i>h\u00dc<\/i> und hOTT-pRO\u00adBIERKANZLERS. Wenn man allerdings jenes seltsame <i>staatliche Amt<\/i> nur ansatzweise etwas be\u00adtrachtet, kann einem doch Angst und Bange werden&#8230;<br \/>\nDazu die Einleitung zum Text: <i>&#8220;Selbst ein Krieg scheint nicht mehr so ausgeschlossen zu sein wie noch vor einigen Jahren&#8221;, warnt des Bundesamt f\u00fcr Bev\u00f6lkerungsschutz und Katastrophenhilfe. <\/i><i><b>Die Beh\u00f6rde empfiehlt einen Vorrat f\u00fcr drei bis zehn Tage<\/b><\/i><i>. E u r o n e w s hat den Praxischeck ge\u00admacht. <\/i><b>(!)\u00a0<\/b><br \/>\nDer gesamte Artikel ist so lustig, wie der Hinweis, unbedingt einen <i><b>Vorrat f\u00fcr drei bis zehn Tage <\/b><\/i>anzulegen<b>! <\/b>Dabei gehen die <i>ganz wichtigen Macher <\/i>vom <i> Bundesamt f\u00fcr Bev\u00f6lkerungsschutz <\/i>si\u00adcherlich davon aus, dass <i>Dagobert Trump<\/i> dann innerhalb einer Woche das <em>Krieglein<\/em> beenden w\u00fcrde.!?<br \/>\n<b>oDER???<\/b><br \/>\n<!--more-->Da ist es auch nicht gerade tr\u00f6stend, wenn die Partnerin unserer staatlich sanktionierten Zweierbe\u00adziehung, nach ganz bestimmten stichw\u00f6rtlichen Einw\u00e4nden, permanent kommentierend abl\u00e4sst: <i>Wir m\u00fcssen uns da keinen Kopp mehr machen, weil wir es ja bald geschafft haben<\/i><b>!<\/b><br \/>\nBei allem Verst\u00e4ndnis, muss man zu dieser schlichten Aussage nat\u00fcrlich alle Kids und Enkel durchweg au\u00dfen vorlassen. Vollkommen beruhigend ist selbiger Gedanke allerdings eben sowenig. Abgesehen davon, werden sie schon alles entsprechend schaukeln, weil sie die Kinder ihrer Zeit sind. Dazu geh\u00f6rt aber auch immer der neuerliche Umgang mit jener ekelhaften Erblast von den selbstverliebten Altvorderen&#8230;<br \/>\nWer allerdings irgendwie in sich gehen kann und sich dabei auf noch funktioniere Partikel sei\u00adner vormalig einigerma\u00dfen funktionierenden sieben Sinne berufen kann, wird bestimmt in der Lage sein und feststellen k\u00f6nnen, dass die Welt dabei ist, mal wieder aus den Fugen zugeraten. Auf eine neuerliche unbekannte Art und Weise, welche wir den Herangewachsenen \u00fcberlassen haben und mit denen sie irgendwie fertig werden m\u00fcssen.<br \/>\nAllerdings geh\u00f6rt dazu auch wieder das <i>lange bew\u00e4hrte Auf<\/i> und <i>Ab<\/i>, die <i>st\u00e4ndigen Wechsel zwi\u00adschen Erfolgen<\/i> und <i>Misserfolgen<\/i>, <i>Siegen<\/i> und <i>Niederlagen<\/i>, <i>Gl\u00fcck<\/i> und <i>Ungl\u00fcck,<\/i> <i>H\u00f6hen-<\/i> und <i>Tief\u00adpunkten<\/i>. An denen die Menschheit bereits seit tausenden von Jahren vollkommen identisch herum\u00adbastelt und dabei immer nur die br\u00fcchigen Ebenen verschieben&#8230;<br \/>\nIm anstehenden Schlamassel stehen die Medien sogar in vorderster Front. Kam zu besagtem Schluss deshalb, weil ich mir gestern mehrere kurze Sendungen der \u00f6ffentlich\/rechtlichen Sender einzog: <a href=\"https:\/\/www.zdf.de\/play\/magazine\/berlin-direkt-104\/berlin-direkt-vom-19-oktober-2025-100\"><b>Berlin direkt<\/b><\/a>, <a href=\"https:\/\/www.ardmediathek.de\/video\/Y3JpZDovL2Rhc2Vyc3RlLmRlL3dlbHRzcGllZ2VsLzIwMjUtMTAtMTlfMTgtMzAtTUVTWg\"><b>Weltspiegel<\/b><\/a> und <a href=\"https:\/\/www.ardmediathek.de\/video\/Y3JpZDovL2Rhc2Vyc3RlLmRlL2JlcmljaHQgYXVzIGJlcmxpbi8yMDI1LTEwLTE5XzE4LTAwLU1FU1o\"><b>Bericht aus Berlin<\/b><\/a><br \/>\nWei\u00df im Moment wiedermal nicht, ob ich mit meiner Auffassung auf dem richtigen Weg m\u00e4andere.<br \/>\nIrgendwie erinnerten mich einige <i>Auguren <\/i>der Sendungen, einschlie\u00dflich Moderatoren<sup><b>&amp;INNERIN<\/b><\/sup>, an ge\u00adhandicapte Freig\u00e4nger aus einer identischen Einrichtung, die <a href=\"https:\/\/ok.ru\/video\/1612917705265\"><em>Milo\u0161 Forman<\/em><\/a> in einem seiner Filme vorf\u00fchrte&#8230;<br \/>\n<strong>Abschlie\u00dfen noch eine Bemerkung: <\/strong>Nicht nur meiner Wenigkeit geht dieses proletenhafte <b>Du<\/b>zen unter den plappernden Angestellten der Sender m\u00e4chtig auf den Keks!<\/p>\n","protected":false},"excerpt":{"rendered":"<p>Fand jene Headline sehr lustig und nat\u00fcrlich auch vollendet beruhigend! Denn wer sich gezwungenerma\u00dfen auf den Schutz einer solchen Institution verl\u00e4sst, muss wirklich keine Feinde f\u00fcrchten! Nun befindet sich jenes Bundesamt letztlich unter den Fittichen UNSERES h\u00dc und hOTT-pRO\u00adBIERKANZLERS. Wenn man allerdings jenes seltsame staatliche Amt nur ansatzweise etwas be\u00adtrachtet, kann einem doch Angst und [&hellip;]<\/p>\n","protected":false},"author":6,"featured_media":0,"comment_status":"open","ping_status":"open","sticky":false,"template":"","format":"standard","meta":{"footnotes":""},"categories":[1,55],"tags":[],"class_list":["post-44394","post","type-post","status-publish","format-standard","hentry","category-allgemeines","category-alltaeglicher-wahnwitz"],"_links":{"self":[{"href":"https:\/\/zonenklaus.de\/wordpress\/index.php?rest_route=\/wp\/v2\/posts\/44394","targetHints":{"allow":["GET"]}}],"collection":[{"href":"https:\/\/zonenklaus.de\/wordpress\/index.php?rest_route=\/wp\/v2\/posts"}],"about":[{"href":"https:\/\/zonenklaus.de\/wordpress\/index.php?rest_route=\/wp\/v2\/types\/post"}],"author":[{"embeddable":true,"href":"https:\/\/zonenklaus.de\/wordpress\/index.php?rest_route=\/wp\/v2\/users\/6"}],"replies":[{"embeddable":true,"href":"https:\/\/zonenklaus.de\/wordpress\/index.php?rest_route=%2Fwp%2Fv2%2Fcomments&post=44394"}],"version-history":[{"count":11,"href":"https:\/\/zonenklaus.de\/wordpress\/index.php?rest_route=\/wp\/v2\/posts\/44394\/revisions"}],"predecessor-version":[{"id":44405,"href":"https:\/\/zonenklaus.de\/wordpress\/index.php?rest_route=\/wp\/v2\/posts\/44394\/revisions\/44405"}],"wp:attachment":[{"href":"https:\/\/zonenklaus.de\/wordpress\/index.php?rest_route=%2Fwp%2Fv2%2Fmedia&parent=44394"}],"wp:term":[{"taxonomy":"category","embeddable":true,"href":"https:\/\/zonenklaus.de\/wordpress\/index.php?rest_route=%2Fwp%2Fv2%2Fcategories&post=44394"},{"taxonomy":"post_tag","embeddable":true,"href":"https:\/\/zonenklaus.de\/wordpress\/index.php?rest_route=%2Fwp%2Fv2%2Ftags&post=44394"}],"curies":[{"name":"wp","href":"https:\/\/api.w.org\/{rel}","templated":true}]}}