{"id":44414,"date":"2025-10-24T20:19:09","date_gmt":"2025-10-24T19:19:09","guid":{"rendered":"https:\/\/zonenklaus.de\/wordpress\/?p=44414"},"modified":"2025-10-25T22:09:02","modified_gmt":"2025-10-25T21:09:02","slug":"allerorten-stadtbild-demos-weshalb-eigentlich","status":"publish","type":"post","link":"https:\/\/zonenklaus.de\/wordpress\/?p=44414","title":{"rendered":"Allerorten \u2013 &#8220;Stadtbild&#8221;-Demo\u00b4s, weshalb eigentlich?"},"content":{"rendered":"<p>Recht geben w\u00fcrde ich keinem Politiker, wenn er sich auf jene stotternden Art artikuliert, zum teilweise wirklich unversch\u00e4mtem Auftreten von <i>invasiven Schwarzk\u00f6ppen<\/i>, schon gar nicht vom <em>Herrn Momentankanzler<\/em> Merz!<br \/>\nNun hei\u00dft es: <i>Kanzler Merz hat seine &#8220;Stadtbild&#8221;-Aussage inzwischen pr\u00e4zisiert<\/i>!<br \/>\nFrage mich, was ist an jener <i>implodierten Sprechblase <\/i>eigentlich zu pr\u00e4zisieren?<br \/>\n<img loading=\"lazy\" decoding=\"async\" class=\"size-medium wp-image-44417 alignleft\" src=\"https:\/\/zonenklaus.de\/wordpress\/wp-content\/uploads\/2025\/10\/X9-300x281.jpg\" alt=\"\" width=\"300\" height=\"281\" srcset=\"https:\/\/zonenklaus.de\/wordpress\/wp-content\/uploads\/2025\/10\/X9-300x281.jpg 300w, https:\/\/zonenklaus.de\/wordpress\/wp-content\/uploads\/2025\/10\/X9-150x140.jpg 150w, https:\/\/zonenklaus.de\/wordpress\/wp-content\/uploads\/2025\/10\/X9-624x584.jpg 624w, https:\/\/zonenklaus.de\/wordpress\/wp-content\/uploads\/2025\/10\/X9.jpg 656w\" sizes=\"auto, (max-width: 300px) 100vw, 300px\" \/>In den Momenten fand ich seine seltsam wichtigtuerische Mimik immer sehr lustig, er erinnerte mich dabei ewig an <i>Paul die Ratte<\/i>&#8230;<br \/>\n<i>Trotzdem rei\u00dft die Kritik an seinen <a href=\"https:\/\/www1.wdr.de\/nachrichten\/demo-nrw-stadtbild-merz-100.html\">Aussagen nicht ab<\/a>&#8230;\u00a0<\/i>\u25c4-<strong>(<\/strong>Selbiger Artikel ist auch merkw\u00fcrdig!<strong>)<\/strong><br \/>\nWas nun die ratlosen Plebse auf den Stra\u00dfen veranstalten ist kein Deut besser, damit erfolgt ledig\u00adlich eine weitere Aufwertung von dem Knaben und jegliche Auseinandersetzungen von allen Seiten schrammt meilenweit an der eigentlichen Problematik vorbei.<br \/>\nZumal sich an der latent vorhandenen gesellschaftlichen Situation auch in Zukunft nichts \u00e4ndern wird.<br \/>\nMeine damit noch nicht mal gewaltbedingtes Verhalten gegen\u00fcber Frauen.<br \/>\nDenn jene <i>kulturellen Ausw\u00fcchse, <\/i>deren Vermittlung bereits in den Elternh\u00e4usern beginnen, gibt es \u00fcberall auch in allen Bev\u00f6lkerungsschichten unter den Wei\u00dfbroten\u00a0\u263a<\/p>\n","protected":false},"excerpt":{"rendered":"<p>Recht geben w\u00fcrde ich keinem Politiker, wenn er sich auf jene stotternden Art artikuliert, zum teilweise wirklich unversch\u00e4mtem Auftreten von invasiven Schwarzk\u00f6ppen, schon gar nicht vom Herrn Momentankanzler Merz! Nun hei\u00dft es: Kanzler Merz hat seine &#8220;Stadtbild&#8221;-Aussage inzwischen pr\u00e4zisiert! Frage mich, was ist an jener implodierten Sprechblase eigentlich zu pr\u00e4zisieren? In den Momenten fand ich [&hellip;]<\/p>\n","protected":false},"author":6,"featured_media":0,"comment_status":"open","ping_status":"open","sticky":false,"template":"","format":"standard","meta":{"footnotes":""},"categories":[55],"tags":[],"class_list":["post-44414","post","type-post","status-publish","format-standard","hentry","category-alltaeglicher-wahnwitz"],"_links":{"self":[{"href":"https:\/\/zonenklaus.de\/wordpress\/index.php?rest_route=\/wp\/v2\/posts\/44414","targetHints":{"allow":["GET"]}}],"collection":[{"href":"https:\/\/zonenklaus.de\/wordpress\/index.php?rest_route=\/wp\/v2\/posts"}],"about":[{"href":"https:\/\/zonenklaus.de\/wordpress\/index.php?rest_route=\/wp\/v2\/types\/post"}],"author":[{"embeddable":true,"href":"https:\/\/zonenklaus.de\/wordpress\/index.php?rest_route=\/wp\/v2\/users\/6"}],"replies":[{"embeddable":true,"href":"https:\/\/zonenklaus.de\/wordpress\/index.php?rest_route=%2Fwp%2Fv2%2Fcomments&post=44414"}],"version-history":[{"count":6,"href":"https:\/\/zonenklaus.de\/wordpress\/index.php?rest_route=\/wp\/v2\/posts\/44414\/revisions"}],"predecessor-version":[{"id":44421,"href":"https:\/\/zonenklaus.de\/wordpress\/index.php?rest_route=\/wp\/v2\/posts\/44414\/revisions\/44421"}],"wp:attachment":[{"href":"https:\/\/zonenklaus.de\/wordpress\/index.php?rest_route=%2Fwp%2Fv2%2Fmedia&parent=44414"}],"wp:term":[{"taxonomy":"category","embeddable":true,"href":"https:\/\/zonenklaus.de\/wordpress\/index.php?rest_route=%2Fwp%2Fv2%2Fcategories&post=44414"},{"taxonomy":"post_tag","embeddable":true,"href":"https:\/\/zonenklaus.de\/wordpress\/index.php?rest_route=%2Fwp%2Fv2%2Ftags&post=44414"}],"curies":[{"name":"wp","href":"https:\/\/api.w.org\/{rel}","templated":true}]}}