{"id":44724,"date":"2026-01-14T21:21:37","date_gmt":"2026-01-14T20:21:37","guid":{"rendered":"https:\/\/zonenklaus.de\/wordpress\/?p=44724"},"modified":"2026-01-15T00:26:03","modified_gmt":"2026-01-14T23:26:03","slug":"trump-us-auf-rbb","status":"publish","type":"post","link":"https:\/\/zonenklaus.de\/wordpress\/?p=44724","title":{"rendered":"Trump &#038; us &#8211; auf rbb"},"content":{"rendered":"<p>Was sollte mir der Inhalt dieser <a href=\"https:\/\/www.rbb-online.de\/fernsehen\/programm\/14_01_2026\/2051044.html\">DOKU<\/a> eigentlich vermitteln?<br \/>\nHier noch etwas von dem Star, <a href=\"https:\/\/www.spiegel.de\/netzwelt\/netzpolitik\/donald-trump-das-konzept-hinter-seiner-scheinbar-willkuerlichen-politik-a-2612453c-11a0-4771-a451-36f325fb7244\">um den es gerade ging<\/a>.<br \/>\nIn der Historie von vielen Jahrhunderten kommt es immer wieder vor, dass G<i>reise<\/i>, auch Staaten\u00adlenker, immer wieder <i>mit viel Altersweisheit<\/i> beschlagen waren.<br \/>\nBesonders im letzten Jahrhundert fand aber weltweit betrachtet, ein entscheidender Wechsel statt.<br \/>\nAbgesehen von vielen Politikern im Dritten Reich, welche insgesamt ein Regime mit sehr jungen Leuten etablierten&#8230;<br \/>\nNach dem Letzten gro\u00dfen Krieg wandelte es sich haupts\u00e4chlich in Europa, fast \u00fcberall traten Mu\u00admien an. Erst sp\u00e4ter kam es zu einem Wechsel, als im Rahmen der <i>uns\u00e4glichen 68er-Bewegung<\/i> pl\u00f6tzlich j\u00fcngere Leute<b>*<sup>INNERINNEN usw. u.\u00e4.<\/sup><\/b>, teilweise gro\u00dfm\u00e4ulig einen Marsch durch die Institutionen ank\u00fcndigten. Massenhaft hatten dann oftmals Gestalten*<b><sup>INNERINNEN usw. u.\u00e4.<\/sup><\/b> das Sagen, nun aber als <i>arrivierte Proletenableger<\/i>, die sich als Heranwachsende mit einer Ecke in einem dunklen Flur, als Kinderstube zufrieden geben mussten. Nach vielen <i>Silvestern<\/i> ellenlanger Stu<i>pi<\/i>diererei an <i>Unit\u00e4ten<\/i> sich nun endlich mit Diplomen im Besitz entsprechend einem frohen Schaffen hingeben konnten. Witzigerweise dr\u00e4ngten besonders <i>\u00a7\u00a7-Heinze<\/i> und <i>P\u00e4dago<\/i>ch<i>en<\/i> nebenher sogar in politische Gefil\u00adde!&#8230;&#8230;&#8230;&#8230;&#8230;&#8230;&#8230;&#8230;<\/p>\n<p>&nbsp;<\/p>\n","protected":false},"excerpt":{"rendered":"<p>Was sollte mir der Inhalt dieser DOKU eigentlich vermitteln? Hier noch etwas von dem Star, um den es gerade ging. In der Historie von vielen Jahrhunderten kommt es immer wieder vor, dass Greise, auch Staaten\u00adlenker, immer wieder mit viel Altersweisheit beschlagen waren. Besonders im letzten Jahrhundert fand aber weltweit betrachtet, ein entscheidender Wechsel statt. Abgesehen [&hellip;]<\/p>\n","protected":false},"author":6,"featured_media":0,"comment_status":"open","ping_status":"open","sticky":false,"template":"","format":"standard","meta":{"footnotes":""},"categories":[1,55],"tags":[],"class_list":["post-44724","post","type-post","status-publish","format-standard","hentry","category-allgemeines","category-alltaeglicher-wahnwitz"],"_links":{"self":[{"href":"https:\/\/zonenklaus.de\/wordpress\/index.php?rest_route=\/wp\/v2\/posts\/44724","targetHints":{"allow":["GET"]}}],"collection":[{"href":"https:\/\/zonenklaus.de\/wordpress\/index.php?rest_route=\/wp\/v2\/posts"}],"about":[{"href":"https:\/\/zonenklaus.de\/wordpress\/index.php?rest_route=\/wp\/v2\/types\/post"}],"author":[{"embeddable":true,"href":"https:\/\/zonenklaus.de\/wordpress\/index.php?rest_route=\/wp\/v2\/users\/6"}],"replies":[{"embeddable":true,"href":"https:\/\/zonenklaus.de\/wordpress\/index.php?rest_route=%2Fwp%2Fv2%2Fcomments&post=44724"}],"version-history":[{"count":1,"href":"https:\/\/zonenklaus.de\/wordpress\/index.php?rest_route=\/wp\/v2\/posts\/44724\/revisions"}],"predecessor-version":[{"id":44725,"href":"https:\/\/zonenklaus.de\/wordpress\/index.php?rest_route=\/wp\/v2\/posts\/44724\/revisions\/44725"}],"wp:attachment":[{"href":"https:\/\/zonenklaus.de\/wordpress\/index.php?rest_route=%2Fwp%2Fv2%2Fmedia&parent=44724"}],"wp:term":[{"taxonomy":"category","embeddable":true,"href":"https:\/\/zonenklaus.de\/wordpress\/index.php?rest_route=%2Fwp%2Fv2%2Fcategories&post=44724"},{"taxonomy":"post_tag","embeddable":true,"href":"https:\/\/zonenklaus.de\/wordpress\/index.php?rest_route=%2Fwp%2Fv2%2Ftags&post=44724"}],"curies":[{"name":"wp","href":"https:\/\/api.w.org\/{rel}","templated":true}]}}