{"id":44728,"date":"2026-01-18T20:35:28","date_gmt":"2026-01-18T19:35:28","guid":{"rendered":"https:\/\/zonenklaus.de\/wordpress\/?p=44728"},"modified":"2026-01-19T01:47:24","modified_gmt":"2026-01-19T00:47:24","slug":"was-das-mercosur-abkommen-gemeinsame-suedamerikanische-markt-mercado-comun-del-sur-fuer-die-wirtschaft-bedeutet","status":"publish","type":"post","link":"https:\/\/zonenklaus.de\/wordpress\/?p=44728","title":{"rendered":"Was das Mercosur-Abkommen (Gemeinsame S\u00fcdamerikanische Markt &#8211; Mercado Com\u00fan del Sur) f\u00fcr die Wirtschaft bedeutet"},"content":{"rendered":"<p><i><b><a href=\"https:\/\/zonenklaus.de\/wordpress\/wp-content\/uploads\/2026\/01\/Screenshot-2109.png\"><img loading=\"lazy\" decoding=\"async\" class=\"size-thumbnail wp-image-44730 alignleft\" src=\"https:\/\/zonenklaus.de\/wordpress\/wp-content\/uploads\/2026\/01\/Screenshot-2109-150x65.png\" alt=\"\" width=\"150\" height=\"65\" srcset=\"https:\/\/zonenklaus.de\/wordpress\/wp-content\/uploads\/2026\/01\/Screenshot-2109-150x65.png 150w, https:\/\/zonenklaus.de\/wordpress\/wp-content\/uploads\/2026\/01\/Screenshot-2109-300x130.png 300w, https:\/\/zonenklaus.de\/wordpress\/wp-content\/uploads\/2026\/01\/Screenshot-2109-624x270.png 624w, https:\/\/zonenklaus.de\/wordpress\/wp-content\/uploads\/2026\/01\/Screenshot-2109.png 767w\" sizes=\"auto, (max-width: 150px) 100vw, 150px\" \/><\/a>Freihandelsabkommen unterzeichnet <\/b><\/i><i>&#8211;<\/i> dazu ein gelungenes Bildchen &#8211; &#8220;<i>Ringelpiez mit Anfassen<\/i>&#8221; \u2013 fast mittig die obersten <i>EU-Blondine <\/i>als <i>Quotentante <\/i>oder als <i>Mercosur-Maskottchen<\/i><b>?<\/b><br \/>\n<i>Die EU erhofft sich, durch das heute unterzeichnete Freihandelsabkommen mit dem s\u00fcdamerikani\u00adschen Mercosur einen neuen Markt erschlossen zu haben. Es geht um Wachstum &#8211; und nicht zuletzt darum, China die Stirn zu bieten.<\/i><br \/>\nWelche Stirn wurde da eigentlich gemeint? Es war schlie\u00dflich westliches Kapital, dass die Chinesen Jahrzehnte erbraten durften!<b>\u00a0<\/b><br \/>\nWenn ich daran denke, als ich im Fr\u00fchjahr 1985 in China weilte, sah ich in einer Schanghaier Discothek, massenhaft das Pack, welches man als die k\u00fcnftigen S\u00e4ulen des dortigen Aufschwungs bezeichnen konnte. Allerdings gab es in dem Schuppen doch einen kleinen Unterschied zu einer beliebig \u00e4hnlichen H\u00fctte des hiesigen Cola-Sektors! Fast alle M\u00e4nnchen und Weibchen total aufgedonnert und vergn\u00fcgten sich mit Ges\u00f6ffen, die ansonsten Mick Jagger in einer New Yorker Bar zu sich nahm&#8230;<br \/>\nNoch eine belanglose Frage!<br \/>\n<a href=\"https:\/\/www.tagesschau.de\/wirtschaft\/weltwirtschaft\/faq-mercosur-abkommen-100.html\"><i><b>Was das Mercosur-Abkommen f\u00fcr die Welt bedeutet<\/b><\/i><\/a><br \/>\n<i>25 Jahre haben sie auf diesen Tag hin verhandelt, gerungen, blockiert &#8211; nun soll das Mercosur-Abkommen unterzeichnet werden: Zwischen der EU und den s\u00fcdamerikanischen L\u00e4ndern. EU-Kommissionspr\u00e4sidentin von der Leyen und der brasilianische Pr\u00e4sident Lula sagen, man schreibe Geschichte. Doch nicht alle sehen darin eine gro\u00dfe Chance. <\/i><br \/>\nDazu f\u00e4llt mir auch nur wieder eine Frage ein!<br \/>\nWie viel Milliarden EURONEN wurden in den 25 Jahren eigentlich daf\u00fcr heraus geschmissen<b>?<\/b><br \/>\nEin Ende ist dazu immer noch nicht absehbar<b>!<\/b><br \/>\nNoch \u00b4n Frage, eigentlich neee!<br \/>\n<a href=\"https:\/\/zonenklaus.de\/wordpress\/wp-content\/uploads\/2026\/01\/Screenshot-2110.png\"><img loading=\"lazy\" decoding=\"async\" class=\"size-thumbnail wp-image-44729 alignleft\" src=\"https:\/\/zonenklaus.de\/wordpress\/wp-content\/uploads\/2026\/01\/Screenshot-2110-150x81.png\" alt=\"\" width=\"150\" height=\"81\" srcset=\"https:\/\/zonenklaus.de\/wordpress\/wp-content\/uploads\/2026\/01\/Screenshot-2110-150x81.png 150w, https:\/\/zonenklaus.de\/wordpress\/wp-content\/uploads\/2026\/01\/Screenshot-2110-300x163.png 300w, https:\/\/zonenklaus.de\/wordpress\/wp-content\/uploads\/2026\/01\/Screenshot-2110-1024x556.png 1024w, https:\/\/zonenklaus.de\/wordpress\/wp-content\/uploads\/2026\/01\/Screenshot-2110-768x417.png 768w, https:\/\/zonenklaus.de\/wordpress\/wp-content\/uploads\/2026\/01\/Screenshot-2110-624x339.png 624w, https:\/\/zonenklaus.de\/wordpress\/wp-content\/uploads\/2026\/01\/Screenshot-2110.png 1054w\" sizes=\"auto, (max-width: 150px) 100vw, 150px\" \/><\/a>Weshalb musste eigentlich \u201e<a href=\"https:\/\/www.deutschlandfunk.de\/arno-orzessek-mit-flinten-uschi-auf-dem-minenfeld-des-100.html\">Flinten-Uschi<\/a>\u201c unbedingt <a href=\"https:\/\/www.n-tv.de\/mediathek\/videos\/politik\/Was-das-Mercosur-Abkommen-fuer-die-Welt-bedeutet-id30251901.html\">nach Brasilien jetten,<\/a> wo doch die gesamte <i>Mercosur-Mischpoke<\/i> auch in Br\u00fcssel auftauchen soll&#8230;<br \/>\nFu\u00dfnote zum angek\u00fcndigten europ\u00e4ischen Wachstum!<br \/>\nIn alter Frische etwas von <i>Bert Brecht<\/i>: <b>\u201eNur die d\u00fcmmsten K\u00e4lber w\u00e4hlen ihre Schl\u00e4chter selber\u201c <\/b><\/p>\n","protected":false},"excerpt":{"rendered":"<p>Freihandelsabkommen unterzeichnet &#8211; dazu ein gelungenes Bildchen &#8211; &#8220;Ringelpiez mit Anfassen&#8221; \u2013 fast mittig die obersten EU-Blondine als Quotentante oder als Mercosur-Maskottchen? Die EU erhofft sich, durch das heute unterzeichnete Freihandelsabkommen mit dem s\u00fcdamerikani\u00adschen Mercosur einen neuen Markt erschlossen zu haben. Es geht um Wachstum &#8211; und nicht zuletzt darum, China die Stirn zu bieten. [&hellip;]<\/p>\n","protected":false},"author":6,"featured_media":0,"comment_status":"open","ping_status":"open","sticky":false,"template":"","format":"standard","meta":{"footnotes":""},"categories":[1,55],"tags":[],"class_list":["post-44728","post","type-post","status-publish","format-standard","hentry","category-allgemeines","category-alltaeglicher-wahnwitz"],"_links":{"self":[{"href":"https:\/\/zonenklaus.de\/wordpress\/index.php?rest_route=\/wp\/v2\/posts\/44728","targetHints":{"allow":["GET"]}}],"collection":[{"href":"https:\/\/zonenklaus.de\/wordpress\/index.php?rest_route=\/wp\/v2\/posts"}],"about":[{"href":"https:\/\/zonenklaus.de\/wordpress\/index.php?rest_route=\/wp\/v2\/types\/post"}],"author":[{"embeddable":true,"href":"https:\/\/zonenklaus.de\/wordpress\/index.php?rest_route=\/wp\/v2\/users\/6"}],"replies":[{"embeddable":true,"href":"https:\/\/zonenklaus.de\/wordpress\/index.php?rest_route=%2Fwp%2Fv2%2Fcomments&post=44728"}],"version-history":[{"count":1,"href":"https:\/\/zonenklaus.de\/wordpress\/index.php?rest_route=\/wp\/v2\/posts\/44728\/revisions"}],"predecessor-version":[{"id":44731,"href":"https:\/\/zonenklaus.de\/wordpress\/index.php?rest_route=\/wp\/v2\/posts\/44728\/revisions\/44731"}],"wp:attachment":[{"href":"https:\/\/zonenklaus.de\/wordpress\/index.php?rest_route=%2Fwp%2Fv2%2Fmedia&parent=44728"}],"wp:term":[{"taxonomy":"category","embeddable":true,"href":"https:\/\/zonenklaus.de\/wordpress\/index.php?rest_route=%2Fwp%2Fv2%2Fcategories&post=44728"},{"taxonomy":"post_tag","embeddable":true,"href":"https:\/\/zonenklaus.de\/wordpress\/index.php?rest_route=%2Fwp%2Fv2%2Ftags&post=44728"}],"curies":[{"name":"wp","href":"https:\/\/api.w.org\/{rel}","templated":true}]}}