{"id":44733,"date":"2026-01-22T20:04:19","date_gmt":"2026-01-22T19:04:19","guid":{"rendered":"https:\/\/zonenklaus.de\/wordpress\/?p=44733"},"modified":"2026-01-24T21:04:14","modified_gmt":"2026-01-24T20:04:14","slug":"habe-mir-mal-wieder-ein-neues-muetzchen-genaeht","status":"publish","type":"post","link":"https:\/\/zonenklaus.de\/wordpress\/?p=44733","title":{"rendered":"Habe mir mal wieder ein neues M\u00fctzchen gen\u00e4ht&#8230;"},"content":{"rendered":"<p>Daf\u00fcr bekam ich vor zwei Wochen etwas Stoff geschenkt, mit selbigen K\u00f6pfchen!<br \/>\nMuss zu den verschiedenen Portr\u00e4t von <a href=\"https:\/\/www.flickr.com\/photos\/zonenklaus\/55054292113\/in\/datetaken-public\/\">BRUDER HEIN<\/a> allerdings noch etwas ablassen!<br \/>\nDenn zum entscheidenden Unterschied von beliebigen imagin\u00e4ren G\u00f6ttern, Propheten und extrem selbstverliebten sog. <i>Probierpolitikern<\/i>, ist der nebul\u00f6se Herr mit der Sense f\u00fcr mich der einzige wirkliche Demokrat!<br \/>\nDenn er t\u00e4tigt sein ewig gelungenes Werk wirklich total <i>frei nach der allgemeine Erkl\u00e4rung der Menschenrechte! <\/i><br \/>\nWas deren Verwirklichungen eigentlich bedeuten sollten, habe ich niemals gerafft!<br \/>\nWelche nach den wenigen Jahrzehnten des hoffnungslosen Unterfangen des ehemaligen <i>V\u00f6lker\u00adbundes<\/i> neuerlich ejakuliert wurden. Jene Ansammlung <i>humanistisch<\/i> verkl\u00e4rter <i>Blindscheffs, <\/i>die sich ewig verbalisierend einen von der Palme wedelten, kokettierten dann ab 1948 mit der <i>Allge\u00admeinen Erkl\u00e4rung der Menschenrechte<\/i> und nannten ihren <i>globalen Kleing\u00e4rtnerverein<\/i> pl\u00f6tzlich <b>Vereinte Nationen<\/b>.<br \/>\nHier jenes nicht sagende Ejakulat<b>: <\/b><br \/>\n<strong><b>Artikel 1:<\/b><\/strong><i> <\/i><i>Alle Menschen sind frei und gleich an W\u00fcrde und Rechten geboren. Sie sind mit Vernunft und Gewissen begabt und sollen einander im Geiste der Br\u00fcderlichkeit begegnen.<\/i><br \/>\nWer es glaubte, wurde immer schnell selig!<br \/>\n<strong><span style=\"font-size: medium;\">Artikel 2: <\/span><\/strong><i>Jeder hat Anspruch auf alle in dieser Erkl\u00e4rung verk\u00fcndeten Rechte und Freiheiten, ohne irgendeinen Unterschied, etwa nach Rasse, Hautfarbe, Geschlecht, Sprache, Religion, poli\u00adtischer oder sonstiger Anschauung, nationaler oder sozialer Herkunft, Verm\u00f6gen, Geburt oder sons\u00adtigem Stand.<\/i><br \/>\n<i>Des weiteren darf kein Unterschied gemacht werden auf Grund der politischen, rechtlichen oder internationalen Stellung des Landes oder Gebietes, dem eine Person angeh\u00f6rt, gleichg\u00fcltig ob dieses unabh\u00e4ngig ist, unter Treuhandschaft steht, keine Selbstregierung besitzt oder sonst in seiner Souver\u00e4nit\u00e4t eingeschr\u00e4nkt ist.<\/i><br \/>\nMerkw\u00fcrdig, da es in bundesgermanischen Gefilden doch schon lange keine <i>Rassen<\/i> mehr gibt!<br \/>\nWat is nu eijentlich los?<br \/>\nLorisch!<br \/>\nAllet, wat nich anjebunden is &#8211; aber alle juten Dinge sin DREI!<br \/>\n<b>&#8211; <\/b><a href=\"https:\/\/www.dhm.de\/lemo\/kapitel\/weimarer-republik\/aussenpolitik\/voelkerbund\">V\u00d6LKERBUND<\/a><br \/>\n<b>&#8211;<\/b> <a href=\"https:\/\/dgvn.de\/un-im-ueberblick\">VEREINTE NATIONEN<\/a><br \/>\n<a href=\"https:\/\/zonenklaus.de\/wordpress\/wp-content\/uploads\/2026\/01\/Screenshot-2113-.png\"><img loading=\"lazy\" decoding=\"async\" class=\"size-thumbnail wp-image-44734 alignleft\" src=\"https:\/\/zonenklaus.de\/wordpress\/wp-content\/uploads\/2026\/01\/Screenshot-2113--140x150.png\" alt=\"\" width=\"140\" height=\"150\" srcset=\"https:\/\/zonenklaus.de\/wordpress\/wp-content\/uploads\/2026\/01\/Screenshot-2113--140x150.png 140w, https:\/\/zonenklaus.de\/wordpress\/wp-content\/uploads\/2026\/01\/Screenshot-2113--281x300.png 281w, https:\/\/zonenklaus.de\/wordpress\/wp-content\/uploads\/2026\/01\/Screenshot-2113-.png 413w\" sizes=\"auto, (max-width: 140px) 100vw, 140px\" \/><\/a>&#8211; <a href=\"https:\/\/www.timesofisrael.com\/full-text-charter-of-trumps-board-of-peace\/\">BOARD OF PEACES<\/a><b>:<\/b> <i>Ersetzt dieser Milliarden-Club jetzt die UN<\/i>?<br \/>\n<b>Logo<\/b>, als SelfService f\u00fcr die Trump-Mischpoke u.\u00e4&#8230;<br \/>\nWas die <i>Friedensknechte der UN<\/i> betreffen, fallen mir ewig ganz bestimmte Machenschaften ein&#8230;<br \/>\nVereinte Nationen: <a href=\"https:\/\/www.profil.at\/home\/vereinte-nationen-die-verbrechen-friedenshueter-179561\">Die Verbrechen der Friedensh\u00fcter<\/a><br \/>\nDie unges\u00fchnten <a href=\"https:\/\/www.spiegel.de\/politik\/ausland\/streit-ueber-weltgerichtshof-die-ungesuehnten-sexualstraftaten-der-uno-soldaten-a-204591.html\">Sexualstraftaten der Uno-Soldaten<\/a><br \/>\n<a href=\"https:\/\/www.zeit.de\/gesellschaft\/zeitgeschehen\/2016-02\/zentralafrikanische-republik-un-sexueller-missbrauch-blauhelme\">UN zieht 120 Blauhelme wegen Missbrauchsvorw\u00fcrfen ab<\/a><\/p>\n","protected":false},"excerpt":{"rendered":"<p>Daf\u00fcr bekam ich vor zwei Wochen etwas Stoff geschenkt, mit selbigen K\u00f6pfchen! Muss zu den verschiedenen Portr\u00e4t von BRUDER HEIN allerdings noch etwas ablassen! Denn zum entscheidenden Unterschied von beliebigen imagin\u00e4ren G\u00f6ttern, Propheten und extrem selbstverliebten sog. Probierpolitikern, ist der nebul\u00f6se Herr mit der Sense f\u00fcr mich der einzige wirkliche Demokrat! Denn er t\u00e4tigt sein [&hellip;]<\/p>\n","protected":false},"author":6,"featured_media":0,"comment_status":"open","ping_status":"open","sticky":false,"template":"","format":"standard","meta":{"footnotes":""},"categories":[1,55],"tags":[],"class_list":["post-44733","post","type-post","status-publish","format-standard","hentry","category-allgemeines","category-alltaeglicher-wahnwitz"],"_links":{"self":[{"href":"https:\/\/zonenklaus.de\/wordpress\/index.php?rest_route=\/wp\/v2\/posts\/44733","targetHints":{"allow":["GET"]}}],"collection":[{"href":"https:\/\/zonenklaus.de\/wordpress\/index.php?rest_route=\/wp\/v2\/posts"}],"about":[{"href":"https:\/\/zonenklaus.de\/wordpress\/index.php?rest_route=\/wp\/v2\/types\/post"}],"author":[{"embeddable":true,"href":"https:\/\/zonenklaus.de\/wordpress\/index.php?rest_route=\/wp\/v2\/users\/6"}],"replies":[{"embeddable":true,"href":"https:\/\/zonenklaus.de\/wordpress\/index.php?rest_route=%2Fwp%2Fv2%2Fcomments&post=44733"}],"version-history":[{"count":3,"href":"https:\/\/zonenklaus.de\/wordpress\/index.php?rest_route=\/wp\/v2\/posts\/44733\/revisions"}],"predecessor-version":[{"id":44742,"href":"https:\/\/zonenklaus.de\/wordpress\/index.php?rest_route=\/wp\/v2\/posts\/44733\/revisions\/44742"}],"wp:attachment":[{"href":"https:\/\/zonenklaus.de\/wordpress\/index.php?rest_route=%2Fwp%2Fv2%2Fmedia&parent=44733"}],"wp:term":[{"taxonomy":"category","embeddable":true,"href":"https:\/\/zonenklaus.de\/wordpress\/index.php?rest_route=%2Fwp%2Fv2%2Fcategories&post=44733"},{"taxonomy":"post_tag","embeddable":true,"href":"https:\/\/zonenklaus.de\/wordpress\/index.php?rest_route=%2Fwp%2Fv2%2Ftags&post=44733"}],"curies":[{"name":"wp","href":"https:\/\/api.w.org\/{rel}","templated":true}]}}